{"id":100015,"date":"2016-04-01T12:21:50","date_gmt":"2016-04-01T15:21:50","guid":{"rendered":"http:\/\/www.r2cpress.com.br\/v1\/?p=100015"},"modified":"2016-04-01T12:21:50","modified_gmt":"2016-04-01T15:21:50","slug":"encontro-de-formacao-da-pascom-diocese-de-ilheus-dos-zonais-centro-norte-e-centro-sul","status":"publish","type":"post","link":"https:\/\/www.r2cpress.com.br\/v1\/2016\/04\/01\/encontro-de-formacao-da-pascom-diocese-de-ilheus-dos-zonais-centro-norte-e-centro-sul\/","title":{"rendered":"Encontro de Forma\u00e7\u00e3o da PASCOM \u2013 Diocese de Ilh\u00e9us, dos Zonais Centro Norte e Centro Sul"},"content":{"rendered":"<p style=\"text-align: center;\"><strong><em>\u201cComo Filhos(as) de Deus, somos Chamados a Comunicar com Todos, sem Exclus\u00e3o.\u201d<\/em><\/strong><\/p>\n<p style=\"text-align: center;\"><strong><em>Papa Francisco na Mensagem para o 50\u00ba dia Mundial das Comunica\u00e7\u00f5es<\/em><\/strong><\/p>\n<p>No pr\u00f3ximo dia 10 de abril, acontecer\u00e1 no Sal\u00e3o Paroquial da Igreja Matriz S\u00e3o Jo\u00e3o Batista no Pontal em Ilh\u00e9us, ir\u00e1 acontecer o I Encontro de Forma\u00e7\u00e3o da PASCOM nos Zonais Centro Norte e Centro Sul da Diocese de Ilh\u00e9us. Para este encontro est\u00e3o sendo solicitada a presen\u00e7a de duas per Par\u00f3quia dos respectivos Zonais, que acreditamos j\u00e1 foram escolhidas pelo P\u00e1roco respons\u00e1vel.<\/p>\n<p>&nbsp;<\/p>\n<p>O encontro tem como Tema: <em>\u201cPor Uma Comunica\u00e7\u00e3o Mais Enxuta e Colaborativa\u201d<\/em>, este tema visa fazer com que as Par\u00f3quias se organizem para colaborarem na Comunica\u00e7\u00e3o Diocesana, \u00a0j\u00e1 que o Bispo Dom Mauro tem como planejamento formar a Pastoral da Comunica\u00e7\u00e3o neste ano na Diocese.<\/p>\n<p>&nbsp;<\/p>\n<p>No encontro ser\u00e1 estudado o Manual da Pastoral da Comunica\u00e7\u00e3o que foi elaborado para a CNBB pelo Padre Benedito Spinoza (Im Memoriam) que mostra os princ\u00edpios b\u00e1sicos para a forma\u00e7\u00e3o da Pastoral, assim como os trabalhos que podem ser realizado nas Par\u00f3quias pelos Agentes da PASCOM. A anima\u00e7\u00e3o ficar\u00e1 por conta do \u201cMinist\u00e9rio de M\u00fasica Servir e Adorar\u201d da Par\u00f3quia S\u00e3o Jo\u00e3o Batista.<\/p>\n<p>&nbsp;<\/p>\n<p><strong>Outras informa\u00e7\u00f5es, pelo telefone: (073) 8872-7364 \/ 3633-7094.<\/strong><\/p>\n<p>&nbsp;<\/p>\n<p><strong><em>Textos e Imagens: Paulo Costa \u2013 Assessoria de Comunica\u00e7\u00e3o da Diocese de <\/em><\/strong><\/p>\n","protected":false},"excerpt":{"rendered":"<p>\u201cComo Filhos(as) de Deus, somos Chamados a Comunicar com Todos, sem Exclus\u00e3o.\u201d Papa Francisco na Mensagem para o 50\u00ba dia Mundial das Comunica\u00e7\u00f5es No pr\u00f3ximo dia 10 de abril, acontecer\u00e1 no Sal\u00e3o Paroquial da Igreja Matriz S\u00e3o Jo\u00e3o Batista no Pontal em Ilh\u00e9us, ir\u00e1 acontecer o I Encontro de Forma\u00e7\u00e3o da PASCOM nos Zonais Centro [&hellip;]<\/p>\n","protected":false},"author":2,"featured_media":0,"comment_status":"open","ping_status":"open","sticky":false,"template":"","format":"standard","meta":{"_links_to":"","_links_to_target":""},"categories":[14],"tags":[],"_links":{"self":[{"href":"https:\/\/www.r2cpress.com.br\/v1\/wp-json\/wp\/v2\/posts\/100015"}],"collection":[{"href":"https:\/\/www.r2cpress.com.br\/v1\/wp-json\/wp\/v2\/posts"}],"about":[{"href":"https:\/\/www.r2cpress.com.br\/v1\/wp-json\/wp\/v2\/types\/post"}],"author":[{"embeddable":true,"href":"https:\/\/www.r2cpress.com.br\/v1\/wp-json\/wp\/v2\/users\/2"}],"replies":[{"embeddable":true,"href":"https:\/\/www.r2cpress.com.br\/v1\/wp-json\/wp\/v2\/comments?post=100015"}],"version-history":[{"count":1,"href":"https:\/\/www.r2cpress.com.br\/v1\/wp-json\/wp\/v2\/posts\/100015\/revisions"}],"predecessor-version":[{"id":100016,"href":"https:\/\/www.r2cpress.com.br\/v1\/wp-json\/wp\/v2\/posts\/100015\/revisions\/100016"}],"wp:attachment":[{"href":"https:\/\/www.r2cpress.com.br\/v1\/wp-json\/wp\/v2\/media?parent=100015"}],"wp:term":[{"taxonomy":"category","embeddable":true,"href":"https:\/\/www.r2cpress.com.br\/v1\/wp-json\/wp\/v2\/categories?post=100015"},{"taxonomy":"post_tag","embeddable":true,"href":"https:\/\/www.r2cpress.com.br\/v1\/wp-json\/wp\/v2\/tags?post=100015"}],"curies":[{"name":"wp","href":"https:\/\/api.w.org\/{rel}","templated":true}]}}