{"id":100031,"date":"2016-04-02T20:46:49","date_gmt":"2016-04-02T23:46:49","guid":{"rendered":"http:\/\/www.r2cpress.com.br\/v1\/?p=100031"},"modified":"2016-04-02T20:46:49","modified_gmt":"2016-04-02T23:46:49","slug":"serie-ceplac-revivida","status":"publish","type":"post","link":"https:\/\/www.r2cpress.com.br\/v1\/2016\/04\/02\/serie-ceplac-revivida\/","title":{"rendered":"S\u00c9RIE CEPLAC REVIVIDA"},"content":{"rendered":"<h2 style=\"text-align: center;\"><span style=\"color: #008000;\"><strong>Luiz Ferreira da Silva, 79<\/strong><\/span><\/h2>\n<h2 style=\"text-align: center;\"><span style=\"color: #008000;\"><strong>Pesquisador aposentado<\/strong><\/span><\/h2>\n<h2 style=\"text-align: center;\"><span style=\"color: #008000;\"><strong>luizferreira1937@gmail.com<\/strong><\/span><\/h2>\n<h1 style=\"text-align: center;\"><span style=\"color: #000000;\"><strong>INFORMATIVO I<\/strong><\/span><\/h1>\n<div style=\"width: 310px\" class=\"wp-caption alignleft\"><img loading=\"lazy\" class=\"\" src=\"http:\/\/www.r2cpress.com.br\/v1\/wp-content\/uploads\/2016\/02\/LUIZ-FERREIRA-2016-ARTIGO-CEPLAC.jpg\" alt=\"\" width=\"300\" height=\"378\" \/><p class=\"wp-caption-text\"><strong>LUIZ FERREIRA<\/strong><\/p><\/div>\n<p><strong>Neste espa\u00e7o, iniciamos uma conversa para expor a nossa gratid\u00e3o \u00e0 CEPLAC, Institui\u00e7\u00e3o Agr\u00edcola sem igual no pa\u00eds, aos moldes do Land Grant College, implantado pelo Presidente Roosevelt, em 1930, para desenvolver a zona \u00e1rida do Arizona.<\/strong><\/p>\n<p>Em raz\u00e3o da atual situa\u00e7\u00e3o que ela se encontra, perdendo cada vez mais o seu status no Minist\u00e9rio da Agricultura e a sua profici\u00eancia t\u00e9cnica, os ex-ceplaqueanos, aposentados, com mais de 70 anos, que fizeram carreira e viveram a grandiosidade da CEPLAC, resolveram sair da sua chamada inatividade, acreditando na for\u00e7a de suas palavras, eivadas de trabalho e discernimento.<\/p>\n<p>Via internet, muitos se arregimentaram e tr\u00eas deles (<strong>Luiz Ferreira da Silva, Manoel M. Tourinho e J. Alexandre de Souza Menezes<\/strong>), com a contribui\u00e7\u00e3o de 13 outros, resolveram escrever um livro (<strong>TRIBUTO \u00c0 ANTIGA<\/strong> <strong>CEPLAC, INSTITUI\u00c7\u00c3O AGR\u00cdCOLA \u00daNICA<\/strong>), visando resgatar a magnitude da CEPLAC em tempos idos, na expectativa de consolidar a sua mem\u00f3ria para as novas gera\u00e7\u00f5es.<\/p>\n<p>O livro j\u00e1 est\u00e1 em processo de diagrama\u00e7\u00e3o na Scortecci\/Editora (SP) e, provavelmente, em disponibilidade no in\u00edcio de junho. De posse da obra, os \u201cvelhinhos\u201d v\u00e3o promover um <strong>ENCONTRO<\/strong> em Salvador, bem como lan\u00e7ar a obra nas regi\u00f5es cacaueiras em forma de palestras.<\/p>\n<p>Eis, como aperitivo a capa em 3D. E, para se ter uma ideia do seu conte\u00fado, o Sum\u00e1rio.<\/p>\n<p>&nbsp;<\/p>\n<div id=\"attachment_100032\" style=\"width: 430px\" class=\"wp-caption aligncenter\"><a href=\"http:\/\/www.r2cpress.com.br\/v1\/wp-content\/uploads\/2016\/04\/TRIBUTO-\u00c0-ANTIGA-CEPLAC-LIVRO-LUIZ-FERREIRA.jpg\"><img aria-describedby=\"caption-attachment-100032\" loading=\"lazy\" class=\"size-full wp-image-100032\" src=\"http:\/\/www.r2cpress.com.br\/v1\/wp-content\/uploads\/2016\/04\/TRIBUTO-\u00c0-ANTIGA-CEPLAC-LIVRO-LUIZ-FERREIRA.jpg\" alt=\"LF\" width=\"420\" height=\"421\" srcset=\"https:\/\/www.r2cpress.com.br\/v1\/wp-content\/uploads\/2016\/04\/TRIBUTO-\u00c0-ANTIGA-CEPLAC-LIVRO-LUIZ-FERREIRA.jpg 420w, https:\/\/www.r2cpress.com.br\/v1\/wp-content\/uploads\/2016\/04\/TRIBUTO-\u00c0-ANTIGA-CEPLAC-LIVRO-LUIZ-FERREIRA-150x150.jpg 150w, https:\/\/www.r2cpress.com.br\/v1\/wp-content\/uploads\/2016\/04\/TRIBUTO-\u00c0-ANTIGA-CEPLAC-LIVRO-LUIZ-FERREIRA-300x300.jpg 300w\" sizes=\"(max-width: 420px) 100vw, 420px\" \/><\/a><p id=\"caption-attachment-100032\" class=\"wp-caption-text\">LF<\/p><\/div>\n<h2 style=\"text-align: center;\"><span style=\"color: #000000;\"><strong>CONTE\u00daDO (SUM\u00c1RIO)<\/strong><\/span><\/h2>\n<h2 style=\"text-align: center;\"><span style=\"color: #000000;\">POR QUE ESCREVEMOS ESTE LIVRO?<\/span><\/h2>\n<p style=\"text-align: center;\">Cap\u00edtulo I.\u00a0\u00a0\u00a0\u00a0 A CEPLAC QUE NOS FORMOU<\/p>\n<p style=\"text-align: center;\">\n<p style=\"text-align: center;\">Cap\u00edtulo II.\u00a0\u00a0\u00a0 UM MODELO SUI GENERIS<\/p>\n<p style=\"text-align: center;\">\n<p style=\"text-align: center;\">Cap\u00edtulo III.\u00a0\u00a0 CRIATIVAS ESTRAT\u00c9GIAS DE A\u00c7\u00c3O<\/p>\n<p style=\"text-align: center;\">\n<p style=\"text-align: center;\">Cap\u00edtulo IV.\u00a0\u00a0 O PROCACAU<\/p>\n<p style=\"text-align: center;\">\n<p style=\"text-align: center;\">Cap\u00edtulo V.\u00a0\u00a0\u00a0 A DIVERSIFICAC\u00c3O DA ECONOMIA CACAUEIRA<\/p>\n<p style=\"text-align: center;\">\n<p style=\"text-align: center;\">\u00a0Cap\u00edtulo VI.\u00a0\u00a0 RESULTADOS ALCAN\u00c7ADOS<\/p>\n<p style=\"text-align: center;\">\n<p style=\"text-align: center;\">Cap\u00edtulo VII.\u00a0 A VASSOURA DE BRUXA<\/p>\n<p style=\"text-align: center;\">\n<p style=\"text-align: center;\">Cap\u00edtulo VIII. A OMISS\u00c3O DA SOCIEDADE CACAUEIRA<\/p>\n<p style=\"text-align: center;\">\n<p style=\"text-align: center;\">Cap\u00edtulo IX.\u00a0\u00a0 OS PIONEIROS QUE PLANTARAM E SE ENCANTARAM<\/p>\n<p style=\"text-align: center;\">\n<p style=\"text-align: center;\">Cap\u00edtulo X. O QUE A CEPLAC FOI IMPORTANTE NA MINHA VIDA?<\/p>\n<p style=\"text-align: center;\">\n<p style=\"text-align: center;\">\u00a0Cap\u00edtulo XI. CEPLAC, ANO 2016<\/p>\n<p style=\"text-align: center;\">\n<p style=\"text-align: center;\">Cap\u00edtulo XII. REVITALIZA\u00c7\u00c3O DA CEPLAC<\/p>\n<p style=\"text-align: center;\">\n<p style=\"text-align: center;\">Cap\u00edtulo XIII. O NOVO REPENSAR<\/p>\n<p style=\"text-align: center;\">\n<p style=\"text-align: center;\">Cap\u00edtulo XIV. CONCLUS\u00d5ES<\/p>\n<p style=\"text-align: center;\">\n<p style=\"text-align: center;\">REFER\u00caNCIAS BIBLIOGR\u00c1FICAS.<\/p>\n","protected":false},"excerpt":{"rendered":"<p>Luiz Ferreira da Silva, 79 Pesquisador aposentado luizferreira1937@gmail.com INFORMATIVO I Neste espa\u00e7o, iniciamos uma conversa para expor a nossa gratid\u00e3o \u00e0 CEPLAC, Institui\u00e7\u00e3o Agr\u00edcola sem igual no pa\u00eds, aos moldes do Land Grant College, implantado pelo Presidente Roosevelt, em 1930, para desenvolver a zona \u00e1rida do Arizona. Em raz\u00e3o da atual situa\u00e7\u00e3o que ela se [&hellip;]<\/p>\n","protected":false},"author":2,"featured_media":0,"comment_status":"open","ping_status":"open","sticky":false,"template":"","format":"standard","meta":{"_links_to":"","_links_to_target":""},"categories":[3,10],"tags":[],"_links":{"self":[{"href":"https:\/\/www.r2cpress.com.br\/v1\/wp-json\/wp\/v2\/posts\/100031"}],"collection":[{"href":"https:\/\/www.r2cpress.com.br\/v1\/wp-json\/wp\/v2\/posts"}],"about":[{"href":"https:\/\/www.r2cpress.com.br\/v1\/wp-json\/wp\/v2\/types\/post"}],"author":[{"embeddable":true,"href":"https:\/\/www.r2cpress.com.br\/v1\/wp-json\/wp\/v2\/users\/2"}],"replies":[{"embeddable":true,"href":"https:\/\/www.r2cpress.com.br\/v1\/wp-json\/wp\/v2\/comments?post=100031"}],"version-history":[{"count":2,"href":"https:\/\/www.r2cpress.com.br\/v1\/wp-json\/wp\/v2\/posts\/100031\/revisions"}],"predecessor-version":[{"id":100034,"href":"https:\/\/www.r2cpress.com.br\/v1\/wp-json\/wp\/v2\/posts\/100031\/revisions\/100034"}],"wp:attachment":[{"href":"https:\/\/www.r2cpress.com.br\/v1\/wp-json\/wp\/v2\/media?parent=100031"}],"wp:term":[{"taxonomy":"category","embeddable":true,"href":"https:\/\/www.r2cpress.com.br\/v1\/wp-json\/wp\/v2\/categories?post=100031"},{"taxonomy":"post_tag","embeddable":true,"href":"https:\/\/www.r2cpress.com.br\/v1\/wp-json\/wp\/v2\/tags?post=100031"}],"curies":[{"name":"wp","href":"https:\/\/api.w.org\/{rel}","templated":true}]}}