{"id":100100,"date":"2016-04-06T19:20:01","date_gmt":"2016-04-06T22:20:01","guid":{"rendered":"http:\/\/www.r2cpress.com.br\/v1\/?p=100100"},"modified":"2016-04-06T19:20:01","modified_gmt":"2016-04-06T22:20:01","slug":"prefeito-de-ilheus-decreta-luto-pela-morte-da-comendadora-maria-dolores-vieira-passos","status":"publish","type":"post","link":"https:\/\/www.r2cpress.com.br\/v1\/2016\/04\/06\/prefeito-de-ilheus-decreta-luto-pela-morte-da-comendadora-maria-dolores-vieira-passos\/","title":{"rendered":"Prefeito de Ilh\u00e9us decreta luto pela morte da comendadora Maria Dolores Vieira Passos"},"content":{"rendered":"<p><div id=\"attachment_100102\" style=\"width: 310px\" class=\"wp-caption alignright\"><a href=\"http:\/\/www.r2cpress.com.br\/v1\/wp-content\/uploads\/2016\/04\/A-comendadora-Maria-Dolores-Vieira-Passos.jpg\"><img aria-describedby=\"caption-attachment-100102\" loading=\"lazy\" src=\"http:\/\/www.r2cpress.com.br\/v1\/wp-content\/uploads\/2016\/04\/A-comendadora-Maria-Dolores-Vieira-Passos.jpg\" alt=\"A comendadora Maria Dolores Vieira Passos\" width=\"300\" height=\"367\" class=\"size-full wp-image-100102\" srcset=\"https:\/\/www.r2cpress.com.br\/v1\/wp-content\/uploads\/2016\/04\/A-comendadora-Maria-Dolores-Vieira-Passos.jpg 300w, https:\/\/www.r2cpress.com.br\/v1\/wp-content\/uploads\/2016\/04\/A-comendadora-Maria-Dolores-Vieira-Passos-245x300.jpg 245w\" sizes=\"(max-width: 300px) 100vw, 300px\" \/><\/a><p id=\"caption-attachment-100102\" class=\"wp-caption-text\">A comendadora Maria Dolores Vieira Passos<\/p><\/div>O prefeito de Ilh\u00e9us, Jabes Ribeiro, decretou nesta quarta-feira, 6, luto oficial de tr\u00eas dias pela morte da comendadora Maria Dolores Vieira Passos, ocorrida na noite de ter\u00e7a-feira, 5 de abril, aos 94 anos. Dona Dolores, como era conhecida, nascida no dia 21 de agosto de 1921, foi sepultada na tarde de hoje, no Cemit\u00e9rio da Vit\u00f3ria.<\/p>\n<p>Professora da rede p\u00fablica por mais de 40 anos, ensinou por d\u00e9cadas no Col\u00e9gio Estadual Estado do Cear\u00e1, no bairro Malhado. Ap\u00f3s sua aposentadoria, ingressou no ramo do ensino privado, tendo dirigido a Escola Castro Alves. Durante sua vida dedicada \u00e0 educa\u00e7\u00e3o, lecionou para uma gera\u00e7\u00e3o de ilheenses, entre eles, o professor Soane Nazar\u00e9 de Andrade \u2013 um dos fundadores da Federa\u00e7\u00e3o das Escolas Superiores de Ilh\u00e9us e Itabuna (Fespi), hoje UESC &#8211; que afirma t\u00ea-la como sua primeira professora.<\/p>\n<p>Pelos seus servi\u00e7os prestados \u00e0 comunidade ilheense, Maria Dolores Vieira Passos foi agraciada com a Comenda do M\u00e9rito de S\u00e3o Jorge dos Ilh\u00e9us, a maior honraria outorgada pelo Munic\u00edpio, em mandato anterior do prefeito Jabes Ribeiro.<\/p>\n","protected":false},"excerpt":{"rendered":"<p>O prefeito de Ilh\u00e9us, Jabes Ribeiro, decretou nesta quarta-feira, 6, luto oficial de tr\u00eas dias pela morte da comendadora Maria Dolores Vieira Passos, ocorrida na noite de ter\u00e7a-feira, 5 de abril, aos 94 anos. Dona Dolores, como era conhecida, nascida no dia 21 de agosto de 1921, foi sepultada na tarde de hoje, no Cemit\u00e9rio [&hellip;]<\/p>\n","protected":false},"author":2,"featured_media":0,"comment_status":"open","ping_status":"open","sticky":false,"template":"","format":"standard","meta":{"_links_to":"","_links_to_target":""},"categories":[23],"tags":[],"_links":{"self":[{"href":"https:\/\/www.r2cpress.com.br\/v1\/wp-json\/wp\/v2\/posts\/100100"}],"collection":[{"href":"https:\/\/www.r2cpress.com.br\/v1\/wp-json\/wp\/v2\/posts"}],"about":[{"href":"https:\/\/www.r2cpress.com.br\/v1\/wp-json\/wp\/v2\/types\/post"}],"author":[{"embeddable":true,"href":"https:\/\/www.r2cpress.com.br\/v1\/wp-json\/wp\/v2\/users\/2"}],"replies":[{"embeddable":true,"href":"https:\/\/www.r2cpress.com.br\/v1\/wp-json\/wp\/v2\/comments?post=100100"}],"version-history":[{"count":2,"href":"https:\/\/www.r2cpress.com.br\/v1\/wp-json\/wp\/v2\/posts\/100100\/revisions"}],"predecessor-version":[{"id":100103,"href":"https:\/\/www.r2cpress.com.br\/v1\/wp-json\/wp\/v2\/posts\/100100\/revisions\/100103"}],"wp:attachment":[{"href":"https:\/\/www.r2cpress.com.br\/v1\/wp-json\/wp\/v2\/media?parent=100100"}],"wp:term":[{"taxonomy":"category","embeddable":true,"href":"https:\/\/www.r2cpress.com.br\/v1\/wp-json\/wp\/v2\/categories?post=100100"},{"taxonomy":"post_tag","embeddable":true,"href":"https:\/\/www.r2cpress.com.br\/v1\/wp-json\/wp\/v2\/tags?post=100100"}],"curies":[{"name":"wp","href":"https:\/\/api.w.org\/{rel}","templated":true}]}}