{"id":100240,"date":"2016-04-12T09:46:46","date_gmt":"2016-04-12T12:46:46","guid":{"rendered":"http:\/\/www.r2cpress.com.br\/v1\/?p=100240"},"modified":"2016-04-12T14:11:23","modified_gmt":"2016-04-12T17:11:23","slug":"nota-de-falecimento-81","status":"publish","type":"post","link":"https:\/\/www.r2cpress.com.br\/v1\/2016\/04\/12\/nota-de-falecimento-81\/","title":{"rendered":"Nota de Falecimento"},"content":{"rendered":"<p style=\"text-align: center;\"><strong>Noticiamos, com pesar, \u00a0o falecimento de J\u00e9ferson\u00a0Gon\u00e7alves de Oliveira conhecid\u00edssimos como <span style=\"text-decoration: underline;\">PADRE<\/span>.<\/strong><\/p>\n<p style=\"text-align: center;\"><strong>Atleta com um passado de muitas gl\u00f3rias, t\u00edtulos e vit\u00f3rias.<\/strong><\/p>\n<p style=\"text-align: center;\"><strong>O vel\u00f3rio est\u00e1 sendo na cidade nova ao lado do f\u00f3rum.<\/strong><\/p>\n<div id=\"attachment_100243\" style=\"width: 610px\" class=\"wp-caption aligncenter\"><a href=\"http:\/\/www.r2cpress.com.br\/v1\/wp-content\/uploads\/2016\/04\/TIME-DO-ILH\u00c9US-1970.jpg\"><img aria-describedby=\"caption-attachment-100243\" loading=\"lazy\" class=\"size-full wp-image-100243\" src=\"http:\/\/www.r2cpress.com.br\/v1\/wp-content\/uploads\/2016\/04\/TIME-DO-ILH\u00c9US-1970.jpg\" alt=\"Padre. Quem souber escale!!!\" width=\"600\" height=\"359\" srcset=\"https:\/\/www.r2cpress.com.br\/v1\/wp-content\/uploads\/2016\/04\/TIME-DO-ILH\u00c9US-1970.jpg 600w, https:\/\/www.r2cpress.com.br\/v1\/wp-content\/uploads\/2016\/04\/TIME-DO-ILH\u00c9US-1970-300x179.jpg 300w\" sizes=\"(max-width: 600px) 100vw, 600px\" \/><\/a><p id=\"caption-attachment-100243\" class=\"wp-caption-text\">Padre. Quem souber escale!!!<\/p><\/div>\n<h2 style=\"text-align: center;\"><span style=\"color: #000000;\"><strong>Descanse em paz, meu craque!.<\/strong><\/span><\/h2>\n<h2 style=\"text-align: center;\"><span style=\"color: #000000;\"><strong>SEPULTAMENTO \u00c0S 17 HORAS NA VIT\u00d3RIA\u00a0<\/strong><\/span><\/h2>\n<p><span style=\"color: #000000;\"><strong>Para ver mais fotos do esporte de Ilh\u00e9us (antigo) clique <a style=\"color: #000000;\" href=\"https:\/\/picasaweb.google.com\/103663298022228975452\/ESPORTEDEILHUSFOTOSANTIGAS#\" target=\"_news\">AQUI<\/a><\/strong><\/span><\/p>\n","protected":false},"excerpt":{"rendered":"<p>Noticiamos, com pesar, \u00a0o falecimento de J\u00e9ferson\u00a0Gon\u00e7alves de Oliveira conhecid\u00edssimos como PADRE. Atleta com um passado de muitas gl\u00f3rias, t\u00edtulos e vit\u00f3rias. O vel\u00f3rio est\u00e1 sendo na cidade nova ao lado do f\u00f3rum. Descanse em paz, meu craque!. SEPULTAMENTO \u00c0S 17 HORAS NA VIT\u00d3RIA\u00a0 Para ver mais fotos do esporte de Ilh\u00e9us (antigo) clique AQUI<\/p>\n","protected":false},"author":2,"featured_media":0,"comment_status":"open","ping_status":"open","sticky":false,"template":"","format":"standard","meta":{"_links_to":"","_links_to_target":""},"categories":[21],"tags":[],"_links":{"self":[{"href":"https:\/\/www.r2cpress.com.br\/v1\/wp-json\/wp\/v2\/posts\/100240"}],"collection":[{"href":"https:\/\/www.r2cpress.com.br\/v1\/wp-json\/wp\/v2\/posts"}],"about":[{"href":"https:\/\/www.r2cpress.com.br\/v1\/wp-json\/wp\/v2\/types\/post"}],"author":[{"embeddable":true,"href":"https:\/\/www.r2cpress.com.br\/v1\/wp-json\/wp\/v2\/users\/2"}],"replies":[{"embeddable":true,"href":"https:\/\/www.r2cpress.com.br\/v1\/wp-json\/wp\/v2\/comments?post=100240"}],"version-history":[{"count":6,"href":"https:\/\/www.r2cpress.com.br\/v1\/wp-json\/wp\/v2\/posts\/100240\/revisions"}],"predecessor-version":[{"id":100250,"href":"https:\/\/www.r2cpress.com.br\/v1\/wp-json\/wp\/v2\/posts\/100240\/revisions\/100250"}],"wp:attachment":[{"href":"https:\/\/www.r2cpress.com.br\/v1\/wp-json\/wp\/v2\/media?parent=100240"}],"wp:term":[{"taxonomy":"category","embeddable":true,"href":"https:\/\/www.r2cpress.com.br\/v1\/wp-json\/wp\/v2\/categories?post=100240"},{"taxonomy":"post_tag","embeddable":true,"href":"https:\/\/www.r2cpress.com.br\/v1\/wp-json\/wp\/v2\/tags?post=100240"}],"curies":[{"name":"wp","href":"https:\/\/api.w.org\/{rel}","templated":true}]}}