{"id":10028,"date":"2011-03-05T23:06:36","date_gmt":"2011-03-06T02:06:36","guid":{"rendered":"http:\/\/www.r2cpress.com.br\/v1\/?p=10028"},"modified":"2011-03-05T23:06:36","modified_gmt":"2011-03-06T02:06:36","slug":"augusto-pinheiro-lopes-em-retalhos","status":"publish","type":"post","link":"https:\/\/www.r2cpress.com.br\/v1\/2011\/03\/05\/augusto-pinheiro-lopes-em-retalhos\/","title":{"rendered":"Augusto Pinheiro Lopes em: RETALHOS"},"content":{"rendered":"<p><img ALIGN = \"RIGHT\" SRC = \"http:\/\/www.r2cpress.com.br\/v1\/wp-content\/uploads\/augusto_pineiro_lopes_nova_azul1.jpg\"\/><strong>Gente Querida<\/strong><br \/>\nOs Blogs neste m\u00eas de fevereiro e inicio de mar\u00e7o, publicaram o passamento de personalidades querida e amada de nossa cidade de S\u00e3o Jorge dos Ilhe\u00f3s.<\/p>\n<p>Quero destacar duas pessoas que convivi por mais de 50 anos e que fizeram hist\u00f3ria em nossa cidade, que foram Paulo Cuminho, cujo desastre o colocou numa cadeira de rodas ainda em plena juventude, rec\u00e9m casado, quando um motorista o atropelou, deixando-o parapl\u00e9gico. Um grande goleiro e colega de Copercacau.<\/p>\n<p>O outro foi Xuvinha, uma figura mais que amada e querida por todos que o conheceu, com sua forma \u00fanica de se paramentar, com muito batom, p\u00f3 de arroz e o cabelo passado a ferro e depois passou a usar uma peruca.<\/p>\n<p>\u00d4xente bicho, voc\u00ea estava pensando que eu ia falar de quem?<\/p>\n<p>\u00c9 gente da gente tamb\u00e9m.<\/p>\n<p><strong>Ilh\u00e9us Amada<\/strong><\/p>\n<p><!--more--><\/p>\n<p>J\u00e1 falamos das belezas naturais desta Princesinha do Sul, onde o Oceano Atl\u00e2ntico derrama suas ondas suavemente e o Sol brilha o ano inteiro?<\/p>\n<p>J\u00e1 falamos da Lagoa Encantada de \u00e1guas escura e grandes cachoeiras, deleite do turista visitor?<\/p>\n<p>J\u00e1 falamos da Vila de Oliven\u00e7a, onde mora o caboclo e em cuja Instancia Hidromineral de Tororomba, corre \u00e1guas medicinais?<\/p>\n<p>J\u00e1 falamos da Vila de Rio do Engenho, em cuja localidade fica uma das Igrejas mais antigas do Brasil?<\/p>\n<p>J\u00e1 falamos do Bar e Restaurante Ves\u00favio, ponte de encontro da sociedade Ilheense, cantado em prosas e versos pelos nossos poetas e escritores, com destaque para Jorge Amado, que o descreveu em Gabriela, Cravo e Canela?<\/p>\n<p>J\u00e1 falamos do sorvete da Sorveteria Ponto Chic, onde sorver um sorvete na casquinha \u00e9 ter v\u00e1rios orgasmos tamanha delicia? Tem gente que revira os olhos. Preste aten\u00e7\u00e3o!<\/p>\n<p>J\u00e1 falamos dos pontos tur\u00edsticos, tais como Catedral de S\u00e3o Sebasti\u00e3o, Cine Teatro Ilhe\u00f3s, Quarteir\u00e3o Jorge Amado, Casa dos Artistas, Igreja de S\u00e3o Jorge, Palacete Misael Tavares, onde funciona uma das mais tradicionais Loja Ma\u00e7\u00f4nica de Ilh\u00e9us, Pal\u00e1cio Paranagu\u00e1, sede do Governo Municipal, Pr\u00e9dio da Associa\u00e7\u00e3o Comercial de Ilh\u00e9us, Igreja Nossa Senhora das Vit\u00f3rias e tantos outros atrativos?<\/p>\n<p>J\u00e1 convidei voc\u00ea a vir a Ilh\u00e9us passar suas f\u00e9rias e deliciar-se da culin\u00e1ria local?<\/p>\n<p> Venha que voc\u00ea n\u00e3o vai se arrepender.<\/p>\n<p>Ilh\u00e9us \u00e9 demais!<\/p>\n<p>Eu AMO Ilh\u00e9us.<\/p>\n<p><strong>Carnaval<\/strong><br \/>\nEstamos em pleno carnaval e n\u00e3o queremos falar coisas desagrad\u00e1veis para n\u00e3o parecer que estamos fazendo pol\u00edtica rasteira, mas, o foli\u00e3o momesco merece coisa melhor.<\/p>\n<p><strong>Al\u00f4 Para<\/strong><br \/>\nGuido Paternostro(Bar Ves\u00favio), Paulo Sete Flexa (Assessor Parlamentar) tamb\u00e9m conhecido como Boca de Minhoca, Gilmar Borges (Casa da Seguran\u00e7a), Job Ver\u00edssimo(Jornal do Radialista) esse eu conhe\u00e7o do tempo do Supermercado Messias da dois de Julho, Dagoberto, Elias Reis (Hist\u00f3ria eletr\u00f4nica), Guy Val\u00e9rio (Sarrafo), Cl\u00e9lio Fidelis (Advogado, meu Professor, M\u00fasico, Empres\u00e1rio, escritor, compositor e nas horas vagas contador de est\u00f3rias), Eduardo Lima (Mal\u00eal\u00ea Coc\u00f4) Diretor do Sindicato dos Comerci\u00e1rios de Ilh\u00e9us, Marcos Sodr\u00e9 (inaugurando nova loja de inform\u00e1tica) e seu fiel escudeiro NEG\u00c3O, gente fina, Luis Castro (Decolores) nas horas vagas \u00e9 padre, bispo, cardeal e se o papa bobear perde a boquinha, Vandeco (Funer\u00e1ria S\u00e3o Jorge), Zezito Rico (Pra\u00e7a da Prefeitura), Oberto (Boca de Borracha), Edvaldo (Anum), Luis Soares (Contador do Setor de tributos da Prefeitura),  Marcos Penna (Contador), Artur Serafim ( o sujeito mais mentiroso do Malhado), Chafique (linha de frente do Setor de tributos da Prefeitura), Albino (grande desenhista), Marivaldo Moreno ( velhinho fogoso), Cunha (Contador), Manequinha e Tinho (os irm\u00e3os rei do futebol), Coquita (jogou um bol\u00e3o, agora joga um cop\u00e3o), Orlando (SUCAN, n\u00e3o esqueci n\u00e3o viu cabra), Altamirando (Mirinho advogado), Geraldo Borborema(Presidente do Sindicato dos Estivadores de Ilh\u00e9us), Jairo (empres\u00e1rio do setor de combust\u00edvel), Luis Morais ( pense numa pessoa gente fina), M\u00e1rio Amorim (Presidente do Partido dos Trabalhadores de Ilh\u00e9us e gente fina da EMBASA), Paulo Carqueja ( vereador PT sauda\u00e7\u00f5es), Ednei Mendon\u00e7a (Secret\u00e1rio Estadual da Educa\u00e7\u00e3o de Ilh\u00e9us).<\/p>\n<p>Tem mais.<\/p>\n<p><strong>Para meditar<\/strong><br \/>\nVale mais amigos na pra\u00e7a que dinheiro em caixa. (dito popular).<\/p>\n<p>Procure manter seus amigos pr\u00f3ximos, para que pelo menos quatro se apresente para segurar na al\u00e7a do caix\u00e3o.<\/p>\n<p>Essa foi de arrepiar.<\/p>\n<p>Que DEUS aben\u00e7oe a todos.<\/p>\n<p>N\u00e3o esque\u00e7am a ora\u00e7\u00e3o que o MESTRE nos ensinou.<\/p>\n<p>Fa\u00e7a-a ao acordar e ao deitar.<\/p>\n<p><strong>PAI NOSSO<\/strong><br \/>\nPai Nosso, que estais no C\u00e9u<br \/>\nSantificado seja o Vosso Nome<br \/>\nVenha a n\u00f3s o Vosso Reino<br \/>\nSeja feita a Vossa Vontade,<br \/>\nAssim na Terra como no C\u00e9u<br \/>\nO P\u00e3o-Nosso de cada dia nos da\u00ed hoje<br \/>\nPerdoai-nos as nossas ofensas<br \/>\nAssim como n\u00f3s perdoamos a<br \/>\nQuem nos tem ofendido<br \/>\nE n\u00e3o nos deixeis cair em tenta\u00e7\u00e3o<br \/>\nMas livrai-nos do Mal.<br \/>\n                                                Am\u00e9m<\/p>\n<p><em>N\u00e3o esque\u00e7am de reverenciar Maria a M\u00c3E de JESUS e tamb\u00e9m nossa m\u00e3e.<\/em><\/p>\n<p><strong>AVE MARIA<\/strong><br \/>\nAve-Maria, cheia de gra\u00e7a!<br \/>\nO Senhor \u00e9 convosco<br \/>\nBendita sois v\u00f3is entre as mulheres<br \/>\nE Bendito \u00e9 o Fruto do vosso ventre, Jesus<br \/>\nSanta Maria M\u00e3e de Deus,<br \/>\nRogai por n\u00f3s os pecadores<br \/>\nAgora e na hora de nossa morte.<br \/>\nAm\u00e9m<br \/>\nAugusto Pinheiro Lopes<\/p>\n<p><strong>Lembrei de um ensinamento!<\/strong><\/p>\n<p>Tr\u00eas coisas importantes na vida do homem:<br \/>\nA fam\u00edlia<br \/>\nA profiss\u00e3o (trabalho)<br \/>\nA religi\u00e3o<\/p>\n<p>A fam\u00edlia para que o homem n\u00e3o viva s\u00f3.<br \/>\nA profiss\u00e3o para que o homem possa trabalhar para alimentar sua fam\u00edlia.<br \/>\nA religi\u00e3o para que o homem fique sempre pr\u00f3ximo de DEUS.<\/p>\n<p>O homem sem fam\u00edlia, trabalho e religi\u00e3o \u00e9 bicho maligno.<\/p>\n","protected":false},"excerpt":{"rendered":"<p>Gente Querida Os Blogs neste m\u00eas de fevereiro e inicio de mar\u00e7o, publicaram o passamento de personalidades querida e amada de nossa cidade de S\u00e3o Jorge dos Ilhe\u00f3s. Quero destacar duas pessoas que convivi por mais de 50 anos e que fizeram hist\u00f3ria em nossa cidade, que foram Paulo Cuminho, cujo desastre o colocou numa [&hellip;]<\/p>\n","protected":false},"author":2,"featured_media":0,"comment_status":"open","ping_status":"open","sticky":false,"template":"","format":"standard","meta":{"_links_to":"","_links_to_target":""},"categories":[10],"tags":[],"_links":{"self":[{"href":"https:\/\/www.r2cpress.com.br\/v1\/wp-json\/wp\/v2\/posts\/10028"}],"collection":[{"href":"https:\/\/www.r2cpress.com.br\/v1\/wp-json\/wp\/v2\/posts"}],"about":[{"href":"https:\/\/www.r2cpress.com.br\/v1\/wp-json\/wp\/v2\/types\/post"}],"author":[{"embeddable":true,"href":"https:\/\/www.r2cpress.com.br\/v1\/wp-json\/wp\/v2\/users\/2"}],"replies":[{"embeddable":true,"href":"https:\/\/www.r2cpress.com.br\/v1\/wp-json\/wp\/v2\/comments?post=10028"}],"version-history":[{"count":2,"href":"https:\/\/www.r2cpress.com.br\/v1\/wp-json\/wp\/v2\/posts\/10028\/revisions"}],"predecessor-version":[{"id":10030,"href":"https:\/\/www.r2cpress.com.br\/v1\/wp-json\/wp\/v2\/posts\/10028\/revisions\/10030"}],"wp:attachment":[{"href":"https:\/\/www.r2cpress.com.br\/v1\/wp-json\/wp\/v2\/media?parent=10028"}],"wp:term":[{"taxonomy":"category","embeddable":true,"href":"https:\/\/www.r2cpress.com.br\/v1\/wp-json\/wp\/v2\/categories?post=10028"},{"taxonomy":"post_tag","embeddable":true,"href":"https:\/\/www.r2cpress.com.br\/v1\/wp-json\/wp\/v2\/tags?post=10028"}],"curies":[{"name":"wp","href":"https:\/\/api.w.org\/{rel}","templated":true}]}}