{"id":100602,"date":"2016-04-28T15:08:29","date_gmt":"2016-04-28T18:08:29","guid":{"rendered":"http:\/\/www.r2cpress.com.br\/v1\/?p=100602"},"modified":"2016-04-28T15:08:29","modified_gmt":"2016-04-28T18:08:29","slug":"ipac-apoia-comando-da-policia-militar-em-salvador-e-interior-do-estado","status":"publish","type":"post","link":"https:\/\/www.r2cpress.com.br\/v1\/2016\/04\/28\/ipac-apoia-comando-da-policia-militar-em-salvador-e-interior-do-estado\/","title":{"rendered":"IPAC apoia Comando da Pol\u00edcia Militar em Salvador e interior do estado"},"content":{"rendered":"<p><div id=\"attachment_100603\" style=\"width: 310px\" class=\"wp-caption alignleft\"><a href=\"http:\/\/www.r2cpress.com.br\/v1\/wp-content\/uploads\/2016\/04\/IPAC_PM_BY-Jefferson-Vieira.jpg\"><img aria-describedby=\"caption-attachment-100603\" loading=\"lazy\" src=\"http:\/\/www.r2cpress.com.br\/v1\/wp-content\/uploads\/2016\/04\/IPAC_PM_BY-Jefferson-Vieira.jpg\" alt=\"IPAC_PM_BY Jefferson Vieira\" width=\"300\" height=\"230\" class=\"size-full wp-image-100603\" \/><\/a><p id=\"caption-attachment-100603\" class=\"wp-caption-text\">IPAC_PM_BY Jefferson Vieira<\/p><\/div>O Instituto do Patrim\u00f4nio Art\u00edstico e Cultural da Bahia (IPAC) est\u00e1 desenvolvendo uma parceria para apoiar as estrat\u00e9gias de atua\u00e7\u00e3o do Comando Geral da Pol\u00edcia Militar (PM) na capital e interior do estado. O IPAC det\u00e9m im\u00f3veis em Salvador, Len\u00e7\u00f3is e Cachoeira que podem ser disponibilizados para a PM instalar corpora\u00e7\u00f5es, postos avan\u00e7ados e sistemas de monitoramento de seguran\u00e7a. &#8220;Al\u00e9m disso, desejamos incluir a restaura\u00e7\u00e3o do pr\u00e9dio da sede da PM, o Quartel dos Aflitos, em um grande projeto de reforma do complexo arquitet\u00f4nico-hist\u00f3rico do Passeio P\u00fablico, Pal\u00e1cio da Aclama\u00e7\u00e3o e o quartel, via Lei Rouanet&#8221;, adianta o diretor geral do IPAC, Jo\u00e3o Carlos de Oliveira.<\/p>\n<p>O comandante geral da PM\/Ba, o coronel PM Anselmo Brand\u00e3o, j\u00e1 realizou tr\u00eas reuni\u00f5es com o diretor e a equipe t\u00e9cnica do IPAC. Duas ocorreram na sede do comando da PM, nos Aflitos. No \u00faltimo dia 20 (abril\/2016), o comandante Anselmo visitou a sede do IPAC, no Solar Mirante do Saldanha, no Centro Hist\u00f3rico de Salvador (CHS). &#8220;O encontro entre IPAC e PM \u00e9 importante para firmar parcerias, preservar o patrim\u00f4nio do estado e otimizar o uso de im\u00f3veis, estreitando os la\u00e7os entre as duas institui\u00e7\u00f5es&#8221;, ressalta o coronel PM Anselmo Brand\u00e3o. Na visita, estiveram presentes ainda o comandante do 18\u00ba Batalh\u00e3o PM, tenente coronel Valter Menezes, e o capit\u00e3o PM Davi Naz\u00e1rio.<\/p>\n<p>SEGURAN\u00c7A <\/p>\n<p><!--more--><\/p>\n<p>De acordo com Jo\u00e3o Carlos de Oliveira, o IPAC det\u00e9m um parque imobili\u00e1rio de 226 im\u00f3veis na zona tombada do CHS, o que corresponde apenas a cerca de 2% do total na regi\u00e3o. O restante de 98% dos im\u00f3veis \u00e9 de propriedade da Prefeitura de Salvador, de outros \u00f3rg\u00e3os e secretarias do governo estadual, de privados e de irmandades da Igreja Cat\u00f3lica. &#8220;Esses im\u00f3veis s\u00e3o estrat\u00e9gicos para a PM tamb\u00e9m para instala\u00e7\u00e3o de c\u00e2meras que monitoram a seguran\u00e7a p\u00fablica nas ruas do CHS&#8221;, afirma o diretor do IPAC.<\/p>\n<p>Os 2% de im\u00f3veis do IPAC no CHS surgiram a partir das reformas nas d\u00e9cadas de 1980 e 1990 no CHS, quando casas foram desapropriados pelo governo estadual. Hoje, est\u00e3o ocupados para uso residencial e institucional. As ocupa\u00e7\u00f5es atendem estrat\u00e9gias urban\u00edstico-arquitet\u00f4nicas, de fomento \u00e0 economia e refor\u00e7o \u00e0s a\u00e7\u00f5es sociais nessa regi\u00e3o. Todos os im\u00f3veis do IPAC est\u00e3o em boas condi\u00e7\u00f5es, pois est\u00e3o ocupados e o instituto disp\u00f5e de contrato de manuten\u00e7\u00e3o anual.<\/p>\n<p>AFLITOS \u2013 Outra demanda discutida foi o policiamento do Museu de Arte Moderna (MAM), na Avenida Contorno, equipamento do IPAC. Em Salvador, al\u00e9m do MAM, o IPAC tem o Palacete das Artes (Gra\u00e7a), Aclama\u00e7\u00e3o\/Passeio P\u00fablico (Campo Grande), Museu de Arte da Bahia (Corredor da Vit\u00f3ria), Solar Ferr\u00e3o, museus Udo e Tempostal (Pelourinho). No interior, os museus do Recolhimento (Santo Amaro), Wanderley (Candeias) e Castro Alves (Cabaceiras).<\/p>\n<p>J\u00e1 a restaura\u00e7\u00e3o do quartel integrar\u00e1 a requalifica\u00e7\u00e3o do complexo arquitet\u00f4nico-urban\u00edstico do Aclama\u00e7\u00e3o, elaborado pelo IPAC e com recursos via Lei Rouanet. O quartel foi constru\u00eddo em 1639 pelo 16\u00ba governador da Bahia, Fernando de Mascarenhas. Foi base defensiva da cidade, ocupado pela Sabinada (1837) e hospital militar. No final do s\u00e9culo XIX foi reconstru\u00eddo e na primeira metade do s\u00e9culo XX se arruinou. Em 1938, o comando retorna ao quartel, e em 1989 o pr\u00e9dio sofre reforma. Hoje, abriga comando, subcomando, comunica\u00e7\u00e3o, planejamento, intelig\u00eancia e coordena\u00e7\u00f5es de policiamento. Mais informa\u00e7\u00f5es, acompanhe o site www.ipac.ba.gov.br, facebook &#8216;Ipacba Patrim\u00f4nio&#8217;, twitter &#8216;@ipac_ba&#8217; e instagram &#8216;@ipac.patrimonio&#8217;.<\/p>\n","protected":false},"excerpt":{"rendered":"<p>O Instituto do Patrim\u00f4nio Art\u00edstico e Cultural da Bahia (IPAC) est\u00e1 desenvolvendo uma parceria para apoiar as estrat\u00e9gias de atua\u00e7\u00e3o do Comando Geral da Pol\u00edcia Militar (PM) na capital e interior do estado. O IPAC det\u00e9m im\u00f3veis em Salvador, Len\u00e7\u00f3is e Cachoeira que podem ser disponibilizados para a PM instalar corpora\u00e7\u00f5es, postos avan\u00e7ados e sistemas [&hellip;]<\/p>\n","protected":false},"author":2,"featured_media":0,"comment_status":"open","ping_status":"open","sticky":false,"template":"","format":"standard","meta":{"_links_to":"","_links_to_target":""},"categories":[5,29,25],"tags":[],"_links":{"self":[{"href":"https:\/\/www.r2cpress.com.br\/v1\/wp-json\/wp\/v2\/posts\/100602"}],"collection":[{"href":"https:\/\/www.r2cpress.com.br\/v1\/wp-json\/wp\/v2\/posts"}],"about":[{"href":"https:\/\/www.r2cpress.com.br\/v1\/wp-json\/wp\/v2\/types\/post"}],"author":[{"embeddable":true,"href":"https:\/\/www.r2cpress.com.br\/v1\/wp-json\/wp\/v2\/users\/2"}],"replies":[{"embeddable":true,"href":"https:\/\/www.r2cpress.com.br\/v1\/wp-json\/wp\/v2\/comments?post=100602"}],"version-history":[{"count":2,"href":"https:\/\/www.r2cpress.com.br\/v1\/wp-json\/wp\/v2\/posts\/100602\/revisions"}],"predecessor-version":[{"id":100605,"href":"https:\/\/www.r2cpress.com.br\/v1\/wp-json\/wp\/v2\/posts\/100602\/revisions\/100605"}],"wp:attachment":[{"href":"https:\/\/www.r2cpress.com.br\/v1\/wp-json\/wp\/v2\/media?parent=100602"}],"wp:term":[{"taxonomy":"category","embeddable":true,"href":"https:\/\/www.r2cpress.com.br\/v1\/wp-json\/wp\/v2\/categories?post=100602"},{"taxonomy":"post_tag","embeddable":true,"href":"https:\/\/www.r2cpress.com.br\/v1\/wp-json\/wp\/v2\/tags?post=100602"}],"curies":[{"name":"wp","href":"https:\/\/api.w.org\/{rel}","templated":true}]}}