{"id":100610,"date":"2016-04-28T16:20:46","date_gmt":"2016-04-28T19:20:46","guid":{"rendered":"http:\/\/www.r2cpress.com.br\/v1\/?p=100610"},"modified":"2016-04-28T16:20:46","modified_gmt":"2016-04-28T19:20:46","slug":"luiz-ferreira-da-silva-em-serie-ceplac-revivida","status":"publish","type":"post","link":"https:\/\/www.r2cpress.com.br\/v1\/2016\/04\/28\/luiz-ferreira-da-silva-em-serie-ceplac-revivida\/","title":{"rendered":"Luiz Ferreira da Silva em: S\u00c9RIE CEPLAC REVIVIDA"},"content":{"rendered":"<h2 style=\"text-align: center;\"><span style=\"color: #008000;\"><strong>S\u00c9RIE CEPLAC REVIVIDA<\/strong><\/span><\/h2>\n<h2 style=\"text-align: center;\"><span style=\"color: #000000;\">Luiz Ferreira da Silva, 79<\/span><\/h2>\n<h2 style=\"text-align: center;\"><span style=\"color: #000000;\">Pesquisador aposentado<\/span><\/h2>\n<h2 style=\"text-align: center;\"><span style=\"color: #000000;\">luizferreira1937@gmail.com<\/span><\/h2>\n<h2><span style=\"color: #000000;\"><strong>\u00a0<\/strong><\/span><\/h2>\n<h2><span style=\"color: #008000;\"><strong>INFORMATIVO III<\/strong><\/span><\/h2>\n<h2 style=\"text-align: center;\"><span style=\"color: #008000;\"><strong>\u00a0<\/strong><strong>TRIBUTO \u00c0 ANTIGA CEPLAC, INSTITUI\u00c7\u00c3O AGR\u00cdCOLA \u00daNICA<\/strong><\/span><\/h2>\n<p><strong>\u00a0<\/strong>O livro deve estar saindo da gr\u00e1fica (Scortecci Editora\/SP) l\u00e1 para o dia 13 de maio. Eis o <strong><em>Cap\u00edtulo 1- A CEPLAC que nos formou <\/em><\/strong>&#8211; dentre os 15 j\u00e1 informados neste espa\u00e7o, para dar uma isdeia ao futuro leitor.<\/p>\n<p>A partir de junho, estar\u00e1 \u00e0 venda. Estamos oraganizando o lan\u00e7amento em Itabuna, provavelmente no Hotel Tarik Fontes na segunsda semana de julho.\u00a0 <strong>(Macei\u00f3, 28 de abril de 2016).<\/strong><\/p>\n<p><strong>__________________________________________________________________<\/strong><\/p>\n<div style=\"width: 310px\" class=\"wp-caption alignleft\"><img loading=\"lazy\" class=\"\" src=\"http:\/\/www.r2cpress.com.br\/v1\/wp-content\/uploads\/2016\/02\/LUIZ-FERREIRA-2016-ARTIGO-CEPLAC.jpg\" alt=\"\" width=\"300\" height=\"378\" \/><p class=\"wp-caption-text\">LUIZ FERREIRA<\/p><\/div>\n<h3 style=\"text-align: center;\"><span style=\"color: #000000;\">Cap\u00edtulo I<\/span><\/h3>\n<h3 style=\"text-align: center;\"><span style=\"color: #000000;\">\u00a0A CEPLAC que nos formou<\/span><\/h3>\n<p>A Comiss\u00e3o Executiva do Plano da Lavoura Cacaueira \u2013 CEPLAC, constitui-se (dentre os poucos) num dos mais exitosos programas de recupera\u00e7\u00e3o e implementa\u00e7\u00e3o agr\u00edcola, sem precedentes no ecossistema dos Tr\u00f3picos \u00damidos, merc\u00ea de sua estrutura\u00e7\u00e3o integrada de pesquisa, assist\u00eancia t\u00e9cnica e educa\u00e7\u00e3o rural, merecendo destaques internacionais, sobretudo atrav\u00e9s do Instituto Interamericano de Coopera\u00e7\u00e3o para a Agricultura \u2013 IICA, que publicou um livro sobre o seu modelo, al\u00e9m de servir de inspira\u00e7\u00e3o \u00e0 funda\u00e7\u00e3o da Empresa Brasileira de Pesquisa Agropecu\u00e1ria \u2013 EMBRAPA.<\/p>\n<p>Foi criada em 1957, vinculada ao Minist\u00e9rio da Fazenda, com recursos do Fundo dos \u00c1gios, com dois objetivos b\u00e1sicos: restabelecer o equil\u00edbrio financeiro dos cacauicultores, abalados por sucessivas crises de decl\u00ednio da produ\u00e7\u00e3o, instabilidade de pre\u00e7os e incapacidade do Estado da Bahia em aportar recursos, e em longo prazo, recuperar a lavoura cacaueira pela via da moderniza\u00e7\u00e3o dos m\u00e9todos de produ\u00e7\u00e3o agr\u00edcola. (5)<\/p>\n<p>De imediato, verificou-se que o simples fato de compor as d\u00edvidas dos produtores ou lhes prestar assist\u00eancia t\u00e9cnica sem o devido conhecimento tecnol\u00f3gico e sem dispor de pessoal especializado, n\u00e3o contribuiriam para solucionar os problemas do cacau e, tampouco, da regi\u00e3o, uma vez que os problemas da lavoura eram tamb\u00e9m de natureza estrutural. Foi, em raz\u00e3o dessa conclus\u00e3o, que a CEPLAC evoluiu para uma organiza\u00e7\u00e3o de desenvolvimento agr\u00edcola regional, contemplando diversos aspectos do sistema produtivo e da infraestrutura, possibilitando recuperar a lavoura, dar um novo \u00e2nimo ao Sul da Bahia, formar excelente grupo de profissionais, expandir o cultivo na Bahia, implantando uma nova cacauicultura assentada em fortes diretrizes econ\u00f4micas, sociais e ecol\u00f3gicos.<\/p>\n<p>Sua miss\u00e3o atual e futura, passou ser a de gerar, adaptar e disseminar Ci\u00eancia &amp; Tecnologia fomentadoras, reguladoras e certificadoras da sustentabilidade dos seguimentos agroflorestal, agroindustrial, e agropecu\u00e1rio das regi\u00f5es produtoras de cacau dostr\u00f3picos \u00famidas Tal miss\u00e3o foi de alta relev\u00e2ncia estrat\u00e9gica para a conserva\u00e7\u00e3o da biodiversidade dos ecossistemas \u00famidos \u2013 Mata Atl\u00e2ntica e Amaz\u00f4nica \u2013 no que diz respeito a mitiga\u00e7\u00e3o da taxa de extin\u00e7\u00e3o, prote\u00e7\u00e3o de esp\u00e9cies, patente gen\u00e9tica, e princ\u00edpios ativos de plantas. Al\u00e9m disso, tal miss\u00e3o tamb\u00e9m se preocupa com a inser\u00e7\u00e3o da dimens\u00e3o humana e social como elementos relevantes a diversidade eco social. (4)<\/p>\n<p>Para executar essa tarefa, a CEPLAC contava com um quadro funcional integrado por profissionais motivados atrav\u00e9s de sal\u00e1rios dignos e um plano de careira que estimulava o aprendizado e a produtividade. Assim sendo, a pol\u00edtica de recursos humanos da Institui\u00e7\u00e3o estimulava os servidores a participarem de cursos de especializa\u00e7\u00e3o, mestrado e doutorado, o que possibilitava a forma\u00e7\u00e3o um quadro de pessoal altamente treinado e capaz.<\/p>\n<p>\u00c9 importante ressaltar que muito contribuiu para o \u00eaxito das a\u00e7\u00f5es ceplaqueanas, a sua autonomia financeira e administrativa e a disponibilidade de recursos que, at\u00e9 1990, eram oriundos de uma taxa de exporta\u00e7\u00e3o de am\u00eandoas e derivados de cacau, inicialmente, em 1962, fixada em 15%, e, mais tarde, em 1972, equalizada em 10%. Essa institucionalidade organizacional foi fundamental \u00e0 sua efici\u00eancia e efic\u00e1cia, atestando que o segredo da profici\u00eancia seja do poder p\u00fablico ou do poder privado, est\u00e1 nas condi\u00e7\u00f5es que forem facultadas ao seu corpo funcional, tais como: treinamentos, sal\u00e1rios condignos, recursos de apoio, bases f\u00edsicas operacionais e est\u00edmulo \u00e0 ascens\u00e3o profissional.<\/p>\n<p>Todavia, no momento em que o Governo Federal resolveu incorporar o or\u00e7amento da CEPLAC ao or\u00e7amento fiscal da Uni\u00e3o a partir de 1980 (Decreto Lei 1755 de 31\/02\/79), surgiram as barreiras operacionais que passaram a se constituir em entraves relevantes, dificultando a agilidade da organiza\u00e7\u00e3o, com preju\u00edzos incalcul\u00e1veis para as regi\u00f5es assistidas pela CEPLAC.<\/p>\n<p><strong>Para ler  S\u00c9RIE CEPLAC REVIVIDA N\u00ba 01 CLIQUE<\/strong> <a HREF = \"http:\/\/www.r2cpress.com.br\/v1\/2016\/04\/02\/serie-ceplac-revivida\/\" TARGET = \"_NEWS\"><b>AQUI<\/b><\/a><\/p>\n<p><strong>Para ler  S\u00c9RIE CEPLAC REVIVIDA N\u00ba 02 CLIQUE<\/strong> <a HREF = \"http:\/\/www.r2cpress.com.br\/v1\/2016\/04\/18\/luiz-ferreira-em-ceplac-revivida\/\" TARGET = \"_NEWS\"> <b>AQUI<\/b><\/a><\/p>\n","protected":false},"excerpt":{"rendered":"<p>S\u00c9RIE CEPLAC REVIVIDA Luiz Ferreira da Silva, 79 Pesquisador aposentado luizferreira1937@gmail.com \u00a0 INFORMATIVO III \u00a0TRIBUTO \u00c0 ANTIGA CEPLAC, INSTITUI\u00c7\u00c3O AGR\u00cdCOLA \u00daNICA \u00a0O livro deve estar saindo da gr\u00e1fica (Scortecci Editora\/SP) l\u00e1 para o dia 13 de maio. Eis o Cap\u00edtulo 1- A CEPLAC que nos formou &#8211; dentre os 15 j\u00e1 informados neste espa\u00e7o, para [&hellip;]<\/p>\n","protected":false},"author":2,"featured_media":0,"comment_status":"open","ping_status":"open","sticky":false,"template":"","format":"standard","meta":{"_links_to":"","_links_to_target":""},"categories":[3,5,10],"tags":[],"_links":{"self":[{"href":"https:\/\/www.r2cpress.com.br\/v1\/wp-json\/wp\/v2\/posts\/100610"}],"collection":[{"href":"https:\/\/www.r2cpress.com.br\/v1\/wp-json\/wp\/v2\/posts"}],"about":[{"href":"https:\/\/www.r2cpress.com.br\/v1\/wp-json\/wp\/v2\/types\/post"}],"author":[{"embeddable":true,"href":"https:\/\/www.r2cpress.com.br\/v1\/wp-json\/wp\/v2\/users\/2"}],"replies":[{"embeddable":true,"href":"https:\/\/www.r2cpress.com.br\/v1\/wp-json\/wp\/v2\/comments?post=100610"}],"version-history":[{"count":6,"href":"https:\/\/www.r2cpress.com.br\/v1\/wp-json\/wp\/v2\/posts\/100610\/revisions"}],"predecessor-version":[{"id":100616,"href":"https:\/\/www.r2cpress.com.br\/v1\/wp-json\/wp\/v2\/posts\/100610\/revisions\/100616"}],"wp:attachment":[{"href":"https:\/\/www.r2cpress.com.br\/v1\/wp-json\/wp\/v2\/media?parent=100610"}],"wp:term":[{"taxonomy":"category","embeddable":true,"href":"https:\/\/www.r2cpress.com.br\/v1\/wp-json\/wp\/v2\/categories?post=100610"},{"taxonomy":"post_tag","embeddable":true,"href":"https:\/\/www.r2cpress.com.br\/v1\/wp-json\/wp\/v2\/tags?post=100610"}],"curies":[{"name":"wp","href":"https:\/\/api.w.org\/{rel}","templated":true}]}}