{"id":10068,"date":"2011-03-07T10:32:47","date_gmt":"2011-03-07T13:32:47","guid":{"rendered":"http:\/\/www.r2cpress.com.br\/v1\/?p=10068"},"modified":"2011-03-07T10:56:19","modified_gmt":"2011-03-07T13:56:19","slug":"prefeitura-municipal-de-ilheus-85","status":"publish","type":"post","link":"https:\/\/www.r2cpress.com.br\/v1\/2011\/03\/07\/prefeitura-municipal-de-ilheus-85\/","title":{"rendered":"Prefeitura Municipal de Ilh\u00e9us"},"content":{"rendered":"<p><center><strong>Notas sobre o carnaval <\/strong><br \/>\n<div id=\"attachment_10069\" style=\"width: 310px\" class=\"wp-caption alignnone\"><a href=\"http:\/\/www.r2cpress.com.br\/v1\/wp-content\/uploads\/PMI-07-03-2011.jpg\"><img aria-describedby=\"caption-attachment-10069\" loading=\"lazy\" src=\"http:\/\/www.r2cpress.com.br\/v1\/wp-content\/uploads\/PMI-07-03-2011-300x240.jpg\" alt=\"\" title=\"PMI 07 03 2011\" width=\"300\" height=\"240\" class=\"size-medium wp-image-10069\" srcset=\"https:\/\/www.r2cpress.com.br\/v1\/wp-content\/uploads\/PMI-07-03-2011-300x240.jpg 300w, https:\/\/www.r2cpress.com.br\/v1\/wp-content\/uploads\/PMI-07-03-2011.jpg 700w\" sizes=\"(max-width: 300px) 100vw, 300px\" \/><\/a><p id=\"caption-attachment-10069\" class=\"wp-caption-text\">A\u00c7\u00d5ES DA PREFEITURA DE ILH\u00c9US<\/p><\/div><br \/>\n\u201cNa hora do aperto\u201d saiba onde encontrar sanit\u00e1rios qu\u00edmicos<br \/>\nPersonagens do escritor Jorge Amado s\u00e3o tema do carnaval<br \/>\nBloco da limpeza sempre em a\u00e7\u00e3o na avenida<br \/>\nPoliciamento permanente no circuito da folia<br \/>\nP\u00fablico lota circuito da folia na 2\u00aa noite de carnaval em Ilh\u00e9us<\/center><\/p>\n<p><!--more--><\/p>\n<p>***<\/p>\n<p><strong>\u201cNa hora do aperto\u201d saiba onde encontrar sanit\u00e1rios qu\u00edmicos <\/strong><\/p>\n<p>Com o intuito de facilitar a vida de quem se encontra no circuito da folia, a Prefeitura de Ilh\u00e9us, atrav\u00e9s da Secretaria de Turismo, colocou em pontos estrat\u00e9gicos da avenida Soares Lopes, lotes de sanit\u00e1rios qu\u00edmicos. \u201cNa hora do aperto\u201d, o foli\u00e3o encontra estas unidades num palco montado para realizar bailes para a terceira idade ao lado do posto das pol\u00edcias civil e militar; atr\u00e1s dos camarotes oficiais e no posto de atendimento de urg\u00eancia da secretaria municipal de Sa\u00fade.<\/p>\n<p>Uma das propostas \u00e9 evitar que durante o carnaval o foli\u00e3o n\u00e3o utilize portas de garagens ou casas comerciais como sanit\u00e1rio p\u00fablico e n\u00e3o passar por vexame durante a\u00e7\u00e3o policial. Foli\u00f5es garantem que a quantidade de sanit\u00e1rios qu\u00edmicos \u00e9 satisfat\u00f3ria<\/p>\n<p><strong>Personagens do escritor Jorge Amado s\u00e3o tema do carnaval<\/strong><\/p>\n<p>\u201cNa terra de Jorge. Amado por n\u00f3s\u201d \u00e9 o tema central do carnaval de Ilh\u00e9us que tem como enfoque os personagens do romance do escritor, tendo como destaque Gabriela. O autor dos trabalhos, o concepcionador pl\u00e1stico Renato Afonso Mattos, o Renart, disse que o objetivo \u00e9 exaltar a figura de Jorge Amado, \u201cem mais uma justa homenagem ao grande escritor grapi\u00fana e em reconhecimento ao seu trabalho de exalta\u00e7\u00e3o e de quem divulgou a cultura do sul da Bahia, no Brasil no exterior\u201d.<\/p>\n<p>Informa Renart em todo o circuito da folia foram colocados 60 suportes e mais 30 no espa\u00e7o reservado para realizar bailes para a terceira idade. Sua maioria est\u00e1 estilizada com a figura de Gabriela. <\/p>\n<p><strong>Bloco da limpeza sempre em a\u00e7\u00e3o na avenida<\/strong><\/p>\n<p>Logo cedo, antes da chegada do foli\u00e3o, entra em cena na avenida uma estrutura que n\u00e3o participa da festa e sim manter o asseio de todo o circuito. Enquanto muitos se divertiram pisa na Soares Lopes o bloco da limpeza, sob a coordena\u00e7\u00e3o da Secretaria de Desenvolvimento Urbano. S\u00e3o garis e outros oper\u00e1rios que fazem uma verdadeira faxina no circuito da festa. <\/p>\n<p>O secret\u00e1rio Carlos Freitas afirmou que a for\u00e7a-tarefa atua na retirada de grande quantidade de lixo deixado pelo p\u00fablico e por vendedores ambulantes. Em seguida, a higieniza\u00e7\u00e3o \u00e9 feita com o apoio de carro-pipa.  <\/p>\n<p><strong>Policiamento permanente no circuito da folia<\/strong><\/p>\n<p>A coordena\u00e7\u00e3o do carnaval garante que o p\u00fablico regional e de v\u00e1rias partes do pa\u00eds que se encontra em Ilh\u00e9us deve ficar tranquilo quanto \u00e0 quest\u00e3o de seguran\u00e7a no circuito da festa. Assegura que sob o comando do policiamento da regi\u00e3o sul e da 7\u00aa Coorpin, as pol\u00edcias civil e militar tem atuado de forma constante e \u00e9 f\u00e1cil encontrar grupos de PMs no meio do foli\u00e3o.  <\/p>\n<p>O secret\u00e1rio Paulo Moreira afirmou que os PMs utilizam detectores de metais, com  objetivo de encontrar diversos tipos de armas, al\u00e9m de fazer abordagens em busca de drogas. <\/p>\n<p><strong>P\u00fablico lota circuito da folia na 2\u00aa noite de carnaval em Ilh\u00e9us<\/strong><\/p>\n<p>Ao som da m\u00fasica \u201cQuica na latinha\u201d a banda Um Love a Mais agitou o p\u00fablico que compareceu \u00e0 avenida Soares Lopes para curtir a segunda noite do Carnaval de Ilh\u00e9us, que este ano recebe o tema \u201cCarnaval de Ilh\u00e9us. Terra de Jorge, Amado por n\u00f3s\u201d. Al\u00e9m desse e de outros sucessos, os foli\u00f5es puderam conferir ainda o desfile de blocos como o \u201c20tecomer\u201d, que saiu com cerca de 1500 integrantes e de atra\u00e7\u00f5es como Pick Up de Luxo e Lord\u00e3o. J\u00e1 no palco cultural, bandas locais tocaram antigas marchinhas, fazendo a alegria, principalmente, dos grupos da melhor idade, presentes ao evento.<\/p>\n<p>Representando o secret\u00e1rio Estadual de Turismo, Domingos Leoneli, o chefe de Gabinete da Secretaria, Jo\u00e3o Carlos Oliveira, visitou o circuito da folia e fez quest\u00e3o de parabenizar o prefeito de Ilh\u00e9us, Newton Lima, pela festa momesca. \u201cO prefeito foi muito feliz na escolha da formata\u00e7\u00e3o deste Carnaval. A festa est\u00e1 bastante animada e tranquila\u201d. Este ano, o governo do Estado, por meio da Secretaria de Turismo, disponibilizou dois trios e duas atra\u00e7\u00f5es \u2013 Viviane Tr\u00edpoli e Tonho Mat\u00e9ria \u2013 para o Carnaval de Ilh\u00e9us. \u201cCom a proposta de interiorizar o turismo, nosso objetivo \u00e9 fortalecer essa e outras festas do calend\u00e1rio de eventos de Ilh\u00e9us, investindo tamb\u00e9m, na cria\u00e7\u00e3o de novos roteiros tur\u00edsticos\u201d. <\/p>\n","protected":false},"excerpt":{"rendered":"<p>Notas sobre o carnaval \u201cNa hora do aperto\u201d saiba onde encontrar sanit\u00e1rios qu\u00edmicos Personagens do escritor Jorge Amado s\u00e3o tema do carnaval Bloco da limpeza sempre em a\u00e7\u00e3o na avenida Policiamento permanente no circuito da folia P\u00fablico lota circuito da folia na 2\u00aa noite de carnaval em Ilh\u00e9us<\/p>\n","protected":false},"author":2,"featured_media":0,"comment_status":"open","ping_status":"open","sticky":false,"template":"","format":"standard","meta":{"_links_to":"","_links_to_target":""},"categories":[23],"tags":[],"_links":{"self":[{"href":"https:\/\/www.r2cpress.com.br\/v1\/wp-json\/wp\/v2\/posts\/10068"}],"collection":[{"href":"https:\/\/www.r2cpress.com.br\/v1\/wp-json\/wp\/v2\/posts"}],"about":[{"href":"https:\/\/www.r2cpress.com.br\/v1\/wp-json\/wp\/v2\/types\/post"}],"author":[{"embeddable":true,"href":"https:\/\/www.r2cpress.com.br\/v1\/wp-json\/wp\/v2\/users\/2"}],"replies":[{"embeddable":true,"href":"https:\/\/www.r2cpress.com.br\/v1\/wp-json\/wp\/v2\/comments?post=10068"}],"version-history":[{"count":5,"href":"https:\/\/www.r2cpress.com.br\/v1\/wp-json\/wp\/v2\/posts\/10068\/revisions"}],"predecessor-version":[{"id":10074,"href":"https:\/\/www.r2cpress.com.br\/v1\/wp-json\/wp\/v2\/posts\/10068\/revisions\/10074"}],"wp:attachment":[{"href":"https:\/\/www.r2cpress.com.br\/v1\/wp-json\/wp\/v2\/media?parent=10068"}],"wp:term":[{"taxonomy":"category","embeddable":true,"href":"https:\/\/www.r2cpress.com.br\/v1\/wp-json\/wp\/v2\/categories?post=10068"},{"taxonomy":"post_tag","embeddable":true,"href":"https:\/\/www.r2cpress.com.br\/v1\/wp-json\/wp\/v2\/tags?post=10068"}],"curies":[{"name":"wp","href":"https:\/\/api.w.org\/{rel}","templated":true}]}}