{"id":100784,"date":"2016-05-07T18:24:25","date_gmt":"2016-05-07T21:24:25","guid":{"rendered":"http:\/\/www.r2cpress.com.br\/v1\/?p=100784"},"modified":"2016-05-08T15:18:47","modified_gmt":"2016-05-08T18:18:47","slug":"policia-militar-da-bahia-15","status":"publish","type":"post","link":"https:\/\/www.r2cpress.com.br\/v1\/2016\/05\/07\/policia-militar-da-bahia-15\/","title":{"rendered":"POL\u00cdCIA MILITAR DA BAHIA"},"content":{"rendered":"<h2 style=\"text-align: center;\"><span style=\"color: #000000;\"><strong>POL\u00cdCIA MILITAR DA BAHIA<\/strong><\/span><\/h2>\n<h2 style=\"text-align: center;\"><span style=\"color: #000000;\"><strong>COMANDO DE POLICIAMENTO ESPECIALIZADO<\/strong><\/span><\/h2>\n<h2 style=\"text-align: center;\"><span style=\"color: #000000;\"><strong>COMPANHIA INDEPENDENTE DE <\/strong><\/span><\/h2>\n<h2 style=\"text-align: center;\"><span style=\"color: #000000;\"><strong>POL\u00cdCIA RODOVI\u00c1RIA DE ITABUNA<\/strong><\/span><\/h2>\n<div id=\"attachment_100785\" style=\"width: 610px\" class=\"wp-caption aligncenter\"><a href=\"http:\/\/www.r2cpress.com.br\/v1\/wp-content\/uploads\/2016\/05\/POL\u00cdCIA.jpg\"><img aria-describedby=\"caption-attachment-100785\" loading=\"lazy\" class=\"size-full wp-image-100785\" src=\"http:\/\/www.r2cpress.com.br\/v1\/wp-content\/uploads\/2016\/05\/POL\u00cdCIA.jpg\" alt=\"POLICIANDO\" width=\"600\" height=\"356\" srcset=\"https:\/\/www.r2cpress.com.br\/v1\/wp-content\/uploads\/2016\/05\/POL\u00cdCIA.jpg 600w, https:\/\/www.r2cpress.com.br\/v1\/wp-content\/uploads\/2016\/05\/POL\u00cdCIA-300x178.jpg 300w\" sizes=\"(max-width: 600px) 100vw, 600px\" \/><\/a><p id=\"caption-attachment-100785\" class=\"wp-caption-text\">POLICIANDO<\/p><\/div>\n<p style=\"text-align: center;\"><strong>\u00a0<\/strong><strong>CIPRv\/Itabuna realiza III edi\u00e7\u00e3o da Opera\u00e7\u00e3o <\/strong><\/p>\n<p style=\"text-align: center;\"><strong>Patrulhando a Sa\u00fade durante o Movimento Maio Amarelo<\/strong><\/p>\n<p>A CIPRv\/Itabuna &#8211; Companhia Independente de Pol\u00edcia Rodovi\u00e1ria de Itabuna realizar\u00e1 no dia 11 na cidade de Jequi\u00e9 e no dia 10, em Ipia\u00fa, a III Edi\u00e7\u00e3o da \u201cOpera\u00e7\u00e3o Patrulhando a Sa\u00fade\u201d, em prol do Movimento Maio Amarelo. A blitz que possui o intuito de chamar a aten\u00e7\u00e3o da sociedade para o alto \u00edndice de mortes e feridos no tr\u00e2nsito em todo o mundo, tem o apoio da Secretaria de Sa\u00fade do munic\u00edpio e ocorrer\u00e1 a partir das 9h da manh\u00e3.<\/p>\n<p>Para tanto, os condutores de ve\u00edculos abordados ser\u00e3o convidados a participar de uma prele\u00e7\u00e3o, a respeito do movimento e tamb\u00e9m sobre a import\u00e2ncia dos cuidados com a sa\u00fade para a condu\u00e7\u00e3o de automotores. Poder\u00e3o aferir a press\u00e3o arterial, glicemia capilar e um trailer estar\u00e1 a disposi\u00e7\u00e3o realizando mamografia. Tamb\u00e9m haver\u00e1 distribui\u00e7\u00e3o de panfletos sobre o movimento e de preservativo masculino e feminino.<\/p>\n<p>Para o Major PM Manoilzo, comandante da Unidade Operacional, a Opera\u00e7\u00e3o foi um sucesso na primeira edi\u00e7\u00e3o e tamb\u00e9m ser\u00e1 na segunda. \u201cA primeira edi\u00e7\u00e3o da Blitz Patrulhando a Sa\u00fade deu t\u00e3o certo, que n\u00f3s iremos realizar a terceira edi\u00e7\u00e3o. Ano passado atingimos um n\u00famero consider\u00e1vel de pessoas abordadas e esse ano, espera-se conseguir um pouco mais. Nosso objetivo \u00e9 reduzir o n\u00famero de acidentes atrav\u00e9s da conscientiza\u00e7\u00e3o. \u00c9 justamente para isso que n\u00f3s programamos e nos empenhamos nessas a\u00e7\u00f5es educativas em toda a \u00e1rea que compreende a nossa Unidade. Assim os condutores que participam da campanha conosco, viram agentes multiplicadores dessa ideia\u201d.<\/p>\n<p>Na cidade de Jequi\u00e9 a blitz ocorrer\u00e1 na BA-130, no entroncamento as Av. C\u00e9sar Borges e em Ipia\u00fa, nas proximidades do Posto de Japumirim.<\/p>\n","protected":false},"excerpt":{"rendered":"<p>POL\u00cdCIA MILITAR DA BAHIA COMANDO DE POLICIAMENTO ESPECIALIZADO COMPANHIA INDEPENDENTE DE POL\u00cdCIA RODOVI\u00c1RIA DE ITABUNA \u00a0CIPRv\/Itabuna realiza III edi\u00e7\u00e3o da Opera\u00e7\u00e3o Patrulhando a Sa\u00fade durante o Movimento Maio Amarelo A CIPRv\/Itabuna &#8211; Companhia Independente de Pol\u00edcia Rodovi\u00e1ria de Itabuna realizar\u00e1 no dia 11 na cidade de Jequi\u00e9 e no dia 10, em Ipia\u00fa, a III [&hellip;]<\/p>\n","protected":false},"author":2,"featured_media":0,"comment_status":"open","ping_status":"open","sticky":false,"template":"","format":"standard","meta":{"_links_to":"","_links_to_target":""},"categories":[25],"tags":[],"_links":{"self":[{"href":"https:\/\/www.r2cpress.com.br\/v1\/wp-json\/wp\/v2\/posts\/100784"}],"collection":[{"href":"https:\/\/www.r2cpress.com.br\/v1\/wp-json\/wp\/v2\/posts"}],"about":[{"href":"https:\/\/www.r2cpress.com.br\/v1\/wp-json\/wp\/v2\/types\/post"}],"author":[{"embeddable":true,"href":"https:\/\/www.r2cpress.com.br\/v1\/wp-json\/wp\/v2\/users\/2"}],"replies":[{"embeddable":true,"href":"https:\/\/www.r2cpress.com.br\/v1\/wp-json\/wp\/v2\/comments?post=100784"}],"version-history":[{"count":5,"href":"https:\/\/www.r2cpress.com.br\/v1\/wp-json\/wp\/v2\/posts\/100784\/revisions"}],"predecessor-version":[{"id":100805,"href":"https:\/\/www.r2cpress.com.br\/v1\/wp-json\/wp\/v2\/posts\/100784\/revisions\/100805"}],"wp:attachment":[{"href":"https:\/\/www.r2cpress.com.br\/v1\/wp-json\/wp\/v2\/media?parent=100784"}],"wp:term":[{"taxonomy":"category","embeddable":true,"href":"https:\/\/www.r2cpress.com.br\/v1\/wp-json\/wp\/v2\/categories?post=100784"},{"taxonomy":"post_tag","embeddable":true,"href":"https:\/\/www.r2cpress.com.br\/v1\/wp-json\/wp\/v2\/tags?post=100784"}],"curies":[{"name":"wp","href":"https:\/\/api.w.org\/{rel}","templated":true}]}}