{"id":100850,"date":"2016-05-10T16:58:10","date_gmt":"2016-05-10T19:58:10","guid":{"rendered":"http:\/\/www.r2cpress.com.br\/v1\/?p=100850"},"modified":"2016-05-10T16:58:10","modified_gmt":"2016-05-10T19:58:10","slug":"praca-cairu-em-ilheus-tera-novo-projeto-de-paisagismo","status":"publish","type":"post","link":"https:\/\/www.r2cpress.com.br\/v1\/2016\/05\/10\/praca-cairu-em-ilheus-tera-novo-projeto-de-paisagismo\/","title":{"rendered":"Pra\u00e7a Cairu, em Ilh\u00e9us, ter\u00e1 novo projeto de paisagismo"},"content":{"rendered":"<p><em>Ap\u00f3s a redu\u00e7\u00e3o de seu di\u00e2metro, visando a melhoria do tr\u00e2nsito no Centro de Ilh\u00e9us, a proposta da Prefeitura Municipal \u00e9 tornar o espa\u00e7o mais belo e contemplativo<br \/>\n<\/em><\/p>\n<p><div id=\"attachment_100851\" style=\"width: 310px\" class=\"wp-caption alignleft\"><a href=\"http:\/\/www.r2cpress.com.br\/v1\/wp-content\/uploads\/2016\/05\/Ilh\u00e9us-em-A\u00e7\u00e3o-requalifica-a-pra\u00e7a-Cairu-foto-Gidelzo-Silva-Secom-Ilh\u00e9us-.jpg\"><img aria-describedby=\"caption-attachment-100851\" loading=\"lazy\" src=\"http:\/\/www.r2cpress.com.br\/v1\/wp-content\/uploads\/2016\/05\/Ilh\u00e9us-em-A\u00e7\u00e3o-requalifica-a-pra\u00e7a-Cairu-foto-Gidelzo-Silva-Secom-Ilh\u00e9us-.jpg\" alt=\"Ilh\u00e9us em A\u00e7\u00e3o requalifica a pra\u00e7a Cairu-foto Gidelzo Silva Secom Ilh\u00e9us\" width=\"300\" height=\"197\" class=\"size-full wp-image-100851\" \/><\/a><p id=\"caption-attachment-100851\" class=\"wp-caption-text\">Ilh\u00e9us em A\u00e7\u00e3o requalifica a pra\u00e7a Cairu-foto Gidelzo Silva Secom Ilh\u00e9us<\/p><\/div>O projeto de requalifica\u00e7\u00e3o da Pra\u00e7a Cairu, a principal do centro comercial de Ilh\u00e9us, que visa melhorar o fluxo do tr\u00e2nsito, consiste n\u00e3o apenas na diminui\u00e7\u00e3o do seu di\u00e2metro \u2013 cerca de tr\u00eas metros \u2013e aplica\u00e7\u00e3o de asfalto, mas tamb\u00e9m na reforma do seu aspecto paisag\u00edstico e de acessibilidade. A iniciativa do governo municipal, dentro do programa Ilh\u00e9us em A\u00e7\u00e3o, re\u00fane as secretarias de Infraestrutura, Transportes e Tr\u00e2nsito (Seintra), de Servi\u00e7os Urbanos (Secsurb) e de Meio Ambiente e Paisagismo (Sema).<\/p>\n<p>De acordo com o secret\u00e1rio de Meio Ambiente e Urbanismo, Ant\u00f4nio Vieira, a pr\u00f3xima etapa consiste na execu\u00e7\u00e3o de um trabalho de paisagismo, que inclui a utiliza\u00e7\u00e3o de folhagens de diversas cores com o objetivo de dar ao local um visual mais bonito. Vieira ressalta que o trabalho de paisagismo na Pra\u00e7a Cairu, uma das mais tradicionais da cidade, est\u00e1 sob a responsabilidade da secretaria de Servi\u00e7os Urbanos (Sedur). &#8220;Com esse servi\u00e7o, a proposta do Munic\u00edpio \u00e9 dar ao local uma fei\u00e7\u00e3o moderna de canteiro central, embelezando o espa\u00e7o e visando transform\u00e1-lo em uma \u00e1rea contemplativa&#8221;, comenta.<\/p>\n<p>Com a redu\u00e7\u00e3o do di\u00e2metro da Pra\u00e7a Cairu, Ant\u00f4nio Vieira informa que ser\u00e1 criada uma terceira faixa de tr\u00e1fego. &#8220;Quem quiser fazer o contorno, ter\u00e1 uma faixa livre \u00e0 sua disposi\u00e7\u00e3o. Por conta disso, aqueles que vierem das zonas sul e norte passar\u00e3o a contar com um fluxo de ve\u00edculos mais ameno&#8221;, explica ele.<\/p>\n<p>Mobilidade &#8211; O projeto de melhoria do tr\u00e2nsito no centro da cidade \u00e9 uma das principais prioridades do prefeito Jabes Ribeiro. &#8220;\u00c9 uma provid\u00eancia nossa, do munic\u00edpio, de fundamental import\u00e2ncia, para diminuir os problemas enfrentados por motoristas, seja diariamente, seja durante a alta esta\u00e7\u00e3o, quando a cidade recebe um grande n\u00famero de visitantes&#8221;, comenta o prefeito ilheense.<\/p>\n<p>Logo no in\u00edcio da administra\u00e7\u00e3o, o prefeito adotou a faixa exclusiva para o transporte coletivo, t\u00e1xis e vans escolares na Avenida Lomanto J\u00fanior, no Pontal, como forma de reduzir o volume de engarrafamento na Ponte que liga o centro \u00e0 zona sul. A medida disciplinou o tr\u00e1fego e priorizou o transporte p\u00fablico.<\/p>\n<p>Al\u00e9m disso, diversas ruas tiveram recupera\u00e7\u00e3o asf\u00e1ltica, como as Avenidas Princesa Isabel, Ubaitaba, Canavieiras, rua do Ceplus, entre outras. A secretaria de Infraestrutura e Tr\u00e2nsito tamb\u00e9m providenciou a substitui\u00e7\u00e3o dos sinais semaf\u00f3ricos por outros mais modernos, com temporizador. O governo adotar\u00e1 novas a\u00e7\u00f5es no setor de mobilidade urbana para melhor o tr\u00e1fego de ve\u00edculos e de pedestres. <\/p>\n","protected":false},"excerpt":{"rendered":"<p>Ap\u00f3s a redu\u00e7\u00e3o de seu di\u00e2metro, visando a melhoria do tr\u00e2nsito no Centro de Ilh\u00e9us, a proposta da Prefeitura Municipal \u00e9 tornar o espa\u00e7o mais belo e contemplativo O projeto de requalifica\u00e7\u00e3o da Pra\u00e7a Cairu, a principal do centro comercial de Ilh\u00e9us, que visa melhorar o fluxo do tr\u00e2nsito, consiste n\u00e3o apenas na diminui\u00e7\u00e3o do [&hellip;]<\/p>\n","protected":false},"author":2,"featured_media":0,"comment_status":"open","ping_status":"open","sticky":false,"template":"","format":"standard","meta":{"_links_to":"","_links_to_target":""},"categories":[23],"tags":[],"_links":{"self":[{"href":"https:\/\/www.r2cpress.com.br\/v1\/wp-json\/wp\/v2\/posts\/100850"}],"collection":[{"href":"https:\/\/www.r2cpress.com.br\/v1\/wp-json\/wp\/v2\/posts"}],"about":[{"href":"https:\/\/www.r2cpress.com.br\/v1\/wp-json\/wp\/v2\/types\/post"}],"author":[{"embeddable":true,"href":"https:\/\/www.r2cpress.com.br\/v1\/wp-json\/wp\/v2\/users\/2"}],"replies":[{"embeddable":true,"href":"https:\/\/www.r2cpress.com.br\/v1\/wp-json\/wp\/v2\/comments?post=100850"}],"version-history":[{"count":1,"href":"https:\/\/www.r2cpress.com.br\/v1\/wp-json\/wp\/v2\/posts\/100850\/revisions"}],"predecessor-version":[{"id":100852,"href":"https:\/\/www.r2cpress.com.br\/v1\/wp-json\/wp\/v2\/posts\/100850\/revisions\/100852"}],"wp:attachment":[{"href":"https:\/\/www.r2cpress.com.br\/v1\/wp-json\/wp\/v2\/media?parent=100850"}],"wp:term":[{"taxonomy":"category","embeddable":true,"href":"https:\/\/www.r2cpress.com.br\/v1\/wp-json\/wp\/v2\/categories?post=100850"},{"taxonomy":"post_tag","embeddable":true,"href":"https:\/\/www.r2cpress.com.br\/v1\/wp-json\/wp\/v2\/tags?post=100850"}],"curies":[{"name":"wp","href":"https:\/\/api.w.org\/{rel}","templated":true}]}}