{"id":100892,"date":"2016-05-12T12:14:17","date_gmt":"2016-05-12T15:14:17","guid":{"rendered":"http:\/\/www.r2cpress.com.br\/v1\/?p=100892"},"modified":"2016-05-12T12:14:17","modified_gmt":"2016-05-12T15:14:17","slug":"apaixonado-por-esportes-o-estudante-jorge-moreno-sera-condutor-da-tocha-em-ilheus","status":"publish","type":"post","link":"https:\/\/www.r2cpress.com.br\/v1\/2016\/05\/12\/apaixonado-por-esportes-o-estudante-jorge-moreno-sera-condutor-da-tocha-em-ilheus\/","title":{"rendered":"Apaixonado por esportes, o estudante Jorge Moreno ser\u00e1 condutor da Tocha em Ilh\u00e9us"},"content":{"rendered":"<p align=\"center\"><i>Jorginho coleciona camisas de times de futebol e considera uma grande honra participar da festa em sua cidade<\/i><\/p>\n<div id=\"attachment_100893\" style=\"width: 610px\" class=\"wp-caption aligncenter\"><a href=\"http:\/\/www.r2cpress.com.br\/v1\/wp-content\/uploads\/2016\/05\/Jorge-Moreno-se-emociona-e-comemora-a-escolha-apra-ser-condutor-da-tocha-em-Ilheus.jpg\"><img aria-describedby=\"caption-attachment-100893\" loading=\"lazy\" class=\"size-full wp-image-100893\" src=\"http:\/\/www.r2cpress.com.br\/v1\/wp-content\/uploads\/2016\/05\/Jorge-Moreno-se-emociona-e-comemora-a-escolha-apra-ser-condutor-da-tocha-em-Ilheus.jpg\" alt=\"Jorge Moreno se emociona e comemora a escolha para ser condutor da tocha em Ilh\u00e9us\" width=\"600\" height=\"400\" srcset=\"https:\/\/www.r2cpress.com.br\/v1\/wp-content\/uploads\/2016\/05\/Jorge-Moreno-se-emociona-e-comemora-a-escolha-apra-ser-condutor-da-tocha-em-Ilheus.jpg 600w, https:\/\/www.r2cpress.com.br\/v1\/wp-content\/uploads\/2016\/05\/Jorge-Moreno-se-emociona-e-comemora-a-escolha-apra-ser-condutor-da-tocha-em-Ilheus-300x200.jpg 300w\" sizes=\"(max-width: 600px) 100vw, 600px\" \/><\/a><p id=\"caption-attachment-100893\" class=\"wp-caption-text\">Jorge Moreno se emociona e comemora a escolha para ser condutor da tocha em Ilh\u00e9us<\/p><\/div>\n<p>&#8220;Representar a minha cidade \u00e9 muito importante em um revezamento de Tocha Ol\u00edmpica. Um vai representar o outro, eu represento a cidade de Ilh\u00e9us e a cidade me representa&#8221;. Foi assim que o estudante Jorge Moreno Neto, de 23 anos, definiu a emo\u00e7\u00e3o por ter sido escalado para conduzir o s\u00edmbolo ol\u00edmpico em sua cidade natal, no pr\u00f3ximo dia 21. Escolhido por um dos patrocinadores do evento para fazer parte da hist\u00f3ria, &#8220;Jorginho&#8221;, como \u00e9 mais conhecido, se junta a outros 28 condutores locais.<\/p>\n<p><strong>Atletas e pessoas an\u00f4nimas foram escolhidas por suas hist\u00f3rias de vida e isso \u00e9 o que o jovem Jorginho tem de sobra. Portador de defici\u00eancia intelectual e <\/strong>cheio de habilidades<strong>, cursa o quinto<\/strong>semestre de Comunica\u00e7\u00e3o e Marketing, em Salvador. Amante do esporte, principalmente do futebol, coleciona camisas de times e, ser condutor da tocha, como ele mesmo afirma, incentiva ainda mais o desejo de trabalhar como comentarista esportivo.<\/p>\n<p><strong>Jorginho salienta que <\/strong>&#8220;ser condutor da tocha \u00e9 ser embaixador da paz, da for\u00e7a e da uni\u00e3o e <strong>ser\u00e1 um dos momentos mais emocionantes deste evento \u00fanico e hist\u00f3rico para todo o pa\u00eds&#8221;. Ainda no <\/strong>rol de personalidades ilheenses que v\u00e3o conduzir o s\u00edmbolo, est\u00e3o o professor e \u00e1rbitro das Olimp\u00edadas Rio 2016, Alberto Kruschewsky, e o multi-campe\u00e3o nacional e internacional de surf, Joj\u00f3 de Oliven\u00e7a. Para conhecer a hist\u00f3ria deles, basta acessar o site da Prefeitura de Ilh\u00e9us (<a href=\"http:\/\/ilheus.ba.gov.br\/\" target=\"_blank\" rel=\"noreferrer\">ilheus.ba.gov.br<\/a>).<\/p>\n<p><b>Voluntariado \u2013<\/b>\u00a0Al\u00e9m dos ilheenses que v\u00e3o conduzir a Tocha Ol\u00edmpica, h\u00e1 aqueles que podem colaborar com a festa do revezamento atuando como volunt\u00e1rios. As inscri\u00e7\u00f5es s\u00e3o feitas na sede da Setur, localizada na avenida Marcus Paiva, n\u00ba 236, Cidade Nova; no Gin\u00e1sio de Esportes (avenida Canavieiras); no Ponto de Atendimento ao Turista (PAT), ao lado da Catedral de S\u00e3o Sebasti\u00e3o; \u00a0na Secretaria de Educa\u00e7\u00e3o (avenida Soares Lopes); na Casa de Cultura Jorge Amado e na Universidade Estadual de Santa Cruz (Uesc); ou pelo site\u00a0<a href=\"https:\/\/goo.gl\/g1mBRr\" target=\"_blank\" rel=\"noreferrer\">https:\/\/goo.gl\/g1mBRr<\/a>. Os volunt\u00e1rios, que ter\u00e3o direito a certificado e v\u00e3o atuar\u00a0junto ao cord\u00e3o de isolamento, dar\u00e3o orienta\u00e7\u00f5es ao p\u00fablico, como forma de evitar que as pessoas entrem na \u00e1rea onde o comboio vai passar.<\/p>\n","protected":false},"excerpt":{"rendered":"<p>Jorginho coleciona camisas de times de futebol e considera uma grande honra participar da festa em sua cidade &#8220;Representar a minha cidade \u00e9 muito importante em um revezamento de Tocha Ol\u00edmpica. Um vai representar o outro, eu represento a cidade de Ilh\u00e9us e a cidade me representa&#8221;. Foi assim que o estudante Jorge Moreno Neto, [&hellip;]<\/p>\n","protected":false},"author":2,"featured_media":0,"comment_status":"open","ping_status":"open","sticky":false,"template":"","format":"standard","meta":{"_links_to":"","_links_to_target":""},"categories":[11,23],"tags":[],"_links":{"self":[{"href":"https:\/\/www.r2cpress.com.br\/v1\/wp-json\/wp\/v2\/posts\/100892"}],"collection":[{"href":"https:\/\/www.r2cpress.com.br\/v1\/wp-json\/wp\/v2\/posts"}],"about":[{"href":"https:\/\/www.r2cpress.com.br\/v1\/wp-json\/wp\/v2\/types\/post"}],"author":[{"embeddable":true,"href":"https:\/\/www.r2cpress.com.br\/v1\/wp-json\/wp\/v2\/users\/2"}],"replies":[{"embeddable":true,"href":"https:\/\/www.r2cpress.com.br\/v1\/wp-json\/wp\/v2\/comments?post=100892"}],"version-history":[{"count":1,"href":"https:\/\/www.r2cpress.com.br\/v1\/wp-json\/wp\/v2\/posts\/100892\/revisions"}],"predecessor-version":[{"id":100894,"href":"https:\/\/www.r2cpress.com.br\/v1\/wp-json\/wp\/v2\/posts\/100892\/revisions\/100894"}],"wp:attachment":[{"href":"https:\/\/www.r2cpress.com.br\/v1\/wp-json\/wp\/v2\/media?parent=100892"}],"wp:term":[{"taxonomy":"category","embeddable":true,"href":"https:\/\/www.r2cpress.com.br\/v1\/wp-json\/wp\/v2\/categories?post=100892"},{"taxonomy":"post_tag","embeddable":true,"href":"https:\/\/www.r2cpress.com.br\/v1\/wp-json\/wp\/v2\/tags?post=100892"}],"curies":[{"name":"wp","href":"https:\/\/api.w.org\/{rel}","templated":true}]}}