{"id":101027,"date":"2016-05-18T17:46:41","date_gmt":"2016-05-18T20:46:41","guid":{"rendered":"http:\/\/www.r2cpress.com.br\/v1\/?p=101027"},"modified":"2016-05-18T17:47:14","modified_gmt":"2016-05-18T20:47:14","slug":"sudesb-organiza-blog-com-informacoes-sobre-presenca-da-bahia-nas-olimpiadas-rio-2016","status":"publish","type":"post","link":"https:\/\/www.r2cpress.com.br\/v1\/2016\/05\/18\/sudesb-organiza-blog-com-informacoes-sobre-presenca-da-bahia-nas-olimpiadas-rio-2016\/","title":{"rendered":"Sudesb organiza blog com informa\u00e7\u00f5es sobre presen\u00e7a da Bahia nas Olimp\u00edadas Rio 2016"},"content":{"rendered":"<p>J\u00e1 est\u00e1 no ar, no site da Sudesb, o blog Rio 2016 organizado para divulga\u00e7\u00e3o dos principais assuntos relacionados \u00e0 participa\u00e7\u00e3o de atletas baianos nos Jogos Ol\u00edmpicos e Paral\u00edmpicos Rio 2016.<\/p>\n<p>Por meio do blog, o internauta ter\u00e1 acesso a informa\u00e7\u00f5es como a \u201cestreia\u201d da Bahia na programa\u00e7\u00e3o das Olimp\u00edadas, marcada para amanh\u00e3, 19, \u00e0s 7h, com a chegada da Tocha Ol\u00edmpica na cidade de Teixeira de Freitas, distante 526 quil\u00f4metros da capital. O endere\u00e7o virtual traz o calend\u00e1rio completo do revezamento da Tocha no estado.<\/p>\n<p>Tamb\u00e9m na plataforma est\u00e1 publicado o calend\u00e1rio dos 10 jogos que ser\u00e3o realizados em Salvador \u2013 sete masculino e tr\u00eas feminino \u2013, na Arena Fonte Nova, entre os dias 4 e 13 de agosto. H\u00e1 tamb\u00e9m um link que direciona o visitante para o site oficial da Rio 2016 e tamb\u00e9m uma se\u00e7\u00e3o de not\u00edcias sobre o evento. <\/p>\n<p>Viste o blog atrav\u00e9s do link: http:\/\/rio2016ba.blogspot.com.br\/<\/p>\n","protected":false},"excerpt":{"rendered":"<p>J\u00e1 est\u00e1 no ar, no site da Sudesb, o blog Rio 2016 organizado para divulga\u00e7\u00e3o dos principais assuntos relacionados \u00e0 participa\u00e7\u00e3o de atletas baianos nos Jogos Ol\u00edmpicos e Paral\u00edmpicos Rio 2016. Por meio do blog, o internauta ter\u00e1 acesso a informa\u00e7\u00f5es como a \u201cestreia\u201d da Bahia na programa\u00e7\u00e3o das Olimp\u00edadas, marcada para amanh\u00e3, 19, \u00e0s [&hellip;]<\/p>\n","protected":false},"author":2,"featured_media":0,"comment_status":"open","ping_status":"open","sticky":false,"template":"","format":"standard","meta":{"_links_to":"","_links_to_target":""},"categories":[11,29],"tags":[],"_links":{"self":[{"href":"https:\/\/www.r2cpress.com.br\/v1\/wp-json\/wp\/v2\/posts\/101027"}],"collection":[{"href":"https:\/\/www.r2cpress.com.br\/v1\/wp-json\/wp\/v2\/posts"}],"about":[{"href":"https:\/\/www.r2cpress.com.br\/v1\/wp-json\/wp\/v2\/types\/post"}],"author":[{"embeddable":true,"href":"https:\/\/www.r2cpress.com.br\/v1\/wp-json\/wp\/v2\/users\/2"}],"replies":[{"embeddable":true,"href":"https:\/\/www.r2cpress.com.br\/v1\/wp-json\/wp\/v2\/comments?post=101027"}],"version-history":[{"count":2,"href":"https:\/\/www.r2cpress.com.br\/v1\/wp-json\/wp\/v2\/posts\/101027\/revisions"}],"predecessor-version":[{"id":101029,"href":"https:\/\/www.r2cpress.com.br\/v1\/wp-json\/wp\/v2\/posts\/101027\/revisions\/101029"}],"wp:attachment":[{"href":"https:\/\/www.r2cpress.com.br\/v1\/wp-json\/wp\/v2\/media?parent=101027"}],"wp:term":[{"taxonomy":"category","embeddable":true,"href":"https:\/\/www.r2cpress.com.br\/v1\/wp-json\/wp\/v2\/categories?post=101027"},{"taxonomy":"post_tag","embeddable":true,"href":"https:\/\/www.r2cpress.com.br\/v1\/wp-json\/wp\/v2\/tags?post=101027"}],"curies":[{"name":"wp","href":"https:\/\/api.w.org\/{rel}","templated":true}]}}