{"id":101039,"date":"2016-05-19T12:15:53","date_gmt":"2016-05-19T15:15:53","guid":{"rendered":"http:\/\/www.r2cpress.com.br\/v1\/?p=101039"},"modified":"2016-05-19T12:15:53","modified_gmt":"2016-05-19T15:15:53","slug":"tocha-olimpica-chega-a-bahia-com-festa-em-teixeira-de-freitas","status":"publish","type":"post","link":"https:\/\/www.r2cpress.com.br\/v1\/2016\/05\/19\/tocha-olimpica-chega-a-bahia-com-festa-em-teixeira-de-freitas\/","title":{"rendered":"Tocha Ol\u00edmpica chega \u00e0 Bahia com festa em Teixeira de Freitas"},"content":{"rendered":"<p>S\u00edmbolo dos Jogos Ol\u00edmpicos Rio 2106, a Tocha Ol\u00edmpica chegou ao munic\u00edpio de Teixeira de Freitas, no extremo sul do estado, na manh\u00e3 desta quinta-feira (19), dando continuidade ao revezamento, que na Bahia vai envolver 27 cidades, incluindo Salvador, at\u00e9 o pr\u00f3ximo dia 27. O encerramento ser\u00e1 em Paulo Afonso, no Vale do S\u00e3o Francisco. No Brasil, o roteiro inclui um total de 300 cidades.<\/p>\n<div id=\"attachment_101040\" style=\"width: 610px\" class=\"wp-caption aligncenter\"><a href=\"http:\/\/www.r2cpress.com.br\/v1\/wp-content\/uploads\/2016\/05\/SUL-2016.jpg\"><img aria-describedby=\"caption-attachment-101040\" loading=\"lazy\" class=\"size-full wp-image-101040\" src=\"http:\/\/www.r2cpress.com.br\/v1\/wp-content\/uploads\/2016\/05\/SUL-2016.jpg\" alt=\"SUL 2016\" width=\"600\" height=\"400\" srcset=\"https:\/\/www.r2cpress.com.br\/v1\/wp-content\/uploads\/2016\/05\/SUL-2016.jpg 600w, https:\/\/www.r2cpress.com.br\/v1\/wp-content\/uploads\/2016\/05\/SUL-2016-300x200.jpg 300w\" sizes=\"(max-width: 600px) 100vw, 600px\" \/><\/a><p id=\"caption-attachment-101040\" class=\"wp-caption-text\">SUL 2016<\/p><\/div>\n<p>A freira franciscana, conhecida como irm\u00e3 Cristina, foi uma das pessoas que conduziram a tocha em Teixeira de Freitas. Para ela, o s\u00edmbolo tem um significado universal e de grande import\u00e2ncia para a uni\u00e3o dos povos. &#8220;Me senti lisonjeada e ao mesmo tempo com uma responsabilidade muito grande. A tocha ol\u00edmpica transmite a unidade das fraternidades, dos povos, e a paz que deve ser espalhada pelo mundo. O esporte tem essa propriedade de unir os povos, torn\u00e1-los iguais, fazer cada um representar o seu talento&#8221;.<\/p>\n<div>Para o empres\u00e1rio Jadson Guerra, que tamb\u00e9m carregou a tocha ol\u00edmpica nesta quinta, o principal legado que o evento deixa para a cidade \u00e9 para a juventude. &#8220;A crian\u00e7ada est\u00e1 empolgada com o esporte e este evento \u00e9 mais um incentivo para se trilhar esse caminho. Esporte \u00e9 vida. Esporte \u00e9 educa\u00e7\u00e3o&#8221;, afirmou.<\/div>\n<div><\/div>\n<div>Segundo o secret\u00e1rio estadual do Trabalho, Emprego, Renda e Esporte do Estado, \u00c1lvaro Gomes, aliado ao fato de a Bahia ser o \u00fanico estado do Nordeste que vai sediar dez partidas de futebol pelas Olimp\u00edadas 2016, a passagem da tocha pelo estado ser\u00e1 um dos principais momentos que antecedem os Jogos Ol\u00edmpicos.<\/div>\n<div><\/div>\n<div>&#8220;Os eventos [que ser\u00e3o oferecidos pelo poder p\u00fablico] s\u00e3o de grande import\u00e2ncia, onde observamos a valoriza\u00e7\u00e3o do esporte e cultura locais. Queremos que o esporte esteja, efetivamente, incorporado em cada baiano e baiana, e a sociedade entenda a necessidade do esporte para a sa\u00fade f\u00edsica e mental das pessoas, al\u00e9m de [ser] fator de inclus\u00e3o social e desenvolvimento humano&#8221;.<\/div>\n<div><\/div>\n<div><b>&#8216;Cidades Celebra\u00e7\u00e3o&#8217;<\/b><\/div>\n<div><\/div>\n<div>Em Porto Seguro, onde a tocha ol\u00edmpica chega na noite desta quinta-feira (19), a prefeita Cl\u00e1udia Oliveira garante que haver\u00e1 uma grande festa, a tocha chegar\u00e1 pelo distrito de Arraial D&#8217;Ajuda, atravessar\u00e1 de balsa at\u00e9 o munic\u00edpio de Santa Cruz Cabr\u00e1lia e retornar\u00e1 \u00e0 cidade hist\u00f3rica para ser conduzida.<\/div>\n<div><\/div>\n<div>Ela antecipou que o envolvimento de estudantes da rede municipal de ensino ser\u00e1 um dos destaques. Haver\u00e1 plantio de \u00e1rvores durante a passagem da chama ol\u00edmpica pela cidade. &#8220;No palco do Descobrimento, teremos v\u00e1rias apresenta\u00e7\u00f5es, dando oportunidade aos artistas da nossa cidade. Vai ser uma festa grandiosa que ficar\u00e1 marcado na nossa lembran\u00e7a&#8221;.<\/div>\n<div><b>\u00a0<\/b><\/div>\n<div><b>Mensagem\u00a0<\/b><\/div>\n<div><\/div>\n<div>A Tocha traz a mensagem de paz, uni\u00e3o e amizade do maior evento esportivo do Planeta e apresenta detalhes e elementos de brasilidade, e tamb\u00e9m refer\u00eancias \u00e0s riquezas naturais e culturais do Brasil. Produzida com alum\u00ednio reciclado, resina e acabamento acetinado, pesa cerca de um quilo e meio e mede 63,5cm de altura quando fechada, e 69cm quando aberta.<\/div>\n<p>&nbsp;<\/p>\n","protected":false},"excerpt":{"rendered":"<p>S\u00edmbolo dos Jogos Ol\u00edmpicos Rio 2106, a Tocha Ol\u00edmpica chegou ao munic\u00edpio de Teixeira de Freitas, no extremo sul do estado, na manh\u00e3 desta quinta-feira (19), dando continuidade ao revezamento, que na Bahia vai envolver 27 cidades, incluindo Salvador, at\u00e9 o pr\u00f3ximo dia 27. O encerramento ser\u00e1 em Paulo Afonso, no Vale do S\u00e3o Francisco. [&hellip;]<\/p>\n","protected":false},"author":2,"featured_media":0,"comment_status":"open","ping_status":"open","sticky":false,"template":"","format":"standard","meta":{"_links_to":"","_links_to_target":""},"categories":[11],"tags":[],"_links":{"self":[{"href":"https:\/\/www.r2cpress.com.br\/v1\/wp-json\/wp\/v2\/posts\/101039"}],"collection":[{"href":"https:\/\/www.r2cpress.com.br\/v1\/wp-json\/wp\/v2\/posts"}],"about":[{"href":"https:\/\/www.r2cpress.com.br\/v1\/wp-json\/wp\/v2\/types\/post"}],"author":[{"embeddable":true,"href":"https:\/\/www.r2cpress.com.br\/v1\/wp-json\/wp\/v2\/users\/2"}],"replies":[{"embeddable":true,"href":"https:\/\/www.r2cpress.com.br\/v1\/wp-json\/wp\/v2\/comments?post=101039"}],"version-history":[{"count":1,"href":"https:\/\/www.r2cpress.com.br\/v1\/wp-json\/wp\/v2\/posts\/101039\/revisions"}],"predecessor-version":[{"id":101041,"href":"https:\/\/www.r2cpress.com.br\/v1\/wp-json\/wp\/v2\/posts\/101039\/revisions\/101041"}],"wp:attachment":[{"href":"https:\/\/www.r2cpress.com.br\/v1\/wp-json\/wp\/v2\/media?parent=101039"}],"wp:term":[{"taxonomy":"category","embeddable":true,"href":"https:\/\/www.r2cpress.com.br\/v1\/wp-json\/wp\/v2\/categories?post=101039"},{"taxonomy":"post_tag","embeddable":true,"href":"https:\/\/www.r2cpress.com.br\/v1\/wp-json\/wp\/v2\/tags?post=101039"}],"curies":[{"name":"wp","href":"https:\/\/api.w.org\/{rel}","templated":true}]}}