{"id":101047,"date":"2016-05-19T13:56:32","date_gmt":"2016-05-19T16:56:32","guid":{"rendered":"http:\/\/www.r2cpress.com.br\/v1\/?p=101047"},"modified":"2016-05-19T13:56:32","modified_gmt":"2016-05-19T16:56:32","slug":"esquemas-de-seguranca-e-de-transito-definidos-para-a-passagem-da-tocha-olimpica-em-ilheus","status":"publish","type":"post","link":"https:\/\/www.r2cpress.com.br\/v1\/2016\/05\/19\/esquemas-de-seguranca-e-de-transito-definidos-para-a-passagem-da-tocha-olimpica-em-ilheus\/","title":{"rendered":"Esquemas de seguran\u00e7a e de tr\u00e2nsito definidos para a passagem da Tocha Ol\u00edmpica em Ilh\u00e9us"},"content":{"rendered":"<p><em>Policiamento ser\u00e1 feito por diversos destacamentos e tr\u00e2nsito sofrer\u00e1 mudan\u00e7as a partir do meio dia do s\u00e1bado<br \/>\n<\/em><\/p>\n<p>Estrat\u00e9gias de seguran\u00e7a e tr\u00e2nsito foram refor\u00e7adas para a passagem da Tocha Ol\u00edmpica em Ilh\u00e9us, neste s\u00e1bado, dia 21. O s\u00edmbolo das Olimp\u00edadas vir\u00e1 em um comboio acompanhado da For\u00e7a Nacional e Pol\u00edcia Rodovi\u00e1ria Federal (PRF), e ter\u00e1 o apoio de outras For\u00e7as Policiais, Marinha e Ex\u00e9rcito. Um ve\u00edculo de comando e controle, com oficiais, ser\u00e1 respons\u00e1vel por decis\u00f5es mais espec\u00edficas, caso necess\u00e1rio.<\/p>\n<p>A Pol\u00edcia Militar, for\u00e7a com o maior efetivo, ter\u00e1 no trajeto de revezamento mais de 200 policiais. Sua atua\u00e7\u00e3o ser\u00e1 por meio de a\u00e7\u00f5es ostensivas e a paisana, refor\u00e7adas pelos destacamentos das 68\u00aa, 69\u00aa, 70\u00aa Companhias Independentes, Rondesp Sul, Esquadr\u00e3o de Pol\u00edcia Montada, CIPPA e 15\u00ba Batalh\u00e3o. Tamb\u00e9m atuar\u00e1 com suas for\u00e7as especiais, como o Batalh\u00e3o de Choque, Cipe Cacaueira e Esquadr\u00e3o anti-bomba.<\/p>\n<p>O comandante da 68\u00aa CIPM, Major C\u00e2mara, que integra a For\u00e7a-tarefa da Passagem da Tocha Ol\u00edmpica, relata que todas as a\u00e7\u00f5es est\u00e3o sendo adotadas para o cumprimento do protocolo de seguran\u00e7a do revezamento em Ilh\u00e9us. &#8220;Estivemos em reuni\u00e3o com a Ag\u00eancia Brasileira de Intelig\u00eancia, Abin, e estamos preparados para o evento. Estamos colocando tudo que est\u00e1 em nosso alcance em termo de seguran\u00e7a&#8221;, enfatizou.<\/p>\n<p>Tr\u00e2nsito &#8211; A Superintend\u00eancia de Transporte e Tr\u00e2nsito (Sutran) de Ilh\u00e9us contar\u00e1 com o apoio efetivo de policiamento para o isolamento de \u00e1reas. No per\u00edodo das 12h \u00e0s 21h, as vias ser\u00e3o desobstru\u00eddas nos seguintes locais: Rua Lindolfo Collor (ponto inicial); Avenidas: Litor\u00e2nea Norte, ACM e Osvaldo Cruz; Ruas Visconde de Mau\u00e1, Bento Berilo e Tiradentes; Pra\u00e7a Cair\u00fa;  Rua Eust\u00e1quio Bastos; Avenidas: Dois de Julho e Soares Lopes (ponto final). Motoristas n\u00e3o devem estacionar seus ve\u00edculos nesses locais durante esse per\u00edodo.<\/p>\n<p>A Avenida Soares Lopes ser\u00e1 interditada das 12h \u00e0s 21h, nas imedia\u00e7\u00f5es da Pra\u00e7a Rui Barbosa at\u00e9 a Pra\u00e7a Jos\u00e9 Marcelino, pr\u00f3ximo \u00e0 Avenida Dois de Julho. O transporte coletivo ser\u00e1 paralisado, de acordo com passagem da tocha ol\u00edmpica, que deve ocorrer a partir das 17h30min, sendo liberado conforme a comitiva conclui a passagem pelos trechos de revezamento.<\/p>\n<p><a href=\"http:\/\/www.r2cpress.com.br\/v1\/wp-content\/uploads\/2016\/05\/Percurso-da-Tocha-em-Ilh\u00e9us.jpg\"><img loading=\"lazy\" src=\"http:\/\/www.r2cpress.com.br\/v1\/wp-content\/uploads\/2016\/05\/Percurso-da-Tocha-em-Ilh\u00e9us.jpg\" alt=\"Percurso da Tocha em Ilh\u00e9us\" width=\"600\" height=\"831\" class=\"aligncenter size-full wp-image-101048\" srcset=\"https:\/\/www.r2cpress.com.br\/v1\/wp-content\/uploads\/2016\/05\/Percurso-da-Tocha-em-Ilh\u00e9us.jpg 600w, https:\/\/www.r2cpress.com.br\/v1\/wp-content\/uploads\/2016\/05\/Percurso-da-Tocha-em-Ilh\u00e9us-216x300.jpg 216w\" sizes=\"(max-width: 600px) 100vw, 600px\" \/><\/a><\/p>\n","protected":false},"excerpt":{"rendered":"<p>Policiamento ser\u00e1 feito por diversos destacamentos e tr\u00e2nsito sofrer\u00e1 mudan\u00e7as a partir do meio dia do s\u00e1bado Estrat\u00e9gias de seguran\u00e7a e tr\u00e2nsito foram refor\u00e7adas para a passagem da Tocha Ol\u00edmpica em Ilh\u00e9us, neste s\u00e1bado, dia 21. O s\u00edmbolo das Olimp\u00edadas vir\u00e1 em um comboio acompanhado da For\u00e7a Nacional e Pol\u00edcia Rodovi\u00e1ria Federal (PRF), e ter\u00e1 [&hellip;]<\/p>\n","protected":false},"author":2,"featured_media":0,"comment_status":"open","ping_status":"open","sticky":false,"template":"","format":"standard","meta":{"_links_to":"","_links_to_target":""},"categories":[11,23],"tags":[],"_links":{"self":[{"href":"https:\/\/www.r2cpress.com.br\/v1\/wp-json\/wp\/v2\/posts\/101047"}],"collection":[{"href":"https:\/\/www.r2cpress.com.br\/v1\/wp-json\/wp\/v2\/posts"}],"about":[{"href":"https:\/\/www.r2cpress.com.br\/v1\/wp-json\/wp\/v2\/types\/post"}],"author":[{"embeddable":true,"href":"https:\/\/www.r2cpress.com.br\/v1\/wp-json\/wp\/v2\/users\/2"}],"replies":[{"embeddable":true,"href":"https:\/\/www.r2cpress.com.br\/v1\/wp-json\/wp\/v2\/comments?post=101047"}],"version-history":[{"count":1,"href":"https:\/\/www.r2cpress.com.br\/v1\/wp-json\/wp\/v2\/posts\/101047\/revisions"}],"predecessor-version":[{"id":101049,"href":"https:\/\/www.r2cpress.com.br\/v1\/wp-json\/wp\/v2\/posts\/101047\/revisions\/101049"}],"wp:attachment":[{"href":"https:\/\/www.r2cpress.com.br\/v1\/wp-json\/wp\/v2\/media?parent=101047"}],"wp:term":[{"taxonomy":"category","embeddable":true,"href":"https:\/\/www.r2cpress.com.br\/v1\/wp-json\/wp\/v2\/categories?post=101047"},{"taxonomy":"post_tag","embeddable":true,"href":"https:\/\/www.r2cpress.com.br\/v1\/wp-json\/wp\/v2\/tags?post=101047"}],"curies":[{"name":"wp","href":"https:\/\/api.w.org\/{rel}","templated":true}]}}