{"id":101052,"date":"2016-05-19T19:06:18","date_gmt":"2016-05-19T22:06:18","guid":{"rendered":"http:\/\/www.r2cpress.com.br\/v1\/?p=101052"},"modified":"2016-05-19T19:06:18","modified_gmt":"2016-05-19T22:06:18","slug":"batalhao-de-policiamento-turistico-completa-um-ano-de-acoes-na-bahia","status":"publish","type":"post","link":"https:\/\/www.r2cpress.com.br\/v1\/2016\/05\/19\/batalhao-de-policiamento-turistico-completa-um-ano-de-acoes-na-bahia\/","title":{"rendered":"Batalh\u00e3o de policiamento tur\u00edstico completa um ano de a\u00e7\u00f5es na Bahia"},"content":{"rendered":"<div>H\u00e1 um ano, policiais militares do Batalh\u00e3o Especializado em Policiamento Tur\u00edstico (Beptur) refor\u00e7am n\u00e3o apenas a seguran\u00e7a p\u00fablica no estado, mas tamb\u00e9m o atendimento e receptivo aos visitantes que chegam \u00e0 Bahia. Um diferencial que faz a celebra\u00e7\u00e3o do primeiro ano do Batalh\u00e3o, celebrado nesta quinta-feira (19), ganhar um tom especial. S\u00e3o 12 meses de a\u00e7\u00f5es bem sucedidas e servi\u00e7os diferenciados prestados \u00e0 sociedade.<\/div>\n<div>\n<div id=\"attachment_101053\" style=\"width: 610px\" class=\"wp-caption aligncenter\"><a href=\"http:\/\/www.r2cpress.com.br\/v1\/wp-content\/uploads\/2016\/05\/BY-Alberto-Coutinho-GOVBA.jpg\"><img aria-describedby=\"caption-attachment-101053\" loading=\"lazy\" class=\"size-full wp-image-101053\" src=\"http:\/\/www.r2cpress.com.br\/v1\/wp-content\/uploads\/2016\/05\/BY-Alberto-Coutinho-GOVBA.jpg\" alt=\"BY Alberto Coutinho GOVBA\" width=\"600\" height=\"400\" srcset=\"https:\/\/www.r2cpress.com.br\/v1\/wp-content\/uploads\/2016\/05\/BY-Alberto-Coutinho-GOVBA.jpg 600w, https:\/\/www.r2cpress.com.br\/v1\/wp-content\/uploads\/2016\/05\/BY-Alberto-Coutinho-GOVBA-300x200.jpg 300w\" sizes=\"(max-width: 600px) 100vw, 600px\" \/><\/a><p id=\"caption-attachment-101053\" class=\"wp-caption-text\">BY Alberto Coutinho GOVBA<\/p><\/div>\n<\/div>\n<div>Atualmente, 271 oficiais e pra\u00e7as atuam em pontos tur\u00edsticos importantes e locais de grande circula\u00e7\u00e3o de visitantes na capital, como o Aeroporto, Bonfim, Centro Hist\u00f3rico, Mercado Modelo, Terminal Mar\u00edtimo, Barra, Rio Vermelho, Dique do Toror\u00f3, Jardim de Alah, e Largo da Cira, em Itapu\u00e3.<\/div>\n<div><\/div>\n<div>A comemora\u00e7\u00e3o do primeiro ano de cria\u00e7\u00e3o do Beptur aconteceu no Centro de Conven\u00e7\u00f5es de Salvador, com um culto ecum\u00eanico por volta das 8h, seguido por uma solenidade c\u00edvico-militar com a presen\u00e7a de autoridades militares e civis que foram prestigiar o anivers\u00e1rio do Batalh\u00e3o.<\/div>\n<p><!--more--><\/p>\n<div>Para o subcomandante da Pol\u00edcia Militar, coronel Ant\u00f4nio Reis, a comemora\u00e7\u00e3o \u00e9 um reconhecimento \u00e0 tropa. &#8220;Meus parab\u00e9ns aos homens e mulheres que se dedicaram completamente ao servi\u00e7o de um batalh\u00e3o, que conseguiu j\u00e1 nascer grande por causa da sua pr\u00f3pria import\u00e2ncia. \u00c9 atrav\u00e9s do Beptur que conseguimos alcan\u00e7ar um n\u00famero ainda maior de pessoas, de diversas nacionalidades&#8221;, comentou o subcomandante.<\/div>\n<div><\/div>\n<div><b>Prepara\u00e7\u00e3o\u00a0<\/b><\/div>\n<div><\/div>\n<div>Para fazer parte do Beptur, os policiais militares passam por uma prepara\u00e7\u00e3o extensa, que inclui aulas sobre hist\u00f3ria dos monumentos da cidade, turismo e cidadania, al\u00e9m de idiomas, numa forma\u00e7\u00e3o que vai al\u00e9m da seguran\u00e7a p\u00fablica. Para o comandante do Batalh\u00e3o Especializado em Policiamento Tur\u00edstico, tenente-coronel Josehilton Martins, a experi\u00eancia tem se mostrado exitosa na capital e no interior do estado.<\/div>\n<div><\/div>\n<div>&#8220;N\u00f3s estamos preparados para trabalhar com o que se relaciona \u00e0 seguran\u00e7a, mas tamb\u00e9m ao turismo. Isso porque a especializa\u00e7\u00e3o garante que os oficiais e pra\u00e7as detenham compet\u00eancias que ser\u00e3o muito \u00fateis no dia a dia com o visitante, o que inclui profici\u00eancia em outros idiomas. Nesse um ano de atividade, pudemos atuar em Salvador e tamb\u00e9m dar apoio a cidades baianas em refor\u00e7o ao policiamento local. Estamos felizes com o servi\u00e7o prestado ao estado da Bahia&#8221;, contou o tenente-coronel.<\/div>\n<div><\/div>\n<div><b>Homenagens\u00a0<\/b><\/div>\n<div><\/div>\n<div>Ainda durante a comemora\u00e7\u00e3o, na manh\u00e3 desta quinta (19), alguns militares foram homenageados e receberam medalhas, como a sargento Joelma dos Santos, que h\u00e1 um ano est\u00e1 no Beptur. &#8220;\u00c9 uma honra trabalhar com o policiamento tur\u00edstico e ao lado de colegas t\u00e3o dedicados. Nesse primeiro ano, vivemos o fortalecimento da unidade e transformamos esse grupo em uma fam\u00edlia, de uma certa forma&#8221;, afirmou ap\u00f3s receber a homenagem.<\/div>\n<p>&nbsp;<\/p>\n","protected":false},"excerpt":{"rendered":"<p>H\u00e1 um ano, policiais militares do Batalh\u00e3o Especializado em Policiamento Tur\u00edstico (Beptur) refor\u00e7am n\u00e3o apenas a seguran\u00e7a p\u00fablica no estado, mas tamb\u00e9m o atendimento e receptivo aos visitantes que chegam \u00e0 Bahia. Um diferencial que faz a celebra\u00e7\u00e3o do primeiro ano do Batalh\u00e3o, celebrado nesta quinta-feira (19), ganhar um tom especial. S\u00e3o 12 meses de [&hellip;]<\/p>\n","protected":false},"author":2,"featured_media":0,"comment_status":"open","ping_status":"open","sticky":false,"template":"","format":"standard","meta":{"_links_to":"","_links_to_target":""},"categories":[29,25,27],"tags":[],"_links":{"self":[{"href":"https:\/\/www.r2cpress.com.br\/v1\/wp-json\/wp\/v2\/posts\/101052"}],"collection":[{"href":"https:\/\/www.r2cpress.com.br\/v1\/wp-json\/wp\/v2\/posts"}],"about":[{"href":"https:\/\/www.r2cpress.com.br\/v1\/wp-json\/wp\/v2\/types\/post"}],"author":[{"embeddable":true,"href":"https:\/\/www.r2cpress.com.br\/v1\/wp-json\/wp\/v2\/users\/2"}],"replies":[{"embeddable":true,"href":"https:\/\/www.r2cpress.com.br\/v1\/wp-json\/wp\/v2\/comments?post=101052"}],"version-history":[{"count":1,"href":"https:\/\/www.r2cpress.com.br\/v1\/wp-json\/wp\/v2\/posts\/101052\/revisions"}],"predecessor-version":[{"id":101054,"href":"https:\/\/www.r2cpress.com.br\/v1\/wp-json\/wp\/v2\/posts\/101052\/revisions\/101054"}],"wp:attachment":[{"href":"https:\/\/www.r2cpress.com.br\/v1\/wp-json\/wp\/v2\/media?parent=101052"}],"wp:term":[{"taxonomy":"category","embeddable":true,"href":"https:\/\/www.r2cpress.com.br\/v1\/wp-json\/wp\/v2\/categories?post=101052"},{"taxonomy":"post_tag","embeddable":true,"href":"https:\/\/www.r2cpress.com.br\/v1\/wp-json\/wp\/v2\/tags?post=101052"}],"curies":[{"name":"wp","href":"https:\/\/api.w.org\/{rel}","templated":true}]}}