{"id":101074,"date":"2016-05-20T11:06:06","date_gmt":"2016-05-20T14:06:06","guid":{"rendered":"http:\/\/www.r2cpress.com.br\/v1\/?p=101074"},"modified":"2016-05-20T11:06:06","modified_gmt":"2016-05-20T14:06:06","slug":"festa-de-santo-antonio-em-ilheus-programacao","status":"publish","type":"post","link":"https:\/\/www.r2cpress.com.br\/v1\/2016\/05\/20\/festa-de-santo-antonio-em-ilheus-programacao\/","title":{"rendered":"Festa de Santo Ant\u00f4nio em Ilh\u00e9us \/ PROGRAMA\u00c7\u00c3O"},"content":{"rendered":"<p><center><iframe loading=\"lazy\" src=\"\/\/www.slideshare.net\/slideshow\/embed_code\/key\/EbiarZMUsqvYx9\" width=\"572\" height=\"612\" frameborder=\"0\" marginwidth=\"0\" marginheight=\"0\" scrolling=\"no\" style=\"border:1px solid #CCC; border-width:1px; margin-bottom:5px; max-width: 100%;\" allowfullscreen> <\/iframe> <\/p>\n<div style=\"margin-bottom:5px\"> <strong> <a href=\"\/\/www.slideshare.net\/r2cpress\/programao-da-festa-de-santo-antnio-2016\" title=\"Programa\u00e7\u00e3o da festa de santo ant\u00f4nio 2016\" target=\"_blank\">Programa\u00e7\u00e3o da festa de santo ant\u00f4nio 2016<\/a> <\/strong> from <strong><a href=\"\/\/www.slideshare.net\/r2cpress\" target=\"_blank\">Roberto Rabat Chame<\/a><\/strong> <\/div>\n<p><strong>PARA LER EM TELA CHEIA CLIQUE NAS DUAS SETINHAS.<\/strong><\/center><\/p>\n","protected":false},"excerpt":{"rendered":"<p>Programa\u00e7\u00e3o da festa de santo ant\u00f4nio 2016 from Roberto Rabat Chame PARA LER EM TELA CHEIA CLIQUE NAS DUAS SETINHAS.<\/p>\n","protected":false},"author":2,"featured_media":0,"comment_status":"open","ping_status":"open","sticky":false,"template":"","format":"standard","meta":{"_links_to":"","_links_to_target":""},"categories":[14],"tags":[],"_links":{"self":[{"href":"https:\/\/www.r2cpress.com.br\/v1\/wp-json\/wp\/v2\/posts\/101074"}],"collection":[{"href":"https:\/\/www.r2cpress.com.br\/v1\/wp-json\/wp\/v2\/posts"}],"about":[{"href":"https:\/\/www.r2cpress.com.br\/v1\/wp-json\/wp\/v2\/types\/post"}],"author":[{"embeddable":true,"href":"https:\/\/www.r2cpress.com.br\/v1\/wp-json\/wp\/v2\/users\/2"}],"replies":[{"embeddable":true,"href":"https:\/\/www.r2cpress.com.br\/v1\/wp-json\/wp\/v2\/comments?post=101074"}],"version-history":[{"count":1,"href":"https:\/\/www.r2cpress.com.br\/v1\/wp-json\/wp\/v2\/posts\/101074\/revisions"}],"predecessor-version":[{"id":101075,"href":"https:\/\/www.r2cpress.com.br\/v1\/wp-json\/wp\/v2\/posts\/101074\/revisions\/101075"}],"wp:attachment":[{"href":"https:\/\/www.r2cpress.com.br\/v1\/wp-json\/wp\/v2\/media?parent=101074"}],"wp:term":[{"taxonomy":"category","embeddable":true,"href":"https:\/\/www.r2cpress.com.br\/v1\/wp-json\/wp\/v2\/categories?post=101074"},{"taxonomy":"post_tag","embeddable":true,"href":"https:\/\/www.r2cpress.com.br\/v1\/wp-json\/wp\/v2\/tags?post=101074"}],"curies":[{"name":"wp","href":"https:\/\/api.w.org\/{rel}","templated":true}]}}