{"id":101076,"date":"2016-05-20T20:00:09","date_gmt":"2016-05-20T23:00:09","guid":{"rendered":"http:\/\/www.r2cpress.com.br\/v1\/?p=101076"},"modified":"2016-05-20T14:36:28","modified_gmt":"2016-05-20T17:36:28","slug":"do-fundo-do-bau-de-jose-leite-240","status":"publish","type":"post","link":"https:\/\/www.r2cpress.com.br\/v1\/2016\/05\/20\/do-fundo-do-bau-de-jose-leite-240\/","title":{"rendered":"DO FUNDO DO BA\u00da DE JOS\u00c9 LEITE."},"content":{"rendered":"<p><center><img loading=\"lazy\" src=\"http:\/\/www.r2cpress.com.br\/v1\/wp-content\/uploads\/Novo-visual-do-Bau_400L21.jpg\" width=\"400\" height=\"320\" class=\"alignnone\" \/><br \/>\n<strong>1)\tENCONTRO DE CARROS ANTIGOS NO CENTRO COMERCIAL DE ILH\u00c9US (FINAL).<br \/>\n2)\tJOVENS QUE PARTICIPARAM E COLABORARAM COM A ORGANIZA\u00c7\u00c3O JOS\u00c9 LEITE DE SOUZA NOS \u00daLTIMOS 50 ANOS (2\u00aa PARTE).<br \/>\n3)\tDA S\u00c9RIE: EU ERA ASSIM&#8230; FIQUEI ASSIM.<br \/>\n4)\tAS FOTOS DESTAQUES DA SEMANA.<\/strong><\/center><\/p>\n<p><!--more--><\/p>\n<p><b><center>*************************************************************************<\/center><\/b><\/p>\n<p><b><center> 1) ENCONTRO DE CARROS ANTIGOS NO CENTRO COMERCIAL DE ILH\u00c9US (FINAL). <\/center><\/b><\/p>\n<p>Muito movimentado o PRIMEIRO ENCONTRO DE CARROS ANTIGOS, realizado no \u00faltimo dia sete de Maio, v\u00e9spera do DIA DAS M\u00c3ES, no Centro Comercial de ILH\u00c9US. Observe nas fotos abaixo.<\/p>\n<div style=\"width: 610px\" class=\"wp-caption aligncenter\"><img loading=\"lazy\" src=\"https:\/\/lh3.googleusercontent.com\/-1E5_VatFGmc\/Vz8dd0V87UI\/AAAAAAABteY\/rjHLajfQKnQ1x0ZAPpuKKdTtzW1rYMY4wCCo\/s600\/1.jpg\" width=\"600\" height=\"338\" class \/><p class=\"wp-caption-text\">Foram muitos CARROS ANTIGOS e muitos curiosos tamb\u00e9m.<br \/>\nFoto tirada do 1\u00ba andar do HOTEL CACAU D\u2019OURO.<br \/><\/p><\/div>\n<div style=\"width: 610px\" class=\"wp-caption aligncenter\"><img loading=\"lazy\" src=\"https:\/\/lh3.googleusercontent.com\/-EyqWX7qAHDU\/Vz8dh90LtFI\/AAAAAAABteY\/gklqX9zsBAw-tRq3syWhqRoL6_c4raU3gCCo\/s600\/2.JPG\" width=\"600\" height=\"450\" class \/><p class=\"wp-caption-text\">Destaque para uma \u201cLAMBRETA\u201d ano 1968 (foto). JOS\u00c9 LEITE lembrou-se da \u201cVESPA\u201d que ele comprou no ano de 1965.<\/p><\/div>\n<div style=\"width: 610px\" class=\"wp-caption aligncenter\"><img loading=\"lazy\" src=\"https:\/\/lh3.googleusercontent.com\/-ar3TT2qEZi0\/Vz8diHtVfvI\/AAAAAAABteY\/BSm2v9ra23ElnhLLxSdhMNxU0NkaJYpYACCo\/s600\/3.JPG\" width=\"600\" height=\"450\" class \/><p class=\"wp-caption-text\">Na foto acima, Autoridades presentes no Evento. Da esquerda para a direita: O Secret\u00e1rio ISAAC ALBAGLI, o Vice-Prefeito CARLOS MACHADO (CAC\u00c1), o Chefe do DETRAN NA BAHIA L\u00daCIO GOMES, o Superintendente da SUTRAN EM ILH\u00c9US PAULO MACHADO e amigos. (Foto: 07-05-2016).<\/p><\/div>\n<p><b><center> 2) JOVENS QUE PARTICIPARAM E COLABORARAM COM A ORGANIZA\u00c7\u00c3O JOS\u00c9 LEITE DE SOUZA NOS \u00daLTIMOS 50 ANOS (2\u00aa PARTE). <\/center><\/b><\/p>\n<p><center><div style=\"width: 369px\" class=\"wp-caption alignnone\"><img loading=\"lazy\" src=\"https:\/\/lh3.googleusercontent.com\/-8jQGSUmpsKo\/Vz8dk_APXrI\/AAAAAAABteY\/Ew2c9EpgKwg4QfrZFl4kiZKUKTvP_HarwCCo\/s500\/4.png\" width=\"359\" height=\"500\" class \/><p class=\"wp-caption-text\">Jovens que trabalharam na ORGANIZA\u00c7\u00c3O JOS\u00c9 LEITE DE SOUZA NA D\u00c9CADA DE 1970. Na foto: em cima est\u00e3o ELIZABETH MACHADO DA SILVA e GILMA GAMA RAMOS, abaixo est\u00e3o IVANY SANTOS SOBRAL e ALBA REGINA.<\/p><\/div> <\/center><\/p>\n<div style=\"width: 392px\" class=\"wp-caption aligncenter\"><img loading=\"lazy\" src=\"https:\/\/lh3.googleusercontent.com\/-WAWtZ0pSPPM\/Vz8dkyJMbTI\/AAAAAAABteY\/1Q6YwAI_9tAmISi7D4FB2Zwkscb4JFKugCCo\/s500\/5.jpg\" width=\"382\" height=\"500\" class \/><p class=\"wp-caption-text\">H\u00e1 38 anos, essas jovens trabalhavam na \u00d3TICA SAFIRA ou na \u00d3TICA CRUZEIRO. Na foto: na parte superior est\u00e3o MARCIA SALES MENDES e NEUZA MARIA FRAN\u00c7A DIAS, abaixo est\u00e3o MARCIA MARIA CATARINO e MARIA VITORIA PINTO LEMOS.<\/p><\/div>\n<div style=\"width: 392px\" class=\"wp-caption aligncenter\"><img loading=\"lazy\" src=\"https:\/\/lh3.googleusercontent.com\/-TEmMle3Mdo4\/Vz8dk-yFD0I\/AAAAAAABteY\/3dV5QU2K__oFlqWdg-8K0_43DkJLndI-ACCo\/s500\/6.jpg\" width=\"382\" height=\"500\" class \/><p class=\"wp-caption-text\">A ORGANIZA\u00c7\u00c3O JOS\u00c9 LEITE DE SOUZA agradece a todas as jovens que t\u00e3o bem desempenharam seu trabalho e deseja a todas MUITOS ANOS DE VIDA! Na foto, na parte superior est\u00e3o ROSEMEIRY LEMOS SANTOS e SANDRA REGINA MATOS, abaixo est\u00e3o SILVANA ALVES DE AMORIM e VERA JOSEFA DOS SANTOS.<\/p><\/div>\n<p><b><center> 2) DA S\u00c9RIE: EU ERA ASSIM&#8230; FIQUEI ASSIM. <\/center><\/b><\/p>\n<div style=\"width: 610px\" class=\"wp-caption aligncenter\"><img loading=\"lazy\" src=\"https:\/\/lh3.googleusercontent.com\/-xWSoxCVylI8\/Vz8dnSmUPxI\/AAAAAAABteg\/KovMx6PPPIAhkqgxbMO0yWs4ncg4M4NbwCCo\/s600\/7.jpeg\" width=\"600\" height=\"405\" class \/><p class=\"wp-caption-text\">O amigo ROBERTO RABAT, dono do BLOG R2CPRESS AG\u00caNCIA DE NOT\u00cdCIAS, at\u00e9 pouco tempo fumante inveterado. Observe na foto acima clicada h\u00e1 pouco tempo quando ainda fumante.<\/p><\/div>\n<div style=\"width: 421px\" class=\"wp-caption aligncenter\"><img loading=\"lazy\" src=\"https:\/\/lh3.googleusercontent.com\/-ElqnmMz_oc4\/Vz8dndukNTI\/AAAAAAABteg\/JKQK3Igg8-8FS-Rdm_kNQC3MU9iJjlZfgCCo\/s500\/8.JPG\" width=\"411\" height=\"500\" class \/><p class=\"wp-caption-text\">Na foto acima, clicada na \u00faltima segunda feira (16-05-2016) ROBERTO RABAT agora ficou assim BONIT\u00c3O depois que deixou de fumar. PARAB\u00c9NS IRM\u00c3O!<\/p><\/div>\n<p><b><center> 4) AS FOTOS DESTAQUES DA SEMANA. <\/center><\/b><\/p>\n<div style=\"width: 610px\" class=\"wp-caption aligncenter\"><img loading=\"lazy\" src=\"https:\/\/lh3.googleusercontent.com\/-ACjmvnZBnKA\/Vz8dnuCY7oI\/AAAAAAABteg\/mhlIGBNiHhwaGigmJ9Di02_DZpNoojJywCCo\/s600\/9.JPG\" width=\"600\" height=\"450\" class \/><p class=\"wp-caption-text\">O Carr\u00e3o LANDAU de JOS\u00c9 LEITE \u00e9 lindo, mas RODRIGO, filho de CAC\u00c1, \u00e9 muito mais! Foto no ENCONTRO DE CARROS ANTIGOS em 07-05-2016.<\/p><\/div>\n<div style=\"width: 610px\" class=\"wp-caption aligncenter\"><img loading=\"lazy\" src=\"https:\/\/lh3.googleusercontent.com\/-PnliAyfOFXo\/Vz8dd8N068I\/AAAAAAABteY\/aMajYNtm7ns2KtpVYlj_1quGdm3EA2cKgCCo\/s600\/10.JPG\" width=\"600\" height=\"450\" class \/><p class=\"wp-caption-text\">JOS\u00c9 LEITE ao lado de uma CAMIONETE ANTIGA da CHEVROLET do seu amigo Cearense DOURADO. Foto num evento na cidade do CRATO \u2013 CEAR\u00c1.<br \/>\n(Foto: 24-04-2016).<br \/><\/p><\/div>\n<div style=\"width: 385px\" class=\"wp-caption aligncenter\"><img loading=\"lazy\" src=\"https:\/\/lh3.googleusercontent.com\/-q3Qv45zlGd8\/Vz8ddwxD41I\/AAAAAAABteY\/WqHmEDTFzsYDZRkqUJVsWuvAGTSqjtU0QCCo\/s500\/11.jpeg\" width=\"375\" height=\"500\" class \/><p class=\"wp-caption-text\">Os amigos pediram BIS! Mais uma foto do meu amigo \u201cLEO CABELEIREIRO\u201d desfilando na AVENIDA SOARES LOPES no CARNAVAL DE 1971.<br \/>\nQUEM SE LEMBRA? EU ME LEMBRO!<br \/><\/p><\/div>\n<div style=\"width: 610px\" class=\"wp-caption aligncenter\"><img loading=\"lazy\" src=\"https:\/\/lh3.googleusercontent.com\/-8d8YwgMrl80\/Vz8dfeH9mcI\/AAAAAAABteY\/ez_f8ctIRgwrOC9jeidHrl3NQVdyp2daQCCo\/s600\/12.jpeg\" width=\"600\" height=\"386\" class \/><p class=\"wp-caption-text\">O QUE ERA BOM DUROU POUCO! No come\u00e7o do ver\u00e3o, a Prefeitura de ILH\u00c9US, atrav\u00e9s do Departamento de Tr\u00e2nsito, organizou o trafego na AVENIDA SOARES LOPES para dar seguran\u00e7a aos que fazem caminhada, proibindo os CARROS de passarem em uma pista no hor\u00e1rio das 5h30min \u00e0s 8h00min. Essa semana retiraram os CONES e agora FICOU PIOR, os carros est\u00e3o rodando pelos dois lados da pista no sentido do PORTO DE ILH\u00c9US. Bastava colocar algumas PLACAS com avisos e tudo seria resolvido. VAMOS ESPERAR!<\/p><\/div>\n<div style=\"width: 610px\" class=\"wp-caption aligncenter\"><img loading=\"lazy\" src=\"https:\/\/lh3.googleusercontent.com\/-9vWYTDjzGbQ\/Vz8df81VAEI\/AAAAAAABteY\/c63KGNO0x60BIfYqLRbHotpYJaidFTIFwCCo\/s600\/13.jpeg\" width=\"600\" height=\"399\" class \/><p class=\"wp-caption-text\">Hoje, 20 de Maio de 2016 a \u00d3TICA CRUZEIRO est\u00e1 comemorando 42 ANOS DE INAUGURADA. Na foto acima clicada no dia da INAUGURA\u00c7\u00c3O em 20 de Maio de 1974, JOS\u00c9 LEITE \u00e9 o de costas com camisa escura. O garoto que aparece primeiro da esquerda para a direita \u00e9 MAURICIO MARON, hoje Jornalista e dono do BLOG BAHIA ONLINE. SALVE, SALVE!<\/p><\/div>\n<div style=\"width: 384px\" class=\"wp-caption aligncenter\"><img loading=\"lazy\" src=\"https:\/\/lh3.googleusercontent.com\/-jrV854FIBes\/Vz8df5rNqKI\/AAAAAAABteY\/Gf-a12LpQaU_8C6V9LaEr_5Gvmrt5-QjwCCo\/s500\/14.jpeg\" width=\"374\" height=\"500\" class \/><p class=\"wp-caption-text\">INAUGURA\u00c7\u00c3O DA \u00d3TICA CRUZEIRO (20-05-1974). Coquetel com muitos salgadinhos. Na foto aparece a saudosa amiga DONA CL\u00c9A MARON e seus 2 filhos MAUR\u00cdCIO MARON (de costas) e MARCOS MARON (olhando para o fot\u00f3grafo).<br \/>\nTamb\u00e9m aparecem mais duas pessoas da fam\u00edlia MARON. A \u00d3TICA CRUZEIRO fica localizada na Rua Rodolfo Vieira, onde JOS\u00c9 LEITE comemora esse ano 50 ANOS naquela Rua.<br \/><\/p><\/div>\n<p><b><center> E NO MAIS&#8230; <\/center><\/b><\/p>\n<div style=\"width: 385px\" class=\"wp-caption aligncenter\"><img loading=\"lazy\" src=\"https:\/\/lh3.googleusercontent.com\/-XpiUMECrupw\/Vz8dgXSvurI\/AAAAAAABteY\/7u7nwt1e3OYRF3pc1xQU4OwFOV2E6bDTgCCo\/s500\/15.JPG\" width=\"375\" height=\"500\" class \/><p class=\"wp-caption-text\">JOS\u00c9 LEITE sempre bem bem acompanhado na ABI\u00d3TICA 2016, A MAIOR FEIRA DE \u00d3TICA DA AM\u00c9RICA LATINA. Na foto, no estande da GOLDEN VISION OPTICAL. (Foto: 15-04-2016).<\/p><\/div>\n<p>&#8212;<br \/>\n<span style=\"color: blue;\"><b>Para ver o BA\u00da da semana passada clique<\/b><a href=\"http:\/\/www.r2cpress.com.br\/v1\/2016\/05\/13\/do-fundo-do-bau-de-jose-leite-239\/\" target=\"_news\"><b> AQUI.<\/b><\/a><\/span><\/p>\n<p>&#8212;<br \/>\nTexto e fotos: Jos\u00e9 Leite de Souza<br \/>\njleitesouza@hotmail.com<br \/>\n(73) 3634-3134<\/p>\n","protected":false},"excerpt":{"rendered":"<p>1) ENCONTRO DE CARROS ANTIGOS NO CENTRO COMERCIAL DE ILH\u00c9US (FINAL). 2) JOVENS QUE PARTICIPARAM E COLABORARAM COM A ORGANIZA\u00c7\u00c3O JOS\u00c9 LEITE DE SOUZA NOS \u00daLTIMOS 50 ANOS (2\u00aa PARTE). 3) DA S\u00c9RIE: EU ERA ASSIM&#8230; FIQUEI ASSIM. 4) AS FOTOS DESTAQUES DA SEMANA.<\/p>\n","protected":false},"author":2,"featured_media":0,"comment_status":"open","ping_status":"open","sticky":false,"template":"","format":"standard","meta":{"_links_to":"","_links_to_target":""},"categories":[10],"tags":[],"_links":{"self":[{"href":"https:\/\/www.r2cpress.com.br\/v1\/wp-json\/wp\/v2\/posts\/101076"}],"collection":[{"href":"https:\/\/www.r2cpress.com.br\/v1\/wp-json\/wp\/v2\/posts"}],"about":[{"href":"https:\/\/www.r2cpress.com.br\/v1\/wp-json\/wp\/v2\/types\/post"}],"author":[{"embeddable":true,"href":"https:\/\/www.r2cpress.com.br\/v1\/wp-json\/wp\/v2\/users\/2"}],"replies":[{"embeddable":true,"href":"https:\/\/www.r2cpress.com.br\/v1\/wp-json\/wp\/v2\/comments?post=101076"}],"version-history":[{"count":3,"href":"https:\/\/www.r2cpress.com.br\/v1\/wp-json\/wp\/v2\/posts\/101076\/revisions"}],"predecessor-version":[{"id":101079,"href":"https:\/\/www.r2cpress.com.br\/v1\/wp-json\/wp\/v2\/posts\/101076\/revisions\/101079"}],"wp:attachment":[{"href":"https:\/\/www.r2cpress.com.br\/v1\/wp-json\/wp\/v2\/media?parent=101076"}],"wp:term":[{"taxonomy":"category","embeddable":true,"href":"https:\/\/www.r2cpress.com.br\/v1\/wp-json\/wp\/v2\/categories?post=101076"},{"taxonomy":"post_tag","embeddable":true,"href":"https:\/\/www.r2cpress.com.br\/v1\/wp-json\/wp\/v2\/tags?post=101076"}],"curies":[{"name":"wp","href":"https:\/\/api.w.org\/{rel}","templated":true}]}}