{"id":101086,"date":"2016-05-20T17:08:56","date_gmt":"2016-05-20T20:08:56","guid":{"rendered":"http:\/\/www.r2cpress.com.br\/v1\/?p=101086"},"modified":"2016-05-20T17:08:56","modified_gmt":"2016-05-20T20:08:56","slug":"unidade-do-exercito-em-ilheus-completa-70-anos","status":"publish","type":"post","link":"https:\/\/www.r2cpress.com.br\/v1\/2016\/05\/20\/unidade-do-exercito-em-ilheus-completa-70-anos\/","title":{"rendered":"Unidade do Ex\u00e9rcito em Ilh\u00e9us completa 70 anos"},"content":{"rendered":"<p><em>\u00d3rg\u00e3o \u00e9 respons\u00e1vel pela fiscaliza\u00e7\u00e3o da venda de produtos controlados, como armamentos e explosivos tamb\u00e9m contribui com a\u00e7\u00f5es sociais, entre outras<br \/>\n<\/em><\/p>\n<p><div id=\"attachment_101087\" style=\"width: 310px\" class=\"wp-caption alignleft\"><a href=\"http:\/\/www.r2cpress.com.br\/v1\/wp-content\/uploads\/2016\/05\/Foi-comemorado-nesta-sexta-o-70\u00b0-Anivers\u00e1rio-da-18\u00aa-CSM-em-Ilheus-20.05.16-Foto-Alfredo-Filho-Secom-Ilheus-3.jpg\"><img aria-describedby=\"caption-attachment-101087\" loading=\"lazy\" src=\"http:\/\/www.r2cpress.com.br\/v1\/wp-content\/uploads\/2016\/05\/Foi-comemorado-nesta-sexta-o-70\u00b0-Anivers\u00e1rio-da-18\u00aa-CSM-em-Ilheus-20.05.16-Foto-Alfredo-Filho-Secom-Ilheus-3.jpg\" alt=\"Foi comemorado nesta sexta o 70\u00b0 Anivers\u00e1rio da 18\u00aa CSM, em Ilheus - 20.05.16 - Foto Alfredo Filho Secom Ilheus \" width=\"300\" height=\"200\" class=\"size-full wp-image-101087\" \/><\/a><p id=\"caption-attachment-101087\" class=\"wp-caption-text\">Foi comemorado nesta sexta o 70\u00b0 Anivers\u00e1rio da 18\u00aa CSM, em Ilheus &#8211; 20.05.16 &#8211; Foto Alfredo Filho Secom Ilheus<\/p><\/div>A 18\u00aa Circunscri\u00e7\u00e3o de Servi\u00e7o Militar (CSM), instalada em Ilh\u00e9us, comemorou nesta sexta-feira, 70 anos de cria\u00e7\u00e3o e 65 de funcionamento no munic\u00edpio, durante solenidade realizada em sua sede, no bairro Cidade Nova. O ato foi conduzido pelo comandante da CSM, Tentente-Coronel Serra, e contou com a participa\u00e7\u00e3o do prefeito em exerc\u00edcio, Carlos Machado (Cac\u00e1), do padre Aldemiro Sena (Miro), os Majores da Pol\u00edcia Militar, Rivas Pinehiro e C\u00e2mara, al\u00e9m de representantes regionais da For\u00e7a A\u00e9rea e da Marinha, e ex-chefes e integrantes daquele \u00f3rg\u00e3o.<\/p>\n<p>Na cerim\u00f4nia, o comandante Serra fez um balan\u00e7o das atividades desenvolvidas desde a cria\u00e7\u00e3o da CSM, ainda como Circunscri\u00e7\u00e3o de Recrutamento, na cidade de Jequi\u00e9, em 1946. Segundo ele, o \u00f3rg\u00e3o nasceu com o objetivo de formar soldados para mobiliza\u00e7\u00e3o terrestre nas microrregi\u00f5es do extremo sul e sudeste da Bahia.<\/p>\n<p>&#8220;Hoje, a 18\u00aa CSM \u00e9 uma base regional de execu\u00e7\u00e3o e fiscaliza\u00e7\u00e3o do servi\u00e7o militar, tendo como finalidade principal coordenar, fiscalizar e executar os trabalhos relativos ao alistamento realizados pelas Delegacias de Servi\u00e7o Militar e pelas Juntas de Servi\u00e7o Militar da regi\u00e3o&#8221;, finalizou Serra.<\/p>\n<p>Para o prefeito em exerc\u00edcio, Carlos Machado, a trajet\u00f3ria da 18\u00aa CSM se confunde com a hist\u00f3ria recente de Ilh\u00e9us, &#8220;por ter sempre desempenhado papel importante em assuntos estrat\u00e9gicos, como na seguran\u00e7a de determinados eventos, apoio em a\u00e7\u00f5es emergenciais, como nos per\u00edodos de chuva, no combate ao mosquito aedes aegypti, entre outras a\u00e7\u00f5es&#8221;.<\/p>\n<p><strong>Homenagens <\/strong>&#8211; No ato desta sexta-feira, 20, o \u00f3rg\u00e3o, que integra a VI Regi\u00e3o Militar, homenageou com o t\u00edtulo Amigo da 18\u00aa CSM, o delegado da Capitania dos Portos de Ilh\u00e9us, Capit\u00e3o Luiz Carlos Mendes Juvenal, al\u00e9m de reconhecer os servi\u00e7os prestados a ex-comandantes e integrantes da corpora\u00e7\u00e3o.<\/p>\n","protected":false},"excerpt":{"rendered":"<p>\u00d3rg\u00e3o \u00e9 respons\u00e1vel pela fiscaliza\u00e7\u00e3o da venda de produtos controlados, como armamentos e explosivos tamb\u00e9m contribui com a\u00e7\u00f5es sociais, entre outras A 18\u00aa Circunscri\u00e7\u00e3o de Servi\u00e7o Militar (CSM), instalada em Ilh\u00e9us, comemorou nesta sexta-feira, 70 anos de cria\u00e7\u00e3o e 65 de funcionamento no munic\u00edpio, durante solenidade realizada em sua sede, no bairro Cidade Nova. O [&hellip;]<\/p>\n","protected":false},"author":2,"featured_media":0,"comment_status":"open","ping_status":"open","sticky":false,"template":"","format":"standard","meta":{"_links_to":"","_links_to_target":""},"categories":[13],"tags":[],"_links":{"self":[{"href":"https:\/\/www.r2cpress.com.br\/v1\/wp-json\/wp\/v2\/posts\/101086"}],"collection":[{"href":"https:\/\/www.r2cpress.com.br\/v1\/wp-json\/wp\/v2\/posts"}],"about":[{"href":"https:\/\/www.r2cpress.com.br\/v1\/wp-json\/wp\/v2\/types\/post"}],"author":[{"embeddable":true,"href":"https:\/\/www.r2cpress.com.br\/v1\/wp-json\/wp\/v2\/users\/2"}],"replies":[{"embeddable":true,"href":"https:\/\/www.r2cpress.com.br\/v1\/wp-json\/wp\/v2\/comments?post=101086"}],"version-history":[{"count":1,"href":"https:\/\/www.r2cpress.com.br\/v1\/wp-json\/wp\/v2\/posts\/101086\/revisions"}],"predecessor-version":[{"id":101088,"href":"https:\/\/www.r2cpress.com.br\/v1\/wp-json\/wp\/v2\/posts\/101086\/revisions\/101088"}],"wp:attachment":[{"href":"https:\/\/www.r2cpress.com.br\/v1\/wp-json\/wp\/v2\/media?parent=101086"}],"wp:term":[{"taxonomy":"category","embeddable":true,"href":"https:\/\/www.r2cpress.com.br\/v1\/wp-json\/wp\/v2\/categories?post=101086"},{"taxonomy":"post_tag","embeddable":true,"href":"https:\/\/www.r2cpress.com.br\/v1\/wp-json\/wp\/v2\/tags?post=101086"}],"curies":[{"name":"wp","href":"https:\/\/api.w.org\/{rel}","templated":true}]}}