{"id":101148,"date":"2016-05-24T00:31:10","date_gmt":"2016-05-24T03:31:10","guid":{"rendered":"http:\/\/www.r2cpress.com.br\/v1\/?p=101148"},"modified":"2016-05-24T00:31:10","modified_gmt":"2016-05-24T03:31:10","slug":"radialistas-ilheenses-participarao-de-plenaria-estatutaria-em-brasilia","status":"publish","type":"post","link":"https:\/\/www.r2cpress.com.br\/v1\/2016\/05\/24\/radialistas-ilheenses-participarao-de-plenaria-estatutaria-em-brasilia\/","title":{"rendered":"Radialistas ilheenses participar\u00e3o de Plen\u00e1ria Estatut\u00e1ria em Bras\u00edlia"},"content":{"rendered":"<p><a href=\"http:\/\/www.r2cpress.com.br\/v1\/wp-content\/uploads\/2016\/05\/LOGO-SINDICATO-RADIALISTAS.jpg\"><img loading=\"lazy\" class=\"alignleft  wp-image-101150\" src=\"http:\/\/www.r2cpress.com.br\/v1\/wp-content\/uploads\/2016\/05\/LOGO-SINDICATO-RADIALISTAS.jpg\" alt=\"LOGO SINDICATO RADIALISTAS\" width=\"188\" height=\"147\" \/><\/a>Radialistas ilheenses participar\u00e3o da Plen\u00e1ria Estatut\u00e1ria 2016, em Bras\u00edlia, numa realiza\u00e7\u00e3o da Federa\u00e7\u00e3o Interestadual dos Trabalhadores em Empresas de Radiodifus\u00e3o e Televis\u00e3o (Fitert) que acontece dias 18, 19, 20, 21 e 22\/07. A Comitiva ilheense, j\u00e1 votada\/escolhida entre os presentes na Assembleia do dia 20\/04\/2016, ser\u00e1 composta por diretores e\/ou associados do Stert-Ilh\u00e9us. <em>(Tudo comprovado no DI\u00c1RIO OFICIAL DO MUNIC\u00cdPIO DE ILH\u00c9US, Quarta-feira, 20 de Abril de 2016. Edi\u00e7\u00e3o N\u00b0 796, Caderno IV, P\u00e1gina 16). <\/em><em>(http:\/\/ba.imprensaoficialeletronica.com.br\/prefeitura\/ilheus\/index.cfm?pagina=abreDocumento&amp;arquivo=31EC0A588A4B).<\/em><\/p>\n<p>A pauta de discuss\u00e3o da plen\u00e1ria inclui conjuntura nacional e internacional; estatuto da Federa\u00e7\u00e3o; atualiza\u00e7\u00e3o do Decreto 84.134\/79 e outros; conselho da Federa\u00e7\u00e3o e pol\u00edtica de emiss\u00e3o de registros profissionais de radialista.<\/p>\n<p><strong>Programa\u00e7\u00e3o:<\/strong><\/p>\n<p><!--more--><\/p>\n<p>18\/07: Segunda\u2013feira \u2013 A partir das 14 horas, chegada dos\/as participantes e abertura do evento;<\/p>\n<p>19\/07: Ter\u00e7a-feira &#8211; Visita\u00e7\u00e3o ao Congresso Nacional e bases pol\u00edticas de cada estado;<\/p>\n<p>20\/07: Quarta-feira \u2013 Plen\u00e1ria Nacional Estatut\u00e1ria<\/p>\n<p>09h \u00e0s 10h \u2013 Conjuntura nacional e internacional;<\/p>\n<p>10h \u00e0s 11h \u2013 Debates;<\/p>\n<p>11h \u00e0s 12h30 \u2013 In\u00edcio dos debates sobre Estatuto;<\/p>\n<p>12h30 \u00e0s 14h \u2013 Almo\u00e7o;<\/p>\n<p>14h \u00e0s 15h \u2013 Continua\u00e7\u00e3o dos debates sobre Reforma Estatut\u00e1ria;<\/p>\n<p>15h \u00e0s 18h \u2013 Apresenta\u00e7\u00e3o de propostas e aprova\u00e7\u00e3o do novo Estatuto da Federa\u00e7\u00e3o;<\/p>\n<p>18h \u2013 Encerramento dos trabalhos do dia.<\/p>\n<p>21\/07: Quinta-feira \u2013 Plen\u00e1ria Nacional sobre Registro Profissional<\/p>\n<p>09h \u00e0s 10h \u2013 Apresenta\u00e7\u00e3o de proposta de Conselho Profissional;<\/p>\n<p>10h \u00e0s 11h \u2013 Debates;<\/p>\n<p>11h \u00e0s 12h30 \u2013 Debate sobre a atualiza\u00e7\u00e3o do Decreto 84.134\/78;<\/p>\n<p>12h30min \u00e0s 14h \u2013 Almo\u00e7o;<\/p>\n<p>14h \u00e0s 17h30 \u2013 Grupos de trabalho;<\/p>\n<p>18h \u2013 Encerramento dos trabalhos do dia.<\/p>\n<p>22\/07: Sexta\u2013feira \u2013 Plen\u00e1ria Nacional sobre Registro Profissional<\/p>\n<p>09h \u00e0s 11h \u2013 Debates sobre a pol\u00edtica de concess\u00e3o de registro profissional (atestado de capacita\u00e7\u00e3o)<\/p>\n<p>11h \u00e0s 12h30 \u2013 Grupos de trabalho;<\/p>\n<p>12h30 \u00e0s 14h \u2013 Almo\u00e7o;<\/p>\n<p>14h \u00e0s 15h \u2013 Continua\u00e7\u00e3o dos grupos;<\/p>\n<p>15h \u00e0s 16h30 \u2013 Apresenta\u00e7\u00e3o dos grupos;<\/p>\n<p>16h30min \u00e0s 18h \u2013 Plen\u00e1ria Final, mo\u00e7\u00f5es e encerramento dos trabalhos.<\/p>\n<p>&nbsp;<\/p>\n<p>Dino Rocha, secret\u00e1rio geral \u2013 DRT 2074 MTA-BA, em 23\/05\/2016.<\/p>\n","protected":false},"excerpt":{"rendered":"<p>Radialistas ilheenses participar\u00e3o da Plen\u00e1ria Estatut\u00e1ria 2016, em Bras\u00edlia, numa realiza\u00e7\u00e3o da Federa\u00e7\u00e3o Interestadual dos Trabalhadores em Empresas de Radiodifus\u00e3o e Televis\u00e3o (Fitert) que acontece dias 18, 19, 20, 21 e 22\/07. A Comitiva ilheense, j\u00e1 votada\/escolhida entre os presentes na Assembleia do dia 20\/04\/2016, ser\u00e1 composta por diretores e\/ou associados do Stert-Ilh\u00e9us. (Tudo comprovado [&hellip;]<\/p>\n","protected":false},"author":2,"featured_media":0,"comment_status":"open","ping_status":"open","sticky":false,"template":"","format":"standard","meta":{"_links_to":"","_links_to_target":""},"categories":[10],"tags":[],"_links":{"self":[{"href":"https:\/\/www.r2cpress.com.br\/v1\/wp-json\/wp\/v2\/posts\/101148"}],"collection":[{"href":"https:\/\/www.r2cpress.com.br\/v1\/wp-json\/wp\/v2\/posts"}],"about":[{"href":"https:\/\/www.r2cpress.com.br\/v1\/wp-json\/wp\/v2\/types\/post"}],"author":[{"embeddable":true,"href":"https:\/\/www.r2cpress.com.br\/v1\/wp-json\/wp\/v2\/users\/2"}],"replies":[{"embeddable":true,"href":"https:\/\/www.r2cpress.com.br\/v1\/wp-json\/wp\/v2\/comments?post=101148"}],"version-history":[{"count":2,"href":"https:\/\/www.r2cpress.com.br\/v1\/wp-json\/wp\/v2\/posts\/101148\/revisions"}],"predecessor-version":[{"id":101151,"href":"https:\/\/www.r2cpress.com.br\/v1\/wp-json\/wp\/v2\/posts\/101148\/revisions\/101151"}],"wp:attachment":[{"href":"https:\/\/www.r2cpress.com.br\/v1\/wp-json\/wp\/v2\/media?parent=101148"}],"wp:term":[{"taxonomy":"category","embeddable":true,"href":"https:\/\/www.r2cpress.com.br\/v1\/wp-json\/wp\/v2\/categories?post=101148"},{"taxonomy":"post_tag","embeddable":true,"href":"https:\/\/www.r2cpress.com.br\/v1\/wp-json\/wp\/v2\/tags?post=101148"}],"curies":[{"name":"wp","href":"https:\/\/api.w.org\/{rel}","templated":true}]}}