{"id":101210,"date":"2016-05-26T16:15:12","date_gmt":"2016-05-26T19:15:12","guid":{"rendered":"http:\/\/www.r2cpress.com.br\/v1\/?p=101210"},"modified":"2016-05-26T19:07:10","modified_gmt":"2016-05-26T22:07:10","slug":"educacao-profissional-oferece-mais-oportunidades-para-jovens-e-adultos","status":"publish","type":"post","link":"https:\/\/www.r2cpress.com.br\/v1\/2016\/05\/26\/educacao-profissional-oferece-mais-oportunidades-para-jovens-e-adultos\/","title":{"rendered":"Educa\u00e7\u00e3o Profissional oferece mais oportunidades para jovens e adultos\u00a0"},"content":{"rendered":"<div><em><strong>Link para v\u00eddeo: <a id=\"LPlnk10889\" title=\"https:\/\/goo.gl\/19mtKl\nCtrl+Clique ou toque para seguir o link\" href=\"https:\/\/goo.gl\/19mtKl\" target=\"_blank\" rel=\"noreferrer\">https:\/\/goo.gl\/19mtKl<\/a><\/strong><\/em><\/div>\n<div>\n<div id=\"attachment_101211\" style=\"width: 610px\" class=\"wp-caption aligncenter\"><a href=\"http:\/\/www.r2cpress.com.br\/v1\/wp-content\/uploads\/2016\/05\/EDUCAR-PARA-TRANSFORMAR.jpg\"><img aria-describedby=\"caption-attachment-101211\" loading=\"lazy\" class=\"size-full wp-image-101211\" src=\"http:\/\/www.r2cpress.com.br\/v1\/wp-content\/uploads\/2016\/05\/EDUCAR-PARA-TRANSFORMAR.jpg\" alt=\"EDUCAR PARA TRANSFORMAR\" width=\"600\" height=\"338\" srcset=\"https:\/\/www.r2cpress.com.br\/v1\/wp-content\/uploads\/2016\/05\/EDUCAR-PARA-TRANSFORMAR.jpg 600w, https:\/\/www.r2cpress.com.br\/v1\/wp-content\/uploads\/2016\/05\/EDUCAR-PARA-TRANSFORMAR-300x169.jpg 300w\" sizes=\"(max-width: 600px) 100vw, 600px\" \/><\/a><p id=\"caption-attachment-101211\" class=\"wp-caption-text\">EDUCAR PARA TRANSFORMAR<\/p><\/div>\n<\/div>\n<div>A escolha do nome do programa estadual, Educar para Transformar, n\u00e3o foi por acaso. A educa\u00e7\u00e3o na Bahia vem mesmo transformando a realidade de milhares de jovens e tamb\u00e9m de adultos, como \u00e9 o caso de Tadeu Cristiano, que conciliou o trabalho, onde vendia caldo de cana, com as aulas de um curso t\u00e9cnico oferecido pelo Governo do Estado, na Escola An\u00edsio Teixeira, em Salvador.<\/div>\n<div><\/div>\n<div>\u00c0s v\u00e9speras de se formar em um dos cursos profissionalizantes, ele revela que tanta alegria d\u00e1 at\u00e9 vontade de chorar. &#8220;Quando eu subir no palco para pegar meu diploma, vou dedicar a meu pai, a minha m\u00e3e e ao Governo. Transformei o caldo de cana em diploma. Hoje s\u00e3o quatro mil jovens se formando, tendo a mesma alegria que estou tendo. Pais de fam\u00edlia, lutadores, \u00e9 muita gente que n\u00e3o tinha oportunidade. Agora a gente tem que agarrar essa oportunidade que o Governo est\u00e1 dando para a gente&#8221;.<\/div>\n<div><\/div>\n<div>A mudan\u00e7a na vida de Tadeu foi contada em mais uma edi\u00e7\u00e3o da s\u00e9rie especial de v\u00eddeos produzidos pela Secretaria de Comunica\u00e7\u00e3o Social do Governo da Bahia (Secom), sobre hist\u00f3rias e personagens que mostram o poder da transforma\u00e7\u00e3o pela educa\u00e7\u00e3o.<\/div>\n<div><\/div>\n<div><b>Educa\u00e7\u00e3o Profissional<\/b><\/div>\n<div><\/div>\n<div>No primeiro semestre deste ano, o Governo est\u00e1 formando um total de 10.459 t\u00e9cnicos de n\u00edvel m\u00e9dio, que conclu\u00edram os cursos em 2015. As formaturas s\u00e3o um marco para a vida dos jovens e trabalhadores que est\u00e3o aptos a exercer suas profiss\u00f5es e ter uma inser\u00e7\u00e3o cidad\u00e3 no mundo do trabalho. Desde 2010, mais de 55 mil estudantes j\u00e1 conclu\u00edram o curso t\u00e9cnico em toda o estado. A Rede Estadual de Educa\u00e7\u00e3o Profissional da Bahia \u00e9 a segunda maior do pa\u00eds na oferta de cursos, entre as redes estaduais, atr\u00e1s apenas do Estado de S\u00e3o Paulo.<\/div>\n<div id=\"Signature\"><\/div>\n","protected":false},"excerpt":{"rendered":"<p>Link para v\u00eddeo: https:\/\/goo.gl\/19mtKl A escolha do nome do programa estadual, Educar para Transformar, n\u00e3o foi por acaso. A educa\u00e7\u00e3o na Bahia vem mesmo transformando a realidade de milhares de jovens e tamb\u00e9m de adultos, como \u00e9 o caso de Tadeu Cristiano, que conciliou o trabalho, onde vendia caldo de cana, com as aulas de [&hellip;]<\/p>\n","protected":false},"author":2,"featured_media":0,"comment_status":"open","ping_status":"open","sticky":false,"template":"","format":"standard","meta":{"_links_to":"","_links_to_target":""},"categories":[8,29],"tags":[],"_links":{"self":[{"href":"https:\/\/www.r2cpress.com.br\/v1\/wp-json\/wp\/v2\/posts\/101210"}],"collection":[{"href":"https:\/\/www.r2cpress.com.br\/v1\/wp-json\/wp\/v2\/posts"}],"about":[{"href":"https:\/\/www.r2cpress.com.br\/v1\/wp-json\/wp\/v2\/types\/post"}],"author":[{"embeddable":true,"href":"https:\/\/www.r2cpress.com.br\/v1\/wp-json\/wp\/v2\/users\/2"}],"replies":[{"embeddable":true,"href":"https:\/\/www.r2cpress.com.br\/v1\/wp-json\/wp\/v2\/comments?post=101210"}],"version-history":[{"count":2,"href":"https:\/\/www.r2cpress.com.br\/v1\/wp-json\/wp\/v2\/posts\/101210\/revisions"}],"predecessor-version":[{"id":101213,"href":"https:\/\/www.r2cpress.com.br\/v1\/wp-json\/wp\/v2\/posts\/101210\/revisions\/101213"}],"wp:attachment":[{"href":"https:\/\/www.r2cpress.com.br\/v1\/wp-json\/wp\/v2\/media?parent=101210"}],"wp:term":[{"taxonomy":"category","embeddable":true,"href":"https:\/\/www.r2cpress.com.br\/v1\/wp-json\/wp\/v2\/categories?post=101210"},{"taxonomy":"post_tag","embeddable":true,"href":"https:\/\/www.r2cpress.com.br\/v1\/wp-json\/wp\/v2\/tags?post=101210"}],"curies":[{"name":"wp","href":"https:\/\/api.w.org\/{rel}","templated":true}]}}