{"id":101218,"date":"2016-05-27T10:38:51","date_gmt":"2016-05-27T13:38:51","guid":{"rendered":"http:\/\/www.r2cpress.com.br\/v1\/?p=101218"},"modified":"2016-05-27T10:38:51","modified_gmt":"2016-05-27T13:38:51","slug":"espetaculo-em-homenagem-a-mario-gusmao-sera-apresentado-na-abertura-do-festival-de-cinema-baiano-em-itabuna","status":"publish","type":"post","link":"https:\/\/www.r2cpress.com.br\/v1\/2016\/05\/27\/espetaculo-em-homenagem-a-mario-gusmao-sera-apresentado-na-abertura-do-festival-de-cinema-baiano-em-itabuna\/","title":{"rendered":"ESPET\u00c1CULO EM HOMENAGEM A M\u00c1RIO GUSM\u00c3O SER\u00c1 APRESENTADO NA ABERTURA DO FESTIVAL DE CINEMA BAIANO EM ITABUNA"},"content":{"rendered":"<p><em>A homenagem contar\u00e1 ainda com a exibi\u00e7\u00e3o do filme &#8220;Anjo negro&#8221;, de Jos\u00e9 Humberto, dentro da Mostra Retrospectiva<\/em><\/p>\n<div id=\"attachment_101219\" style=\"width: 238px\" class=\"wp-caption alignleft\"><a href=\"http:\/\/www.r2cpress.com.br\/v1\/wp-content\/uploads\/2016\/05\/M\u00e1rio-Gusm\u00e3o-Foto_Maria-Sampaio_Acervo-Pessoal.jpg\"><img aria-describedby=\"caption-attachment-101219\" loading=\"lazy\" class=\"size-full wp-image-101219\" src=\"http:\/\/www.r2cpress.com.br\/v1\/wp-content\/uploads\/2016\/05\/M\u00e1rio-Gusm\u00e3o-Foto_Maria-Sampaio_Acervo-Pessoal.jpg\" alt=\"M\u00e1rio Gusm\u00e3o Foto_Maria Sampaio_Acervo Pessoal\" width=\"228\" height=\"300\" \/><\/a><p id=\"caption-attachment-101219\" class=\"wp-caption-text\">M\u00e1rio Gusm\u00e3o Foto_Maria Sampaio_Acervo Pessoal<\/p><\/div>\n<p>O espet\u00e1culo &#8220;Anjo Negro \u2013 a mem\u00f3ria de M\u00e1rio Gusm\u00e3o&#8221; ser\u00e1 apresentado na noite de abertura do FECIBA \u2013 Festival de Cinema Baiano, que ser\u00e1 realizado em Itabuna, de 09 a 11 de junho, no Centro de Cultura Adonias Filho. O ator \u00e9 o grande homenageado desta sexta edi\u00e7\u00e3o, que j\u00e1 passou pelas cidades de Juazeiro, em abril e Feira de Santana, em maio.<\/p>\n<p>&#8220;Anjo Negro&#8221;<em>\u00a0<\/em>traz a mem\u00f3ria de M\u00e1rio Gusm\u00e3o, importante ator e diretor teatral que influenciou a trajet\u00f3ria de muitos artistas na d\u00e9cada de 1980 em Itabuna e toda a regi\u00e3o Sul da Bahia, principalmente trazendo as quest\u00f5es da valoriza\u00e7\u00e3o do ser negro.\u00a0\u00c9 um espet\u00e1culo que desenvolve uma linguagem po\u00e9tica\u00a0e dram\u00e1tica, trazendo na dan\u00e7a afro contempor\u00e2nea, uma forte inspira\u00e7\u00e3o nos elementos da dan\u00e7a primitiva. O espet\u00e1culo \u00e9 uma produ\u00e7\u00e3o do Grupo de Afro do Encantarte atrav\u00e9s do Projeto &#8220;Cultura em A\u00e7\u00e3o&#8221;\u00a0 do Ponto de Cultura \u00a0Associa\u00e7\u00e3o do Culto Afro Itabunense \u2013 ACAI, sob a dire\u00e7\u00e3o teatral, coreogr\u00e1fica e textos de Egnaldo Fran\u00e7a.<\/p>\n<p>Nascido em 1920 na cidade de Cachoeira (BA), M\u00e1rio Gusm\u00e3o foi o primeiro ator negro a se formar pela Faculdade de Teatro da Universidade Federal da Bahia \u2013 UFBA, onde ingressou na segunda turma em 1950. Mas foram nas d\u00e9cadas de 1960 e 1970 que ele viveu o melhor momento de sua carreira. Durante sua passagem por Itabuna e Ilh\u00e9us, na d\u00e9cada de 1980, Gusm\u00e3o tornou-se refer\u00eancia para o movimento negro e art\u00edstico da regi\u00e3o.<\/p>\n<p>No cinema, participou de obras importantes para a cinematografia brasileira, como &#8220;O caipora&#8221; (1963), de Oscar Santana, &#8220;O Drag\u00e3o da Maldade contra o Santo Guerreiro<em>&#8220;<\/em>\u00a0(1969), de Glauber Rocha e &#8220;Jubiab\u00e1&#8221; (1985), de Nelson Pereira dos Santos. Na televis\u00e3o, integrou o elenco das novelas &#8220;Tenda dos Milagres (1985), da Rede Globo e &#8220;Dona Beija&#8221; (1985-86), da Rede Manchete.<\/p>\n<p>Ainda como parte da homenagem, a Mostra Retrospectiva do VI FECIBA, que \u00e9 dedicada ao ator, exibir\u00e1 o longa &#8220;O anjo negro&#8221; (1972), que narra a hist\u00f3ria de um emiss\u00e1rio m\u00edstico que representa uma s\u00edntese da cultura afro baiana, que com sua for\u00e7a dionis\u00edaca, barroca, carnavalesca, selvagem e profana sacudir\u00e1 os alicerces de uma fam\u00edlia tradicional que est\u00e1 passando por uma crise. O filme de Jos\u00e9 Humberto Dias, foi protagonizado por M\u00e1rio Gusm\u00e3o e seu t\u00edtulo passou a ser utilizado como uma qualifica\u00e7\u00e3o ao homenageado.<\/p>\n<p>O VI FECIBA, festival que valoriza o cinema, o teatro e as artes baianas, foi contemplado pelo edital 02\/2015 \u2013 Agita\u00e7\u00e3o Cultural \u2013 Dinamiza\u00e7\u00e3o de Espa\u00e7os Culturais da Bahia, vinculado ao Fundo de Cultura da Bahia \u2013 FCBA, promovido pela Secretaria de Cultura do Governo do Estado da Bahia e \u00e9 uma realiza\u00e7\u00e3o do N\u00faProArt \u2013 N\u00facleo de Produ\u00e7\u00f5es Art\u00edsticas e da Voo Audiovisual.<\/p>\n<p><strong>Saiba mais sobre o VI FECIBA: <a href=\"http:\/\/www.feciba.com.br\/\">www.feciba.com.br<\/a><\/strong><\/p>\n<p>&nbsp;<\/p>\n","protected":false},"excerpt":{"rendered":"<p>A homenagem contar\u00e1 ainda com a exibi\u00e7\u00e3o do filme &#8220;Anjo negro&#8221;, de Jos\u00e9 Humberto, dentro da Mostra Retrospectiva O espet\u00e1culo &#8220;Anjo Negro \u2013 a mem\u00f3ria de M\u00e1rio Gusm\u00e3o&#8221; ser\u00e1 apresentado na noite de abertura do FECIBA \u2013 Festival de Cinema Baiano, que ser\u00e1 realizado em Itabuna, de 09 a 11 de junho, no Centro de [&hellip;]<\/p>\n","protected":false},"author":2,"featured_media":0,"comment_status":"open","ping_status":"open","sticky":false,"template":"","format":"standard","meta":{"_links_to":"","_links_to_target":""},"categories":[5],"tags":[],"_links":{"self":[{"href":"https:\/\/www.r2cpress.com.br\/v1\/wp-json\/wp\/v2\/posts\/101218"}],"collection":[{"href":"https:\/\/www.r2cpress.com.br\/v1\/wp-json\/wp\/v2\/posts"}],"about":[{"href":"https:\/\/www.r2cpress.com.br\/v1\/wp-json\/wp\/v2\/types\/post"}],"author":[{"embeddable":true,"href":"https:\/\/www.r2cpress.com.br\/v1\/wp-json\/wp\/v2\/users\/2"}],"replies":[{"embeddable":true,"href":"https:\/\/www.r2cpress.com.br\/v1\/wp-json\/wp\/v2\/comments?post=101218"}],"version-history":[{"count":1,"href":"https:\/\/www.r2cpress.com.br\/v1\/wp-json\/wp\/v2\/posts\/101218\/revisions"}],"predecessor-version":[{"id":101220,"href":"https:\/\/www.r2cpress.com.br\/v1\/wp-json\/wp\/v2\/posts\/101218\/revisions\/101220"}],"wp:attachment":[{"href":"https:\/\/www.r2cpress.com.br\/v1\/wp-json\/wp\/v2\/media?parent=101218"}],"wp:term":[{"taxonomy":"category","embeddable":true,"href":"https:\/\/www.r2cpress.com.br\/v1\/wp-json\/wp\/v2\/categories?post=101218"},{"taxonomy":"post_tag","embeddable":true,"href":"https:\/\/www.r2cpress.com.br\/v1\/wp-json\/wp\/v2\/tags?post=101218"}],"curies":[{"name":"wp","href":"https:\/\/api.w.org\/{rel}","templated":true}]}}