{"id":101233,"date":"2016-05-27T20:39:03","date_gmt":"2016-05-27T23:39:03","guid":{"rendered":"http:\/\/www.r2cpress.com.br\/v1\/?p=101233"},"modified":"2016-05-27T20:39:03","modified_gmt":"2016-05-27T23:39:03","slug":"historico-da-maconaria","status":"publish","type":"post","link":"https:\/\/www.r2cpress.com.br\/v1\/2016\/05\/27\/historico-da-maconaria\/","title":{"rendered":"HIST\u00d3RICO DA MA\u00c7ONARIA"},"content":{"rendered":"<h2 style=\"text-align: center;\"><em><strong>Por Jos\u00e9 Everaldo Andrade Souza<\/strong><\/em><\/h2>\n<div style=\"width: 320px\" class=\"wp-caption alignleft\"><img loading=\"lazy\" class=\"\" src=\"http:\/\/www.r2cpress.com.br\/v1\/wp-content\/uploads\/2016\/05\/IR-EVERALDO-CORTADO.jpg\" alt=\"\" width=\"310\" height=\"302\" \/><p class=\"wp-caption-text\">Ir.\u2019. Everaldo<\/p><\/div>\n<p><span style=\"font-weight: 400;\">Como \u00e9 comum e muit\u00edssimo salutar, n\u00f3s ma\u00e7ons, nos visitamos em nossas respectivas Lojas, onde nos confraternizamos e elaboramos projetos para a execu\u00e7\u00e3o das nossas a\u00e7\u00f5es no tocante \u00e0 filantropia e outras atividades sociais que norteiam os princ\u00edpios da nossa Ordem. Lembro-me que em recente visita a uma das nossas Lojas do Oriente de Ilh\u00e9us, entre os diversos pronunciamentos dos Irm\u00e3os presentes, chamou-me aten\u00e7\u00e3o num destes pronunciamentos a sugest\u00e3o de que a Ma\u00e7onaria teria surgido t\u00e3o somente em 1717, na Inglaterra, quando da forma\u00e7\u00e3o da Grande Loja da Inglaterra.<\/span><\/p>\n<p><span style=\"font-weight: 400;\">Em nossos estudos e pesquisas, recorrendo a diversas publica\u00e7\u00f5es e v\u00e1rios autores, nos deparamos com informa\u00e7\u00f5es que nos remetem a \u00e9pocas bem anteriores.<\/span><\/p>\n<p><span style=\"font-weight: 400;\">Os ensinamentos dos Mist\u00e9rios eg\u00edpcios eram mui zelosamente guardados, e s\u00f3 com extrema dificuldade e sob especiais condi\u00e7\u00f5es admitiria um estrangeiro. Contudo, foram admitidos alguns, como Mois\u00e9s, de quem lhe diz o relato b\u00edblico: \u201cFoi instru\u00eddo em toda a sabedoria dos eg\u00edpcios\u201d. Depois transmitiu seu conhecimento \u00e0 classe sacerdotal dos israelitas, e assim se manteve em forma mais ou menos pura at\u00e9 a \u00e9poca de David e Salom\u00e3o.<\/span><\/p>\n<p><span style=\"font-weight: 400;\">Quando Salom\u00e3o construiu o seu Templo, ergueu-o segundo as linhas ma\u00e7\u00f4nicas e tornou-o um centro do simbolismo e trabalho ma\u00e7\u00f4nicos. N\u00e3o h\u00e1 d\u00favida de que ele construiu o Templo de seu nome, com o objetivo de mostrar e preservar para seu povo certo sistema de medidas, de igual sorte como as dimens\u00f5es da grande pir\u00e2mide envolve muitos dados geod\u00e9sicos e astron\u00f4micos<\/span><\/p>\n<p><!--more--><\/p>\n<p><span style=\"font-weight: 400;\">Conv\u00e9m recordar que, ao agir assim, n\u00e3o tinha Salom\u00e3o outro escopo sen\u00e3o a de fazer que as pr\u00e1ticas de seu povo se correspondessem com as das na\u00e7\u00f5es circunvizinhas. Havia muitas tradi\u00e7\u00f5es de Mist\u00e9rios, e ainda que os israelitas houvessem levado consigo, pelo deserto de Sinai, bastante da tradi\u00e7\u00e3o eg\u00edpcia, os s\u00edrios e outros povos conservavam a tradi\u00e7\u00e3o da descida de Tamuz ou Ad\u00f4nis, em vez da do desmembramento de Os\u00edris. O Irm\u00e3o Ward, em seu \u00faltimo livro sobre este assunto, parece inclinado a defender a hip\u00f3tese de que n\u00f3s, ma\u00e7ons, devemos relativamente pouco ao Egito e muito \u00e0 S\u00edria.<\/span><\/p>\n<p><span style=\"font-weight: 400;\">Foi principalmente por interm\u00e9dio dos judeus que a Ma\u00e7onaria chegou \u00e0 Europa, conquanto tivesse havido outras infiltra\u00e7\u00f5es. Numa Pomp\u00edlio, o segundo rei de Roma, fundador dos Col\u00e9gios Romanos, estabeleceu em conex\u00e3o com eles um sistema dos Mist\u00e9rios que derivaram sua sucess\u00e3o ma\u00e7\u00f4nica do Egito. Mas suas cerim\u00f4nias e ensinamentos foram algo modificados pela imigra\u00e7\u00e3o dos ritos de Attis e Cybele para Roma cerca de 200 a.C., e tamb\u00e9m por meio dos soldados regressados das campanhas de Vespasiano e Tito. \u00a0Dos Col\u00e9gios esta tradi\u00e7\u00e3o \u00a0continuou atrav\u00e9s dos comacinos e outras sociedades secretas, atravessando os perigosos tempos da Idade M\u00e9dia; e quando, numa \u00e9poca melhor, as persegui\u00e7\u00f5es se tornaram menos ferozes, ela veio de novo \u00e0 superf\u00edcie. Certos fragmentos seus foram reunidos em 1717 para, a\u00ed sim, formar a Grande Loja da Inglaterra, e assim chegaram at\u00e9 os dias atuais.<\/span><\/p>\n<p><span style=\"font-weight: 400;\">Conv\u00e9m, no entanto, ter em conta que n\u00e3o h\u00e1 nenhuma modalidade de Ma\u00e7onaria com car\u00e1ter ortodoxo. Uma tradi\u00e7\u00e3o paralela, de fonte cald\u00e9ia, deu origem \u00e0 Ma\u00e7onaria que opera nos demais pa\u00edses da Europa; e parece que os Cavaleiros Templ\u00e1rios trouxeram outra tradi\u00e7\u00e3o ao regressarem das cruzadas.<\/span><\/p>\n<p><span style=\"font-weight: 400;\">\u00c9 interessante a hist\u00f3ria da Ma\u00e7onaria, mas o car\u00e1ter secreto desta sociedade impede comprovar a sua verdadeira origem com documentos v\u00e1lidos, e disso resultam os diversos relatos confusos e contradit\u00f3rios.<\/span><\/p>\n<p><span style=\"font-weight: 400;\">Deixou-se cair no esquecimento muito da antiga sabedoria, e por isso alguns dos verdadeiros segredos ficaram perdidos para a grande corpora\u00e7\u00e3o dos Irm\u00e3os. Mas entre os Hierofantes da Grande Fraternidade Branca os verdadeiros segredos foram sempre preservados, e eles sempre compensar\u00e3o as pesquisas do ma\u00e7om realmente ardoroso.<\/span><\/p>\n<p><span style=\"font-weight: 400;\">Procuremos reavivar em diferentes condi\u00e7\u00f5es o invenc\u00edvel esp\u00edrito que nos distinguiu h\u00e1 milhares de anos. Isto implica uma tarefa \u00e1rdua e longa, porque cada oficial ma\u00e7\u00f4nico tem de desempenhar perfeitamente suas fun\u00e7\u00f5es, o que exige muita pr\u00e1tica e exerc\u00edcio. Certamente todos responder\u00e3o ao chamado do Mestre e se apressar\u00e3o a unir-se para preparar o caminho aos que tem que servir.<\/span><\/p>\n<p><span style=\"font-weight: 400;\">Que cada Loja se torne uma Loja-modelo, totalmente eficiente em seus trabalhos, de sorte que algu\u00e9m que a visite, possa impressionar-se pelo bom trabalho feito e pela for\u00e7a de sua atmosfera magn\u00e9tica, e ser assim induzido a partilhar deste vasto empreendimento. Igualmente nossos membros devem tornar-se capazes de, quando visitarem por sua vez outras Lojas, demonstrar como, do ponto de vista oculto, se devem executar as cerim\u00f4nias. Acima de tudo, devem levar consigo, por todas as partes, o forte magnetismo de um centro completamente harmonioso, a potente irradia\u00e7\u00e3o do amor fraternal.<\/span><\/p>\n<p><span style=\"font-weight: 400;\">Para n\u00f3s ainda, tanto quanto para os antigos eg\u00edpcios, a Loja deve ser um ambiente santo, consagrado e reservado para a obra ma\u00e7\u00f4nica, e nunca utilizado para qualquer objetivo secular. Deve ter uma atmosfera pr\u00f3pria, exatamente como a tiveram as catedrais medievais; estando saturadas da influ\u00eancia de s\u00e9culos de devo\u00e7\u00e3o, devem as pr\u00f3prias paredes de nosso Templo irradiar for\u00e7a, amplitude mental e amor fraternal.<\/span><\/p>\n<p style=\"text-align: center;\"><strong><\/strong><strong><br \/>\n<\/strong>JOS\u00c9 EVERALDO ANDRADE SOUZA &#8211; GRAU 32<strong><\/strong><strong><br \/>\n<\/strong><\/p>\n<p style=\"text-align: center;\"><span style=\"font-weight: 400;\">MEMBRO ATIVO DA LOJA ELIAS OCK\u00c9 N\u00ba 1841<\/span><\/p>\n<p style=\"text-align: center;\"><span style=\"font-weight: 400;\">GRANDE ORIENTE DO BRASIL &#8211; RITO BRASILEIRO<\/span><\/p>\n<p style=\"text-align: center;\"><span style=\"font-weight: 400;\">ORIENTE DE ILH\u00c9US &#8211; BAHIA<\/span><\/p>\n<p style=\"text-align: left;\"><strong><\/strong><strong><br \/>\n<\/strong>REF. BIBLIOGR\u00c1FICA:<strong><\/strong><strong><br \/>\n<\/strong><\/p>\n<ol>\n<li><span style=\"font-weight: 400;\"> W. Leadbeater<\/span><\/li>\n<\/ol>\n<p><span style=\"font-weight: 400;\">A Vida Oculta na Ma\u00e7onaria<\/span><\/p>\n<p><span style=\"font-weight: 400;\">Editora Pensamento<\/span><\/p>\n<p><span style=\"font-weight: 400;\">Pequena Hist\u00f3ria da Ma\u00e7onaria<\/span><\/p>\n<p><span style=\"font-weight: 400;\">Editora Pensamento<\/span><\/p>\n","protected":false},"excerpt":{"rendered":"<p>Por Jos\u00e9 Everaldo Andrade Souza Como \u00e9 comum e muit\u00edssimo salutar, n\u00f3s ma\u00e7ons, nos visitamos em nossas respectivas Lojas, onde nos confraternizamos e elaboramos projetos para a execu\u00e7\u00e3o das nossas a\u00e7\u00f5es no tocante \u00e0 filantropia e outras atividades sociais que norteiam os princ\u00edpios da nossa Ordem. Lembro-me que em recente visita a uma das nossas [&hellip;]<\/p>\n","protected":false},"author":2,"featured_media":0,"comment_status":"open","ping_status":"open","sticky":false,"template":"","format":"standard","meta":{"_links_to":"","_links_to_target":""},"categories":[34],"tags":[],"_links":{"self":[{"href":"https:\/\/www.r2cpress.com.br\/v1\/wp-json\/wp\/v2\/posts\/101233"}],"collection":[{"href":"https:\/\/www.r2cpress.com.br\/v1\/wp-json\/wp\/v2\/posts"}],"about":[{"href":"https:\/\/www.r2cpress.com.br\/v1\/wp-json\/wp\/v2\/types\/post"}],"author":[{"embeddable":true,"href":"https:\/\/www.r2cpress.com.br\/v1\/wp-json\/wp\/v2\/users\/2"}],"replies":[{"embeddable":true,"href":"https:\/\/www.r2cpress.com.br\/v1\/wp-json\/wp\/v2\/comments?post=101233"}],"version-history":[{"count":4,"href":"https:\/\/www.r2cpress.com.br\/v1\/wp-json\/wp\/v2\/posts\/101233\/revisions"}],"predecessor-version":[{"id":101237,"href":"https:\/\/www.r2cpress.com.br\/v1\/wp-json\/wp\/v2\/posts\/101233\/revisions\/101237"}],"wp:attachment":[{"href":"https:\/\/www.r2cpress.com.br\/v1\/wp-json\/wp\/v2\/media?parent=101233"}],"wp:term":[{"taxonomy":"category","embeddable":true,"href":"https:\/\/www.r2cpress.com.br\/v1\/wp-json\/wp\/v2\/categories?post=101233"},{"taxonomy":"post_tag","embeddable":true,"href":"https:\/\/www.r2cpress.com.br\/v1\/wp-json\/wp\/v2\/tags?post=101233"}],"curies":[{"name":"wp","href":"https:\/\/api.w.org\/{rel}","templated":true}]}}