{"id":101243,"date":"2016-05-28T11:22:12","date_gmt":"2016-05-28T14:22:12","guid":{"rendered":"http:\/\/www.r2cpress.com.br\/v1\/?p=101243"},"modified":"2016-05-28T11:22:12","modified_gmt":"2016-05-28T14:22:12","slug":"tocha-olimpica-encerra-percurso-na-bahia-no-municipio-de-paulo-afonso","status":"publish","type":"post","link":"https:\/\/www.r2cpress.com.br\/v1\/2016\/05\/28\/tocha-olimpica-encerra-percurso-na-bahia-no-municipio-de-paulo-afonso\/","title":{"rendered":"Tocha ol\u00edmpica encerra percurso na Bahia no munic\u00edpio de Paulo Afonso"},"content":{"rendered":"<p class=\"\"><i>A chama ol\u00edmpica encerrou, nesta sexta-feira 27, seu ciclo na Bahia. No total, a tocha passou por 26 cidades baianas.<\/i><\/p>\n<p class=\"\">Ap\u00f3s passar por 26 cidades a chama ol\u00edmpica encerrou, nesta sexta-feira 27, no munic\u00edpio de Paulo Afonso, seu ciclo na Bahia.<\/p>\n<p class=\"\">E foi em grande estilo que a tocha concluiu seu percurso, chegando na cidade de paraquedas, conduzida pelo experiente Luiz Henrique Tapaj\u00f3s, o Sabi\u00e1,\u00a0 que tem mais de 25 anos de paraquedismo.<\/p>\n<p class=\"\">\u00a0&#8220;Tenho milhares de saltos no curr\u00edculo, mas esse vai ficar marcado como um dos mais emocionantes da minha vida&#8221;, declarou.<\/p>\n<p class=\"\">E a adrenalina n\u00e3o parou por a\u00ed. Sabi\u00e1 passou a chama ol\u00edmpica para Vald\u00edlson dos Anjos, que desceu de rapel a ponte que d\u00e1 acesso a Paulo Afonso, quando passou para o terceiro condutor, que estava num &#8220;carranca boat&#8221;, o barco atra\u00e7\u00e3o tur\u00edstica da cidade.<\/p>\n<p class=\"\">No total, 52 pessoas conduziram a tocha em Paulo Afonso, num percurso de 10 quil\u00f4metros. No final, um show com artistas lcais, no palco montado no Centro de Cultura Lindinalva Cabral, agitaram a festa.<\/p>\n<p class=\"\"><b>Chama na Bahia<\/b><\/p>\n<p class=\"\"><!--more--><\/p>\n<p class=\"\">Iniciado no dia 19, no munic\u00edpio de Teixeira de Freitas, a tocha ol\u00edmpica arrastou uma multid\u00e3o por onde passou. As cidades se mobilizaram para receber o principal s\u00edmbolo dos Jogos Ol\u00edmpicos.<\/p>\n<p class=\"\">E n\u00e3o foi s\u00f3 pelas ruas asfaltadas que a chama foi conduzida. Al\u00e9m de ser conduzia de paraquedas, a tocha visitou lugares inusitados, como grutas, cavernas e trilhas, no munic\u00edpio de Len\u00e7\u00f3is.<\/p>\n<p class=\"\">Em Salvador, a tocha desceu um dos principais cart\u00f5es postais da cidade, o Elevador Lacerda, s\u00f3 que pelo lado de fora, de rapel. Em Morro de S\u00e3o Paulo, no munic\u00edpio de Cairu, a tocha desceu pela tirolesa e andou de barco.<\/p>\n<p class=\"\">&#8220;Al\u00e9m da passagem da tocha na Bahia, que mobilizou milhares de pessoas por onde passou, Salvador vai sediar 10 jogos de futebol dos Jogos Ol\u00edmpicos, inclusive um da Sele\u00e7\u00e3o Brasileira, dia 10 de agosto, contra Dinamarca&#8221;, lembrou o secret\u00e1rio do Trabalho e Esporte, \u00c1lvaro Gomes, que coordena Grupo de Trabalho das Olimp\u00edadas no Estado.<\/p>\n<p class=\"\"><b>Condutores-celebridades<\/b> \u2013 Um fato que chamou aten\u00e7\u00e3o durante a passagem da tocha foi o ass\u00e9dio sofrido pelos seus condutores. A cada 200 metros, dist\u00e2ncia que cada pessoa conduz a tocha, populares se aglomeram para fotografar e fazer <i>selfies<\/i>com a tocha.<\/p>\n<p class=\"\">E mesmo depois de terminado o percurso, o ass\u00e9dio n\u00e3o parava. Todo mundo queria levar uma foto com a tocha como lembran\u00e7a.<\/p>\n<p class=\"\"><b>Chegada <\/b><b>&#8211; <\/b>At\u00e9 05 de agosto, quando chega ao Rio de Janeiro, o revezamento da tocha, que anuncia a chegada dos Jogos Ol\u00edmpicos e d\u00e1 in\u00edcio \u00e0 maior celebra\u00e7\u00e3o esportiva do mundo, ir\u00e1 passar por 327 cidades de todos os estados brasileiros, e no Distrito Federal, sendo conduzida por cerca de 12 mil pessoas.<\/p>\n<p class=\"\"><b>Roteiro da Tocha Ol\u00edmpica na Bahia<\/b><\/p>\n<p class=\"\">19\/05 \u2013 Teixeira de Freitas, Itamaraju, Santa Cruz Cabr\u00e1lia, Porto Seguro;<br \/>\n20\/05 \u2013 Eun\u00e1polis, Itapetinga, Vit\u00f3ria da Conquista;<br \/>\n21\/05 \u2013 Itamb\u00e9, Floresta Azul, Ibicara\u00ed, Itabuna, Ilh\u00e9us;<br \/>\n22\/05 \u2013 Itacar\u00e9, Camamu, Ituber\u00e1, Cairu, Valen\u00e7a;<br \/>\n23\/05 \u2013 Len\u00e7\u00f3is;<br \/>\n24\/05 \u2013 Salvador;<br \/>\n25\/05 \u2013 Feira de Santana, Riach\u00e3o do Jacu\u00edpe, Capim Grosso, Senhor do Bonfim;<br \/>\n26\/05 \u2013 Jaguarari, Juazeiro, Sobradinho;<br \/>\n27\/05 \u2013 Paulo Afonso.<\/p>\n","protected":false},"excerpt":{"rendered":"<p>A chama ol\u00edmpica encerrou, nesta sexta-feira 27, seu ciclo na Bahia. No total, a tocha passou por 26 cidades baianas. Ap\u00f3s passar por 26 cidades a chama ol\u00edmpica encerrou, nesta sexta-feira 27, no munic\u00edpio de Paulo Afonso, seu ciclo na Bahia. E foi em grande estilo que a tocha concluiu seu percurso, chegando na cidade [&hellip;]<\/p>\n","protected":false},"author":2,"featured_media":0,"comment_status":"open","ping_status":"open","sticky":false,"template":"","format":"standard","meta":{"_links_to":"","_links_to_target":""},"categories":[11,13,29],"tags":[],"_links":{"self":[{"href":"https:\/\/www.r2cpress.com.br\/v1\/wp-json\/wp\/v2\/posts\/101243"}],"collection":[{"href":"https:\/\/www.r2cpress.com.br\/v1\/wp-json\/wp\/v2\/posts"}],"about":[{"href":"https:\/\/www.r2cpress.com.br\/v1\/wp-json\/wp\/v2\/types\/post"}],"author":[{"embeddable":true,"href":"https:\/\/www.r2cpress.com.br\/v1\/wp-json\/wp\/v2\/users\/2"}],"replies":[{"embeddable":true,"href":"https:\/\/www.r2cpress.com.br\/v1\/wp-json\/wp\/v2\/comments?post=101243"}],"version-history":[{"count":2,"href":"https:\/\/www.r2cpress.com.br\/v1\/wp-json\/wp\/v2\/posts\/101243\/revisions"}],"predecessor-version":[{"id":101245,"href":"https:\/\/www.r2cpress.com.br\/v1\/wp-json\/wp\/v2\/posts\/101243\/revisions\/101245"}],"wp:attachment":[{"href":"https:\/\/www.r2cpress.com.br\/v1\/wp-json\/wp\/v2\/media?parent=101243"}],"wp:term":[{"taxonomy":"category","embeddable":true,"href":"https:\/\/www.r2cpress.com.br\/v1\/wp-json\/wp\/v2\/categories?post=101243"},{"taxonomy":"post_tag","embeddable":true,"href":"https:\/\/www.r2cpress.com.br\/v1\/wp-json\/wp\/v2\/tags?post=101243"}],"curies":[{"name":"wp","href":"https:\/\/api.w.org\/{rel}","templated":true}]}}