{"id":101309,"date":"2016-05-31T17:48:32","date_gmt":"2016-05-31T20:48:32","guid":{"rendered":"http:\/\/www.r2cpress.com.br\/v1\/?p=101309"},"modified":"2016-05-31T17:48:32","modified_gmt":"2016-05-31T20:48:32","slug":"comeca-nesta-quarta-feira-a-seletiva-municipal-dos-jogos-escolares-da-juventude-2016","status":"publish","type":"post","link":"https:\/\/www.r2cpress.com.br\/v1\/2016\/05\/31\/comeca-nesta-quarta-feira-a-seletiva-municipal-dos-jogos-escolares-da-juventude-2016\/","title":{"rendered":"Come\u00e7a nesta quarta-feira a Seletiva Municipal dos Jogos Escolares da Juventude 2016"},"content":{"rendered":"<div id=\"attachment_101310\" style=\"width: 310px\" class=\"wp-caption alignleft\"><a href=\"http:\/\/www.r2cpress.com.br\/v1\/wp-content\/uploads\/2016\/05\/lances-do-jogo-Integral-x-Salesiano-12.jpg\"><img aria-describedby=\"caption-attachment-101310\" loading=\"lazy\" class=\"wp-image-101310 size-full\" src=\"http:\/\/www.r2cpress.com.br\/v1\/wp-content\/uploads\/2016\/05\/lances-do-jogo-Integral-x-Salesiano-12.jpg\" alt=\"Lances do jogo Integral x Salesiano (12)\" width=\"300\" height=\"200\" \/><\/a><p id=\"caption-attachment-101310\" class=\"wp-caption-text\">Lances do jogo Integral x Salesiano<\/p><\/div>\n<p>Mais de 200 alunos atletas na faixa et\u00e1ria de 12 a 14 anos, de 15 escolas de Salvador, disputam, a partir desta quarta-feira, dia 1\u00b0 de junho, a Seletiva Municipal da etapa estadual dos Jogos Escolares da Juventude 2016, nas modalidades de futsal, handebol, basquete e v\u00f4lei. Na capital baiana, a competi\u00e7\u00e3o \u00e9 realizada pela Superintend\u00eancia dos Desportos (Sudesb), autarquia vinculada \u00e0 Secretaria do Trabalho, Emprego e Esporte (Setre).<\/p>\n<p>Tr\u00eas jogos de futsal abrem o torneio. No gin\u00e1sio de esporte do col\u00e9gio Salesiano, em Nazar\u00e9, a partir das 14h, jogam as equipes femininas do Col\u00e9gio Estadual Brigadeiro x Col\u00e9gio Estadual de Praia Grande e Col\u00e9gio Integral x Oficina. Pelo masculino, o Salesiano recebe o Col\u00e9gio Estadual Nelson Mandela, \u00e0s 16h. Pelo handebol masculino, o S\u00e3o Jos\u00e9 recebe, em casa, a equipe do Col\u00e9gio Isba, \u00e0s 17h. A programa\u00e7\u00e3o segue durante a semana, tamb\u00e9m com jogos de basquete e v\u00f4lei (Tabela em anexo).<\/p>\n<p>Interior \u2013 As seletivas municipais do interior come\u00e7aram em abril e seguem at\u00e9 julho. As equipes campe\u00e3s das escolas dos munic\u00edpios inscritos nesta competi\u00e7\u00e3o, estar\u00e3o classificadas para etapa estadual, que ser\u00e1 disputada em agosto, em Salvador.<\/p>\n<p>Modalidades individuais \u2013 Os atletas das modalidades individuais e em dupla das faixas et\u00e1rias de 12 a 14 anos e de 15 a 17 anos &#8211; atletismo, gin\u00e1stica r\u00edtmica, jud\u00f4, nata\u00e7\u00e3o, t\u00eanis de mesa, v\u00f4lei de praia, badminton e xadrez -, v\u00e3o disputar a seletiva na etapa \u00fanica, no dia 23 de julho, no SESI, em Sim\u00f5es Filho, e no Salesiano Dom Bosco, na Paralela, e na Piscina Ol\u00edmpica, na Bonoc\u00f4.<\/p>\n<p>Os Jogos Escolares da Juventude \u2013 etapa nacional \u2013 s\u00e3o organizados e realizados pelo Comit\u00ea Ol\u00edmpico Brasileiro, em parceria com o Minist\u00e9rio do Esporte. Al\u00e9m de integrar socialmente crian\u00e7as por meio do esporte, os Jogos tamb\u00e9m contribuem para a forma\u00e7\u00e3o de milhares de jovens e revela \u00eddolos nacionais do esporte. A competi\u00e7\u00e3o costuma reunir mais de 4 mil atletas de todos os estados brasileiros e Distrito Federal.<\/p>\n","protected":false},"excerpt":{"rendered":"<p>Mais de 200 alunos atletas na faixa et\u00e1ria de 12 a 14 anos, de 15 escolas de Salvador, disputam, a partir desta quarta-feira, dia 1\u00b0 de junho, a Seletiva Municipal da etapa estadual dos Jogos Escolares da Juventude 2016, nas modalidades de futsal, handebol, basquete e v\u00f4lei. Na capital baiana, a competi\u00e7\u00e3o \u00e9 realizada pela [&hellip;]<\/p>\n","protected":false},"author":2,"featured_media":0,"comment_status":"open","ping_status":"open","sticky":false,"template":"","format":"standard","meta":{"_links_to":"","_links_to_target":""},"categories":[11,29],"tags":[],"_links":{"self":[{"href":"https:\/\/www.r2cpress.com.br\/v1\/wp-json\/wp\/v2\/posts\/101309"}],"collection":[{"href":"https:\/\/www.r2cpress.com.br\/v1\/wp-json\/wp\/v2\/posts"}],"about":[{"href":"https:\/\/www.r2cpress.com.br\/v1\/wp-json\/wp\/v2\/types\/post"}],"author":[{"embeddable":true,"href":"https:\/\/www.r2cpress.com.br\/v1\/wp-json\/wp\/v2\/users\/2"}],"replies":[{"embeddable":true,"href":"https:\/\/www.r2cpress.com.br\/v1\/wp-json\/wp\/v2\/comments?post=101309"}],"version-history":[{"count":2,"href":"https:\/\/www.r2cpress.com.br\/v1\/wp-json\/wp\/v2\/posts\/101309\/revisions"}],"predecessor-version":[{"id":101312,"href":"https:\/\/www.r2cpress.com.br\/v1\/wp-json\/wp\/v2\/posts\/101309\/revisions\/101312"}],"wp:attachment":[{"href":"https:\/\/www.r2cpress.com.br\/v1\/wp-json\/wp\/v2\/media?parent=101309"}],"wp:term":[{"taxonomy":"category","embeddable":true,"href":"https:\/\/www.r2cpress.com.br\/v1\/wp-json\/wp\/v2\/categories?post=101309"},{"taxonomy":"post_tag","embeddable":true,"href":"https:\/\/www.r2cpress.com.br\/v1\/wp-json\/wp\/v2\/tags?post=101309"}],"curies":[{"name":"wp","href":"https:\/\/api.w.org\/{rel}","templated":true}]}}