{"id":101325,"date":"2016-06-01T09:15:59","date_gmt":"2016-06-01T12:15:59","guid":{"rendered":"http:\/\/www.r2cpress.com.br\/v1\/?p=101325"},"modified":"2016-06-01T09:15:59","modified_gmt":"2016-06-01T12:15:59","slug":"no-gotas-de-paz-647","status":"publish","type":"post","link":"https:\/\/www.r2cpress.com.br\/v1\/2016\/06\/01\/no-gotas-de-paz-647\/","title":{"rendered":"No GOTAS DE PAZ"},"content":{"rendered":"<h1 class=\"entry-title post-title\" style=\"text-align: center;\"><span style=\"color: #0000ff;\"><strong>Cuidado com as atitudes<\/strong><\/span><\/h1>\n<article>\n<div class=\"st-format-standard-holder\">\n<div style=\"width: 369px\" class=\"wp-caption aligncenter\"><img loading=\"lazy\" class=\" featured-image wp-post-image\" src=\"http:\/\/www.gotasdepaz.com.br\/wp-content\/uploads\/2016\/06\/Cuidadocomasatitudes-667x500.jpg\" alt=\"Cuidadocomasatitudes\" width=\"359\" height=\"269\" data-hidpi=\"http:\/\/www.gotasdepaz.com.br\/wp-content\/uploads\/2016\/06\/Cuidadocomasatitudes.jpg\" \/><p class=\"wp-caption-text\">GP<\/p><\/div>\n<\/div>\n<div id=\"article\">\n<p>Devemos ter muita precau\u00e7\u00e3o com nossas atitudes, com aquilo que falamos e pensamos. Se tomarmos atitudes impensadas, falarmos coisas sem passar pela censura de nossa consci\u00eancia, correremos o grande risco de sermos injustos, ingratos e causarmos muita dor, tristeza e sofrimento a outras pessoas, especialmente para aquelas que muitas vezes deram o sangue por n\u00f3s. Nunca fale alguma coisa sem refletir muito. As palavras t\u00eam poder e for\u00e7a. Podem derrubar uma pessoa emocionalmente e moralmente. Depois que tivermos causado o estrago, ainda que venhamos a nos arrepender, o mal estar\u00e1 feito e chegar\u00e1 o dia de prestarmos conta daquilo que fizemos. Ao tomarmos consci\u00eancia das nossas atitudes poderemos vir a sentir remorso e n\u00e3o h\u00e1 sentimento pior. Por isso, cuidemos de nossas atitudes, das palavras que dirigimos \u00e0 algu\u00e9m, de como agimos com os outros. N\u00e3o nos esque\u00e7amos de que a semeadura \u00e9 livre, mas a colheita \u00e9 obrigat\u00f3ria. Trate a todos com amor, carinho e respeito e voc\u00ea ser\u00e1 o maior beneficiado. Pense nisso!<\/p>\n<p>&#8212;<\/p>\n<p><span style=\"color: #0000ff;\"><em><strong>http:\/\/www.gotasdepaz.com.br\/cuidado-com-as-atitudes\/<\/strong><\/em><\/span><\/p>\n<\/div>\n<\/article>\n","protected":false},"excerpt":{"rendered":"<p>Cuidado com as atitudes Devemos ter muita precau\u00e7\u00e3o com nossas atitudes, com aquilo que falamos e pensamos. Se tomarmos atitudes impensadas, falarmos coisas sem passar pela censura de nossa consci\u00eancia, correremos o grande risco de sermos injustos, ingratos e causarmos muita dor, tristeza e sofrimento a outras pessoas, especialmente para aquelas que muitas vezes deram [&hellip;]<\/p>\n","protected":false},"author":2,"featured_media":0,"comment_status":"open","ping_status":"open","sticky":false,"template":"","format":"standard","meta":{"_links_to":"","_links_to_target":""},"categories":[17],"tags":[],"_links":{"self":[{"href":"https:\/\/www.r2cpress.com.br\/v1\/wp-json\/wp\/v2\/posts\/101325"}],"collection":[{"href":"https:\/\/www.r2cpress.com.br\/v1\/wp-json\/wp\/v2\/posts"}],"about":[{"href":"https:\/\/www.r2cpress.com.br\/v1\/wp-json\/wp\/v2\/types\/post"}],"author":[{"embeddable":true,"href":"https:\/\/www.r2cpress.com.br\/v1\/wp-json\/wp\/v2\/users\/2"}],"replies":[{"embeddable":true,"href":"https:\/\/www.r2cpress.com.br\/v1\/wp-json\/wp\/v2\/comments?post=101325"}],"version-history":[{"count":2,"href":"https:\/\/www.r2cpress.com.br\/v1\/wp-json\/wp\/v2\/posts\/101325\/revisions"}],"predecessor-version":[{"id":101327,"href":"https:\/\/www.r2cpress.com.br\/v1\/wp-json\/wp\/v2\/posts\/101325\/revisions\/101327"}],"wp:attachment":[{"href":"https:\/\/www.r2cpress.com.br\/v1\/wp-json\/wp\/v2\/media?parent=101325"}],"wp:term":[{"taxonomy":"category","embeddable":true,"href":"https:\/\/www.r2cpress.com.br\/v1\/wp-json\/wp\/v2\/categories?post=101325"},{"taxonomy":"post_tag","embeddable":true,"href":"https:\/\/www.r2cpress.com.br\/v1\/wp-json\/wp\/v2\/tags?post=101325"}],"curies":[{"name":"wp","href":"https:\/\/api.w.org\/{rel}","templated":true}]}}