{"id":101353,"date":"2016-06-02T10:54:20","date_gmt":"2016-06-02T13:54:20","guid":{"rendered":"http:\/\/www.r2cpress.com.br\/v1\/?p=101353"},"modified":"2016-06-02T10:54:20","modified_gmt":"2016-06-02T13:54:20","slug":"no-gotas-de-paz-648","status":"publish","type":"post","link":"https:\/\/www.r2cpress.com.br\/v1\/2016\/06\/02\/no-gotas-de-paz-648\/","title":{"rendered":"No GOTAS DE PAZ"},"content":{"rendered":"<h1 class=\"entry-title post-title\" style=\"text-align: center;\"><span style=\"color: #0000ff;\"><strong>A viv\u00eancia na Terra<\/strong><\/span><\/h1>\n<article>\n<div class=\"st-format-standard-holder\">\n<div style=\"width: 369px\" class=\"wp-caption aligncenter\"><img loading=\"lazy\" class=\" featured-image wp-post-image\" src=\"http:\/\/www.gotasdepaz.com.br\/wp-content\/uploads\/2016\/06\/AvivencianaTerra-667x500.jpg\" alt=\"AvivencianaTerra\" width=\"359\" height=\"269\" data-hidpi=\"http:\/\/www.gotasdepaz.com.br\/wp-content\/uploads\/2016\/06\/AvivencianaTerra.jpg\" \/><p class=\"wp-caption-text\">GP<\/p><\/div>\n<\/div>\n<div id=\"article\">\n<p>Muitas vezes preferimos viver num mundo de ilus\u00f5es, nos esquecendo da verdadeira raz\u00e3o de estarmos aqui neste planeta Terra. Esquecemo-nos de que temos muitos compromissos a cumprir, quais sejam de auxiliarmo-nos uns aos outros para juntos chegarmos ao cume da montanha da evolu\u00e7\u00e3o e do crescimento, que aqui viemos buscar atrav\u00e9s das diversas experi\u00eancias por que passamos. N\u00e3o podemos jamais nos esquecer de que tudo o que \u00e9 exterior ao nosso ser s\u00f3 tem import\u00e2ncia enquanto estivermos na Terra. Devemos cultivar os bons sentimentos, amando, perdoando, sendo tolerantes e misericordiosos para com nossos irm\u00e3os mais dif\u00edceis e rebeldes. N\u00e3o podemos levar a vida o tempo todo como uma brincadeira, tampouco vivermos amontoando coisas materiais sem import\u00e2ncia, como se f\u00f4ssemos viver eternamente na carne. Busquemos o nosso crescimento, aproveitando as oportunidades benditas que nos s\u00e3o concedidas a todo instante em nossa vida. Aproveitemos, pois o tempo passa e talvez chegue o dia em que n\u00e3o teremos mais tempo, nem oportunidade de praticarmos o bem e a caridade, que s\u00e3o nossas verdadeiras alegrias. Para Deus nosso Pai, o que tem valor \u00e9 o que somos e n\u00e3o o que temos. Pense nisso!<\/p>\n<p>&#8212;<\/p>\n<p><span style=\"color: #0000ff;\"><em><strong>\u00a0http:\/\/www.gotasdepaz.com.br\/a-vivencia-na-terra\/<\/strong><\/em><\/span><\/p>\n<\/div>\n<\/article>\n","protected":false},"excerpt":{"rendered":"<p>A viv\u00eancia na Terra Muitas vezes preferimos viver num mundo de ilus\u00f5es, nos esquecendo da verdadeira raz\u00e3o de estarmos aqui neste planeta Terra. Esquecemo-nos de que temos muitos compromissos a cumprir, quais sejam de auxiliarmo-nos uns aos outros para juntos chegarmos ao cume da montanha da evolu\u00e7\u00e3o e do crescimento, que aqui viemos buscar atrav\u00e9s [&hellip;]<\/p>\n","protected":false},"author":2,"featured_media":0,"comment_status":"open","ping_status":"open","sticky":false,"template":"","format":"standard","meta":{"_links_to":"","_links_to_target":""},"categories":[17],"tags":[],"_links":{"self":[{"href":"https:\/\/www.r2cpress.com.br\/v1\/wp-json\/wp\/v2\/posts\/101353"}],"collection":[{"href":"https:\/\/www.r2cpress.com.br\/v1\/wp-json\/wp\/v2\/posts"}],"about":[{"href":"https:\/\/www.r2cpress.com.br\/v1\/wp-json\/wp\/v2\/types\/post"}],"author":[{"embeddable":true,"href":"https:\/\/www.r2cpress.com.br\/v1\/wp-json\/wp\/v2\/users\/2"}],"replies":[{"embeddable":true,"href":"https:\/\/www.r2cpress.com.br\/v1\/wp-json\/wp\/v2\/comments?post=101353"}],"version-history":[{"count":1,"href":"https:\/\/www.r2cpress.com.br\/v1\/wp-json\/wp\/v2\/posts\/101353\/revisions"}],"predecessor-version":[{"id":101354,"href":"https:\/\/www.r2cpress.com.br\/v1\/wp-json\/wp\/v2\/posts\/101353\/revisions\/101354"}],"wp:attachment":[{"href":"https:\/\/www.r2cpress.com.br\/v1\/wp-json\/wp\/v2\/media?parent=101353"}],"wp:term":[{"taxonomy":"category","embeddable":true,"href":"https:\/\/www.r2cpress.com.br\/v1\/wp-json\/wp\/v2\/categories?post=101353"},{"taxonomy":"post_tag","embeddable":true,"href":"https:\/\/www.r2cpress.com.br\/v1\/wp-json\/wp\/v2\/tags?post=101353"}],"curies":[{"name":"wp","href":"https:\/\/api.w.org\/{rel}","templated":true}]}}