{"id":101357,"date":"2016-06-02T11:46:45","date_gmt":"2016-06-02T14:46:45","guid":{"rendered":"http:\/\/www.r2cpress.com.br\/v1\/?p=101357"},"modified":"2016-06-02T11:46:45","modified_gmt":"2016-06-02T14:46:45","slug":"tenda-apresenta-programacao-para-o-mes-de-junho","status":"publish","type":"post","link":"https:\/\/www.r2cpress.com.br\/v1\/2016\/06\/02\/tenda-apresenta-programacao-para-o-mes-de-junho\/","title":{"rendered":"TENDA APRESENTA PROGRAMA\u00c7\u00c3O PARA O M\u00caS DE JUNHO"},"content":{"rendered":"<p>A Tenda Teatro Popular de Ilh\u00e9us, localizada na Avenida Soares Lopes, divulgou a sua programa\u00e7\u00e3o para o m\u00eas de junho. Entre as atra\u00e7\u00f5es, est\u00e3o eventos de debates, apresenta\u00e7\u00f5es teatrais e de dan\u00e7a. A maioria destes ter\u00e3o entrada gratuita. A Tenda oferece ainda cursos de bateria e percuss\u00e3o, capoeira Angola e yoga.<\/p>\n<p>Neste m\u00eas, o espa\u00e7o cultural receber\u00e1 a breve temporada do espet\u00e1culo &#8220;Circo Negro&#8221;, da CiaSenhas de Teatro, de Curitiba (PR). A pe\u00e7a tem classifica\u00e7\u00e3o indicativa de 18 anos e conta com acessibilidade para pessoas com defici\u00eancias auditivas e visuais. As apresenta\u00e7\u00f5es na cidade ser\u00e3o gratuitas para o p\u00fablico. Outro destaque \u00e9 o Improviso, Oxente!. Organizado pelo grupo Teatro Popular de Ilh\u00e9us, o  evento que promover\u00e1 debates sobre as redes sociais, juventude e pol\u00edtica, al\u00e9m de interven\u00e7\u00f5es art\u00edsticas.<\/p>\n<p>A programa\u00e7\u00e3o completa e descri\u00e7\u00e3o dos eventos podem ser conferidas atrav\u00e9s do link: http:\/\/goo.gl\/S2fh3v e pelo aplicativo &#8220;Tenda Teatro Popular de Ilh\u00e9us&#8221;, dispon\u00edvel gratuitamente para download no Google Play Store.<\/p>\n<p>Tenda &#8211; O espa\u00e7o \u00e9 administrado pelo grupo Teatro Popular de Ilh\u00e9us, uma das 15 institui\u00e7\u00f5es apoiadas pelo programa A\u00e7\u00f5es Continuadas a Institui\u00e7\u00f5es Culturais, iniciativa da Secretaria de Cultura do Estado da Bahia (SecultBA) atrav\u00e9s do Fundo de Cultura da Bahia (FCBA).<\/p>\n<p><strong>Programa\u00e7\u00e3o completa:<\/strong><\/p>\n<p><!--more--><\/p>\n<p>Cineclube \u00c9quio Reis<\/p>\n<p>Exibi\u00e7\u00e3o gratuita de filmes em bairros e escolas de Ilh\u00e9us.<\/p>\n<p>Dia 13 \u2013 ACEAI \u2013 18h<br \/>\nDia 14 \u2013 Morada do Porto \u2013 19h<br \/>\nDia 20 \u2013 Alto do Coqueiro &#8211; 19h<\/p>\n<p>Comemora\u00e7\u00e3o do Dia Internacional do Meio Ambiente<\/p>\n<p>Roda de conversa sobre os temas &#8220;Cacau Cabruca e a Mata Atl\u00e2ntica&#8221;; &#8220;Porto Sul e Imprensa: mito do progresso ou desenvolvimento no eixo Ilh\u00e9us-Itabuna&#8221;; &#8220;Crise h\u00eddrica na regi\u00e3o e propostas de a\u00e7\u00f5es populares&#8221;<\/p>\n<p>Dia 4 \/ S\u00e1bado \/ 9h \u00e0s 12h \/ Gratuito \/ Classifica\u00e7\u00e3o livre<\/p>\n<p>Caf\u00e9 na \u00c1gora: &#8220;\u00c9tica a Joazinho&#8221;, com o Dr. Helv\u00e9cio Giadice de Arg\u00f4llo<\/p>\n<p>Em alus\u00e3o a obra \u00c9tica a Nic\u00f4maco, o encontro traz a reflex\u00e3o sobre o que o fil\u00f3sofo Arist\u00f3teles diria sobre \u00e9tica para seu filho Jo\u00e3ozinho, que vive no ano de 2016, diante os recentes acontecimentos pol\u00edticos econ\u00f4micos e sociais.<\/p>\n<p>Dia 4 \/ S\u00e1bado \/ 16h \/ Gratuito \/ Classifica\u00e7\u00e3o: livre<\/p>\n<p>Circo Negro &#8211; CiaSenhas de Teatro (de Curitiba)<\/p>\n<p>Uma pe\u00e7a l\u00fadia e cruel, um teatro de movimentos repentinos, que mistura realidade e fic\u00e7\u00e3o num jogo permanente com a plateia. Circo Negro \u00e9 teatro apresentando o teatro. Teatro mostrando o fato-teatro. Acess\u00edvel para deficientes auditivos e visuais.<\/p>\n<p>Dias 08, 09, 10 e 11  \/ Qua. a S\u00e1b \/ 20h \/ Gratuito \/ Classifica\u00e7\u00e3o: 18 Anos<\/p>\n<p>Improviso, Oxente!: #RedeSocial #JuventudePolitizada<\/p>\n<p>Evento que re\u00fane debates e interven\u00e7\u00f5es art\u00edsticas. Esta edi\u00e7\u00e3o ter\u00e1 como subtemas:<\/p>\n<p>Dia 15:<br \/>\nO processo de Constru\u00e7\u00e3o para a jovem democracia brasileira<\/p>\n<p>Convidados:<br \/>\nJosu\u00e9 C\u00e2ndido (Professor de \u00e9tica \/ UESC)<br \/>\nMichel Mendon\u00e7a e Sanzio Peixoto (Direito Constitucional)<\/p>\n<p>Mediador: Gabriel Moreira (Historiador)<\/p>\n<p>Dia 16:<br \/>\nGabriela que nasceu assim, n\u00e3o deve morrer assim. Conjuntura Ih\u00e9us.<\/p>\n<p>Convidados:<br \/>\nGabriel Siqueira (Instituto Nossa Ilh\u00e9us)<br \/>\nGuilhardes de Jesus (Dir. Dep. Ci\u00eancias Jur\u00eddicas da UESC)<br \/>\nMakrisi Angeli (L\u00edder comunit\u00e1rio)<\/p>\n<p>Mediador: Shi M\u00e1rio (Ativista social)<\/p>\n<p>Quarta e Quinta \/ 19h \/ Gratuito \/ Classifica\u00e7\u00e3o livre<\/p>\n<p>Forma\u00e7\u00e3o de turma do curso de bateria<\/p>\n<p>O curso de bateria e percuss\u00e3o da Tenda Teatro Popular de Ilh\u00e9us, que tem como instrutor o renomado Mestre Sabar\u00e1, forma neste m\u00eas novos bateristas. Cerim\u00f4nia com apresenta\u00e7\u00e3o e entrega dos certificados. <\/p>\n<p>Dia 17 \/ Sexta \/ 18h \/ Gratuito \/ Classifica\u00e7\u00e3o livre<\/p>\n<p>Brasil: quem ama cuida, protege e educa<\/p>\n<p>Espet\u00e1culo da Escola de Dan\u00e7a da Gepa\/ACEAI com crian\u00e7as atendidas por esta institui\u00e7\u00e3o.<\/p>\n<p>Dia 18 \/ S\u00e1bado \/ 19h \/ R$ 20 (inteira) e R$ 10 (meia)  \/ Classifica\u00e7\u00e3o: livre<\/p>\n","protected":false},"excerpt":{"rendered":"<p>A Tenda Teatro Popular de Ilh\u00e9us, localizada na Avenida Soares Lopes, divulgou a sua programa\u00e7\u00e3o para o m\u00eas de junho. Entre as atra\u00e7\u00f5es, est\u00e3o eventos de debates, apresenta\u00e7\u00f5es teatrais e de dan\u00e7a. A maioria destes ter\u00e3o entrada gratuita. A Tenda oferece ainda cursos de bateria e percuss\u00e3o, capoeira Angola e yoga. Neste m\u00eas, o espa\u00e7o [&hellip;]<\/p>\n","protected":false},"author":2,"featured_media":0,"comment_status":"open","ping_status":"open","sticky":false,"template":"","format":"standard","meta":{"_links_to":"","_links_to_target":""},"categories":[5],"tags":[],"_links":{"self":[{"href":"https:\/\/www.r2cpress.com.br\/v1\/wp-json\/wp\/v2\/posts\/101357"}],"collection":[{"href":"https:\/\/www.r2cpress.com.br\/v1\/wp-json\/wp\/v2\/posts"}],"about":[{"href":"https:\/\/www.r2cpress.com.br\/v1\/wp-json\/wp\/v2\/types\/post"}],"author":[{"embeddable":true,"href":"https:\/\/www.r2cpress.com.br\/v1\/wp-json\/wp\/v2\/users\/2"}],"replies":[{"embeddable":true,"href":"https:\/\/www.r2cpress.com.br\/v1\/wp-json\/wp\/v2\/comments?post=101357"}],"version-history":[{"count":2,"href":"https:\/\/www.r2cpress.com.br\/v1\/wp-json\/wp\/v2\/posts\/101357\/revisions"}],"predecessor-version":[{"id":101359,"href":"https:\/\/www.r2cpress.com.br\/v1\/wp-json\/wp\/v2\/posts\/101357\/revisions\/101359"}],"wp:attachment":[{"href":"https:\/\/www.r2cpress.com.br\/v1\/wp-json\/wp\/v2\/media?parent=101357"}],"wp:term":[{"taxonomy":"category","embeddable":true,"href":"https:\/\/www.r2cpress.com.br\/v1\/wp-json\/wp\/v2\/categories?post=101357"},{"taxonomy":"post_tag","embeddable":true,"href":"https:\/\/www.r2cpress.com.br\/v1\/wp-json\/wp\/v2\/tags?post=101357"}],"curies":[{"name":"wp","href":"https:\/\/api.w.org\/{rel}","templated":true}]}}