{"id":10136,"date":"2011-03-08T14:46:41","date_gmt":"2011-03-08T17:46:41","guid":{"rendered":"http:\/\/www.r2cpress.com.br\/v1\/?p=10136"},"modified":"2011-03-08T14:46:41","modified_gmt":"2011-03-08T17:46:41","slug":"ibama-e-marinha-2","status":"publish","type":"post","link":"https:\/\/www.r2cpress.com.br\/v1\/2011\/03\/08\/ibama-e-marinha-2\/","title":{"rendered":"IBAMA E MARINHA"},"content":{"rendered":"<p>Ola Roberto Rabat<\/p>\n<p>Mandei essa <a href = \"http:\/\/www.r2cpress.com.br\/v1\/2011\/03\/07\/ibama-e-marinha\/\" target = \"_news\"><b>Mat\u00e9ria<\/b><\/a> pq eu acho realmente um absurdo esse barcos estarem arrastando t\u00e3o pr\u00f3ximo as praias e nem o Ibama e nem a Marinha fiscalizam essa situa\u00e7\u00e3o.<br \/>\nAgente que pesca na Praia ficamos indignado com essa pesca predat\u00f3ria<br \/>\nPrecisamos de uma Resposta Sabemos que tem um distancia minima pra essa pesca.<\/p>\n<p><b>Clique na foto para AMPLIAR<\/b><br \/>\n<center><a href=\"http:\/\/www.r2cpress.com.br\/v1\/wp-content\/uploads\/DSC02178.jpg\"><img loading=\"lazy\" src=\"http:\/\/www.r2cpress.com.br\/v1\/wp-content\/uploads\/DSC02178-300x225.jpg\" alt=\"\" title=\"DSC02178\" width=\"300\" height=\"225\" class=\"alignnone size-medium wp-image-10137\" srcset=\"https:\/\/www.r2cpress.com.br\/v1\/wp-content\/uploads\/DSC02178-300x225.jpg 300w, https:\/\/www.r2cpress.com.br\/v1\/wp-content\/uploads\/DSC02178.jpg 750w\" sizes=\"(max-width: 300px) 100vw, 300px\" \/><\/a><br \/>\n<a href=\"http:\/\/www.r2cpress.com.br\/v1\/wp-content\/uploads\/DSC02179.jpg\"><img loading=\"lazy\" src=\"http:\/\/www.r2cpress.com.br\/v1\/wp-content\/uploads\/DSC02179-300x225.jpg\" alt=\"\" title=\"DSC02179\" width=\"300\" height=\"225\" class=\"alignnone size-medium wp-image-10138\" srcset=\"https:\/\/www.r2cpress.com.br\/v1\/wp-content\/uploads\/DSC02179-300x225.jpg 300w, https:\/\/www.r2cpress.com.br\/v1\/wp-content\/uploads\/DSC02179.jpg 750w\" sizes=\"(max-width: 300px) 100vw, 300px\" \/><\/a><br \/>\n<a href=\"http:\/\/www.r2cpress.com.br\/v1\/wp-content\/uploads\/DSC02181.jpg\"><img loading=\"lazy\" src=\"http:\/\/www.r2cpress.com.br\/v1\/wp-content\/uploads\/DSC02181-300x225.jpg\" alt=\"\" title=\"DSC02181\" width=\"300\" height=\"225\" class=\"alignnone size-medium wp-image-10139\" srcset=\"https:\/\/www.r2cpress.com.br\/v1\/wp-content\/uploads\/DSC02181-300x225.jpg 300w, https:\/\/www.r2cpress.com.br\/v1\/wp-content\/uploads\/DSC02181.jpg 750w\" sizes=\"(max-width: 300px) 100vw, 300px\" \/><\/a><br \/>\n<a href=\"http:\/\/www.r2cpress.com.br\/v1\/wp-content\/uploads\/DSC02182.jpg\"><img loading=\"lazy\" src=\"http:\/\/www.r2cpress.com.br\/v1\/wp-content\/uploads\/DSC02182-300x225.jpg\" alt=\"\" title=\"DSC02182\" width=\"300\" height=\"225\" class=\"alignnone size-medium wp-image-10140\" srcset=\"https:\/\/www.r2cpress.com.br\/v1\/wp-content\/uploads\/DSC02182-300x225.jpg 300w, https:\/\/www.r2cpress.com.br\/v1\/wp-content\/uploads\/DSC02182.jpg 750w\" sizes=\"(max-width: 300px) 100vw, 300px\" \/><\/a><\/center><\/p>\n<p>SDS\/Jaime<\/p>\n","protected":false},"excerpt":{"rendered":"<p>Ola Roberto Rabat Mandei essa Mat\u00e9ria pq eu acho realmente um absurdo esse barcos estarem arrastando t\u00e3o pr\u00f3ximo as praias e nem o Ibama e nem a Marinha fiscalizam essa situa\u00e7\u00e3o. Agente que pesca na Praia ficamos indignado com essa pesca predat\u00f3ria Precisamos de uma Resposta Sabemos que tem um distancia minima pra essa pesca. [&hellip;]<\/p>\n","protected":false},"author":2,"featured_media":0,"comment_status":"open","ping_status":"open","sticky":false,"template":"","format":"standard","meta":{"_links_to":"","_links_to_target":""},"categories":[10],"tags":[],"_links":{"self":[{"href":"https:\/\/www.r2cpress.com.br\/v1\/wp-json\/wp\/v2\/posts\/10136"}],"collection":[{"href":"https:\/\/www.r2cpress.com.br\/v1\/wp-json\/wp\/v2\/posts"}],"about":[{"href":"https:\/\/www.r2cpress.com.br\/v1\/wp-json\/wp\/v2\/types\/post"}],"author":[{"embeddable":true,"href":"https:\/\/www.r2cpress.com.br\/v1\/wp-json\/wp\/v2\/users\/2"}],"replies":[{"embeddable":true,"href":"https:\/\/www.r2cpress.com.br\/v1\/wp-json\/wp\/v2\/comments?post=10136"}],"version-history":[{"count":2,"href":"https:\/\/www.r2cpress.com.br\/v1\/wp-json\/wp\/v2\/posts\/10136\/revisions"}],"predecessor-version":[{"id":10142,"href":"https:\/\/www.r2cpress.com.br\/v1\/wp-json\/wp\/v2\/posts\/10136\/revisions\/10142"}],"wp:attachment":[{"href":"https:\/\/www.r2cpress.com.br\/v1\/wp-json\/wp\/v2\/media?parent=10136"}],"wp:term":[{"taxonomy":"category","embeddable":true,"href":"https:\/\/www.r2cpress.com.br\/v1\/wp-json\/wp\/v2\/categories?post=10136"},{"taxonomy":"post_tag","embeddable":true,"href":"https:\/\/www.r2cpress.com.br\/v1\/wp-json\/wp\/v2\/tags?post=10136"}],"curies":[{"name":"wp","href":"https:\/\/api.w.org\/{rel}","templated":true}]}}