{"id":101386,"date":"2016-06-02T19:06:55","date_gmt":"2016-06-02T22:06:55","guid":{"rendered":"http:\/\/www.r2cpress.com.br\/v1\/?p=101386"},"modified":"2016-06-02T20:37:47","modified_gmt":"2016-06-02T23:37:47","slug":"nova-escola-pequeno-principe-sera-inaugurada-neste-sabado-em-ilheus","status":"publish","type":"post","link":"https:\/\/www.r2cpress.com.br\/v1\/2016\/06\/02\/nova-escola-pequeno-principe-sera-inaugurada-neste-sabado-em-ilheus\/","title":{"rendered":"Nova Escola Pequeno Pr\u00edncipe ser\u00e1 inaugurada neste s\u00e1bado, em Ilh\u00e9us"},"content":{"rendered":"<p>Obra foi abandonada pela gest\u00e3o anterior. Unidade vai receber estudantes do ensino fundamental<\/p>\n<p>O prefeito de Ilh\u00e9us, Jabes Ribeiro, e o vice, Carlos Machado (Cac\u00e1), v\u00e3o entregar \u00e0 comunidade do Bairro da Conquista a Escola Municipal Pequeno Pr\u00edncipe. A nova sede da unidade escolar ser\u00e1 inaugurada no s\u00e1bado, dia 4 de junho, \u00e0s 17 horas, ap\u00f3s a conclus\u00e3o da obra, que foi abandonada na gest\u00e3o anterior.<\/p>\n<p>Nos \u00faltimos anos, os alunos da tradicional Escola Municipal Pequeno Pr\u00edncipe estavam realizando atividades escolares em locais alugados j\u00e1 que a antiga sede da institui\u00e7\u00e3o ficou sem condi\u00e7\u00f5es de abrig\u00e1-los. A obra de constru\u00e7\u00e3o da nova escola foi iniciada e abandonada ainda na gest\u00e3o anterior. No decorrer da atual administra\u00e7\u00e3o, o prefeito Jabes Ribeiro enfrentou diversos procedimentos burocr\u00e1ticos para efetivar o distrato do contrato com a empresa que iniciou a obra e dar continuidade \u00e0 edifica\u00e7\u00e3o.<\/p>\n<p>De acordo com Ribeiro, h\u00e1 um compromisso com a comunidade da Conquista para que a escola volte a funcionar em sua pr\u00f3pria sede, agora, maior, melhor equipada, com novo ambiente de trabalho para alunos, professores e funcion\u00e1rios. Os alunos ter\u00e3o um mobili\u00e1rio totalmente novo.<\/p>\n<p>Segundo informa\u00e7\u00f5es da secret\u00e1ria municipal de Educa\u00e7\u00e3o, Marl\u00facia Rocha, a nova Escola Pequeno Pr\u00edncipe oferecer\u00e1 18 salas de aula, com ar condicionado, sendo que algumas ser\u00e3o ocupadas pelos servi\u00e7os de coordena\u00e7\u00e3o e orienta\u00e7\u00e3o pedag\u00f3gicas, inform\u00e1tica, multimeios (TV\/data show) e biblioteca. Al\u00e9m disso, os estudantes contar\u00e3o com audit\u00f3rio, sanit\u00e1rios, cantina, entre outros.<\/p>\n<p>A nova unidade escolar tem capacidade para 560 alunos, em dois turnos, e \u00e9 voltada para a educa\u00e7\u00e3o infantil, desde as s\u00e9ries iniciais at\u00e9 o terceiro ano do Ensino Fundamental I. Possui um corpo de 25 professores e de dez funcion\u00e1rios.<\/p>\n<p>Expectativa &#8211; A diretora da unidade, Maria C\u00e9lia Bezerra de Souza, disse que \u00e9 grande a expectativa dos alunos e tamb\u00e9m de seus pais pelo uso da nova escola. &#8220;Para eles, \u00e9 como se fosse um sonho concretizado&#8221;, acrescentou.<\/p>\n","protected":false},"excerpt":{"rendered":"<p>Obra foi abandonada pela gest\u00e3o anterior. Unidade vai receber estudantes do ensino fundamental O prefeito de Ilh\u00e9us, Jabes Ribeiro, e o vice, Carlos Machado (Cac\u00e1), v\u00e3o entregar \u00e0 comunidade do Bairro da Conquista a Escola Municipal Pequeno Pr\u00edncipe. A nova sede da unidade escolar ser\u00e1 inaugurada no s\u00e1bado, dia 4 de junho, \u00e0s 17 horas, [&hellip;]<\/p>\n","protected":false},"author":2,"featured_media":0,"comment_status":"open","ping_status":"open","sticky":false,"template":"","format":"standard","meta":{"_links_to":"","_links_to_target":""},"categories":[1],"tags":[],"_links":{"self":[{"href":"https:\/\/www.r2cpress.com.br\/v1\/wp-json\/wp\/v2\/posts\/101386"}],"collection":[{"href":"https:\/\/www.r2cpress.com.br\/v1\/wp-json\/wp\/v2\/posts"}],"about":[{"href":"https:\/\/www.r2cpress.com.br\/v1\/wp-json\/wp\/v2\/types\/post"}],"author":[{"embeddable":true,"href":"https:\/\/www.r2cpress.com.br\/v1\/wp-json\/wp\/v2\/users\/2"}],"replies":[{"embeddable":true,"href":"https:\/\/www.r2cpress.com.br\/v1\/wp-json\/wp\/v2\/comments?post=101386"}],"version-history":[{"count":1,"href":"https:\/\/www.r2cpress.com.br\/v1\/wp-json\/wp\/v2\/posts\/101386\/revisions"}],"predecessor-version":[{"id":101390,"href":"https:\/\/www.r2cpress.com.br\/v1\/wp-json\/wp\/v2\/posts\/101386\/revisions\/101390"}],"wp:attachment":[{"href":"https:\/\/www.r2cpress.com.br\/v1\/wp-json\/wp\/v2\/media?parent=101386"}],"wp:term":[{"taxonomy":"category","embeddable":true,"href":"https:\/\/www.r2cpress.com.br\/v1\/wp-json\/wp\/v2\/categories?post=101386"},{"taxonomy":"post_tag","embeddable":true,"href":"https:\/\/www.r2cpress.com.br\/v1\/wp-json\/wp\/v2\/tags?post=101386"}],"curies":[{"name":"wp","href":"https:\/\/api.w.org\/{rel}","templated":true}]}}