{"id":101396,"date":"2016-06-03T20:00:37","date_gmt":"2016-06-03T23:00:37","guid":{"rendered":"http:\/\/www.r2cpress.com.br\/v1\/?p=101396"},"modified":"2016-06-03T11:10:47","modified_gmt":"2016-06-03T14:10:47","slug":"do-fundo-do-bau-de-jose-leite-242","status":"publish","type":"post","link":"https:\/\/www.r2cpress.com.br\/v1\/2016\/06\/03\/do-fundo-do-bau-de-jose-leite-242\/","title":{"rendered":"DO FUNDO DO BA\u00da DE JOS\u00c9 LEITE."},"content":{"rendered":"<p><center><img loading=\"lazy\" src=\"http:\/\/www.r2cpress.com.br\/v1\/wp-content\/uploads\/Novo-visual-do-Bau_400L21.jpg\" width=\"400\" height=\"320\" class=\"aligncenter\" \/><br \/>\n<strong>1)\tVIAJANDO PARA 2 JUAZEIROS PARA REVER 2 AMIGOS CHAMADOS GERALDO.<br \/>\n2)\tJOVENS QUE PARTICIPARAM E COLABORARAM COM A ORGANIZA\u00c7\u00c3O JOS\u00c9 LEITE DE SOUZA NOS \u00daLTIMOS 50 ANOS (5\u00aa PARTE)<br \/>\n3)\tAS FOTOS DESTAQUES DA SEMANA.<\/strong><\/center><\/p>\n<p><!--more--><\/p>\n<p><b><center>***********************************************************************<\/center><\/b><\/p>\n<p><b><center> 1) VIAJANDO PARA 2 JUAZEIROS PARA REVER 2 AMIGOS CHAMADOS GERALDO. <\/center><\/b><\/p>\n<p>Alguma coincid\u00eancia? Talvez seja! Aconteceu que JOS\u00c9 LEITE viajou hoje, sexta-feira (03-06-2016), de ILH\u00c9US para JUAZEIRO da BAHIA e est\u00e1 sendo recepcionado pelos amigos Coronel GERALDO DIAS DE ANDRADE e sua esposa a Professora WILMA ROSA DIAS DE ANDRADE que mandou preparar uma deliciosa Moqueca de SURUBIM para o convidado.<\/p>\n<div style=\"width: 610px\" class=\"wp-caption aligncenter\"><img loading=\"lazy\" src=\"https:\/\/lh3.googleusercontent.com\/-BOpG1ZJzrKY\/V1DQqST6NYI\/AAAAAAABtj4\/eC9FM94su7cC5z4278OMV8tiZ2wyOssWgCCo\/s600\/1.jpeg\" width=\"600\" height=\"401\" class \/><p class=\"wp-caption-text\">Na foto acima, os anfitri\u00f5es Cel. GERALDO e sua esposa Professora WILMA.<\/p><\/div>\n<div style=\"width: 610px\" class=\"wp-caption aligncenter\"><img loading=\"lazy\" src=\"https:\/\/lh3.googleusercontent.com\/-gKa5oJulYVY\/V1DQsSwE9_I\/AAAAAAABtj4\/MeoI7FTZdeUwhIEtIXQasaAD6bCREdtSwCCo\/s600\/2.jpeg\" width=\"600\" height=\"407\" class \/><p class=\"wp-caption-text\">No s\u00e1bado pela manh\u00e3, Cel. GERALDO e JOS\u00c9 LEITE viajar\u00e3o para JUAZEIRO DO NORTE para parabenizar o amigo Dr. GERALDO MENEZES BARBOSA (na foto com sua Fam\u00edlia: Esposa e Filhas) que estar\u00e1 comemorando 92 anos de nascido (06-06-2016). PARAB\u00c9NS QUERIDO AMIGO!<br \/>\nFoi assim que JOS\u00c9 LEITE viajou para dois JUAZEIROS para rever dois amigos chamados GERALDO.<br \/><\/p><\/div>\n<p><b><center> 2) JOVENS QUE PARTICIPARAM E COLABORARAM COM A ORGANIZA\u00c7\u00c3O JOS\u00c9 LEITE DE SOUZA NOS \u00daLTIMOS 50 ANOS<br \/>\n(5\u00aa PARTE). <\/center><\/b><\/p>\n<div style=\"width: 380px\" class=\"wp-caption aligncenter\"><img loading=\"lazy\" src=\"https:\/\/lh3.googleusercontent.com\/-0ASNkppU2hE\/V1DQsoaS4YI\/AAAAAAABtj4\/BDZDU13Hrnkt4_pYjKTO-1RC5r7MZ33ZACCo\/s500\/3.jpg\" width=\"370\" height=\"500\" class \/><p class=\"wp-caption-text\">Jovens que trabalharam na JOALHERIA A P\u00c9ROLA, \u00d3TICA CRUZEIRO ou \u00d3TICA SAFIRA na d\u00e9cada de 1970 e 1980. Na foto, parte superior: AURENILDES SOUZA TAVARES e a saudosa ELIZA LUZ SANTOS, na parte inferior est\u00e3o K\u00c1TIA MARIA ALVES DA SILVA e ALBA MONTEIRO DE MATOS.<\/p><\/div>\n<div style=\"width: 396px\" class=\"wp-caption aligncenter\"><img loading=\"lazy\" src=\"https:\/\/lh3.googleusercontent.com\/-K8qjVj-EO68\/V1DQs7cO-AI\/AAAAAAABtj4\/YG61fBqSpwUaMB8rd7W3acmAEss_pseigCCo\/s500\/4.jpg\" width=\"386\" height=\"500\" class \/><p class=\"wp-caption-text\">H\u00e1 35 anos essas jovens trabalharam na ORGANIZA\u00c7\u00c3O JOS\u00c9 LEITE DE SOUZA. Hoje muitas s\u00e3o casadas, m\u00e3es e umas at\u00e9 vov\u00f3s. Na foto, parte superior: MARIA DA CONCEI\u00c7\u00c3O MATOS e MARIA DA SOLEDADE DOS SANTOS, na parte inferior est\u00e3o MARIA DAS GRA\u00c7AS PEREIRA DA SILVA e MARIA ELIANE OLIVEIRA.<\/p><\/div>\n<div style=\"width: 389px\" class=\"wp-caption aligncenter\"><img loading=\"lazy\" src=\"https:\/\/lh3.googleusercontent.com\/-eqZcuipOEmg\/V1DQtFgftSI\/AAAAAAABtj4\/AKnipjIFg2IXWQBxIN7yN3s3WXhjxDpMwCCo\/s500\/5.jpg\" width=\"379\" height=\"500\" class \/><p class=\"wp-caption-text\">Na foto acima est\u00e3o: parte superior JORGE JOS\u00c9 DOS SANTOS e LUIZ ANT\u00d4NIO DANTAS DE CRISTO, na parte inferior est\u00e3o ADALTO DA SILVA CARDOSO e o saudoso RUI DA SILVA MARQUES.<br \/>\nA ORGANIZA\u00c7\u00c3O JOS\u00c9 LEITE DE SOUZA agradece a todos e a todas que t\u00e3o bem desempenharam seu trabalho, e deseja a todos e a todas, muitos anos de vida!<br \/><\/p><\/div>\n<p><b><center> 3) AS FOTOS DESTAQUES DA SEMANA. <\/center><\/b><\/p>\n<div style=\"width: 610px\" class=\"wp-caption aligncenter\"><img loading=\"lazy\" src=\"https:\/\/lh3.googleusercontent.com\/-n1xjwfuQvZU\/V1DQtdI36WI\/AAAAAAABtj4\/nUQUMFtGONIFSpC1fVMAtNejwKqZFy2wwCCo\/s600\/6.jpeg\" width=\"600\" height=\"404\" class \/><p class=\"wp-caption-text\">AGORA A COISA VAI!<br \/>\nNa foto: JOS\u00c9 LEITE (Conselheiro do ICASA), CELSO FONTES (Ex. Presidente), FRAN\u00c7A LEITE (Atual Presidente) e RONALDO COSTA (Ex. presidente).<br \/>\nE SALVE O ICASA!<br \/><\/p><\/div>\n<div style=\"width: 493px\" class=\"wp-caption aligncenter\"><img loading=\"lazy\" src=\"https:\/\/lh3.googleusercontent.com\/-F_5iiSzAiQQ\/V1DQtu9BudI\/AAAAAAABtj4\/oGLwxEGLBCAwN57Uq-Luk5CtOAdfWIv4gCCo\/s500\/7.jpeg\" width=\"483\" height=\"500\" class \/><p class=\"wp-caption-text\">CART\u00c3O DE CONSELHEIRO DO ICASA!<br \/>\nAgora ficou mais f\u00e1cil conseguir um amistoso COLO-COLO X ICASA. Adivinha qual time JOS\u00c9 LEITE vai torcer?<br \/><\/p><\/div>\n<div style=\"width: 610px\" class=\"wp-caption aligncenter\"><img loading=\"lazy\" src=\"https:\/\/lh3.googleusercontent.com\/-32CAw7E0gT0\/V1DQuH5QF1I\/AAAAAAABtj4\/mH9Yewkr3aogDYR3tWzoXdt0KIrAhqGcgCCo\/s600\/8.jpeg\" width=\"600\" height=\"411\" class \/><p class=\"wp-caption-text\">A VIDA COMO ELA \u00c9!<br \/>\nNa foto acima, clicada por JOS\u00c9 LEITE h\u00e1 mais de 20 anos atr\u00e1s, na ESTA\u00c7\u00c3O HIDROMINERAL DE CALDAS no munic\u00edpio de BARBALHA-CEAR\u00c1, aparecem cinco pessoas que a gente gosta e nunca esquece. Da esquerda para direita o de short azul claro \u00e9 FRAN\u00c7A LEITE (Primo de JOS\u00c9 LEITE) e suas duas filhas NAYANA e POLIANA. Agora observe nas fotos abaixo o que elas s\u00e3o atualmente. Aparece tamb\u00e9m na foto o Coronel CLEBERLITO MENDES ROSA (o escuro) e Z\u00c9 DONATO (o \u00faltimo do lado direito).<br \/><\/p><\/div>\n<div style=\"width: 501px\" class=\"wp-caption aligncenter\"><img loading=\"lazy\" src=\"https:\/\/lh3.googleusercontent.com\/-pdSMAKqJ8dk\/V1DQufSjbsI\/AAAAAAABtj4\/HJz6WBtwRKkqdlpNJYpcAGzABGp9WviKQCCo\/s500\/9.jpg\" width=\"491\" height=\"500\" class \/><p class=\"wp-caption-text\">Dra. NAYANA BERTULINO, m\u00e9dica competente e humanit\u00e1ria!<\/p><\/div>\n<div style=\"width: 519px\" class=\"wp-caption aligncenter\"><img loading=\"lazy\" src=\"https:\/\/lh3.googleusercontent.com\/-Klsp3_po-qE\/V1DQqqaD7PI\/AAAAAAABtj4\/KmL3XwcdpZwH5sN1YDk68Am41-8XAXyEwCCo\/s509\/10.jpg\" width=\"509\" height=\"500\" class \/><p class=\"wp-caption-text\">Dra. POLIANA BERTULINO, advogada de destaque na ADVOCACIA CEARENSE!<\/p><\/div>\n<div style=\"width: 355px\" class=\"wp-caption aligncenter\"><img loading=\"lazy\" src=\"https:\/\/lh3.googleusercontent.com\/-zTSWD3-mySc\/V1DQq75dP5I\/AAAAAAABtj4\/WBdmnrHkiyIkxjc1g2bFVA3f_GWAhj9jgCCo\/s500\/11.jpg\" width=\"345\" height=\"500\" class \/><p class=\"wp-caption-text\">Os amigos MARCOS PENNHA e VILMA LUZ se preparando para viajar \u00e0 cidade de JUAZEIRO DO NORTE, a terra do PADRE C\u00cdCERO. Devoto eles j\u00e1 s\u00e3o. Observe as camisas.<\/p><\/div>\n<div style=\"width: 459px\" class=\"wp-caption aligncenter\"><img loading=\"lazy\" src=\"https:\/\/lh3.googleusercontent.com\/-C2bPF1hlq7s\/V1DQrEvEnYI\/AAAAAAABtj4\/Wz0MrUtaU4ILgc1GL2VGVBIPXb9pziP2QCCo\/s500\/12.jpeg\" width=\"449\" height=\"500\" class \/><p class=\"wp-caption-text\">PESSOAS QUE A GENTE NUNCA ESQUECE!<br \/>\nO saudoso tio de JOS\u00c9 LEITE e seu xar\u00e1, JOS\u00c9 LEITE DA SILVA. Uma pessoa que teve grande import\u00e2ncia na trajet\u00f3ria de vida do seu sobrinho, na vinda de JUAZEIRO para ILH\u00c9US h\u00e1 56 anos atr\u00e1s. OBRIGADO MEU TIO JOS\u00c9 LEITE, JAMAIS TE ESQUECEREI!<br \/><\/p><\/div>\n<div style=\"width: 510px\" class=\"wp-caption aligncenter\"><img loading=\"lazy\" src=\"https:\/\/lh3.googleusercontent.com\/-qIKkM-gwSt4\/V1DQrsQOvII\/AAAAAAABtj4\/0tgNxc520pcdupBEnb2keS1fTuFhIzOhgCCo\/s500\/13.jpg\" width=\"500\" height=\"400\" class \/><p class=\"wp-caption-text\">Um agradecimento especial ao SITE R2CPRESS na pessoa do Diretor Geral, o amigo ROBERTO RABAT pela apresenta\u00e7\u00e3o da Coluna semanal: DO FUNDO DO BA\u00da DE JOS\u00c9 LEITE. Tudo come\u00e7ou no m\u00eas de Maio de 2008, e l\u00e1 se v\u00e3o 8 anos. AT\u00c9 QUANDO? DEUS \u00c9 QUEM SABE!<\/p><\/div>\n<div style=\"width: 610px\" class=\"wp-caption aligncenter\"><img loading=\"lazy\" src=\"https:\/\/lh3.googleusercontent.com\/-uFE0NVVr0wE\/V1DQr2odNGI\/AAAAAAABtj4\/CnHdphKSsTkHQ7ed2wOaqzigRVzwuqajwCCo\/s600\/14.JPG\" width=\"600\" height=\"450\" class \/><p class=\"wp-caption-text\">Outro agradecimento vai para o amigo M\u00c1RIO MARCIO, um dos MAIS ANTIGOS LEITORES DO BA\u00da e sempre incentiva JOS\u00c9 LEITE para continuar.<br \/>\nOBRIGADO AMIGO M\u00c1RIO!<br \/><\/p><\/div>\n<p><b><center> E NO MAIS&#8230; <\/center><\/b><\/p>\n<div style=\"width: 610px\" class=\"wp-caption aligncenter\"><img loading=\"lazy\" src=\"https:\/\/lh3.googleusercontent.com\/-zi9q171uIPw\/V1DQsBnyWjI\/AAAAAAABtj4\/IbGbspUdAFEBC-hV4PZ69CBWn_K5FnsygCCo\/s600\/15.JPG\" width=\"600\" height=\"450\" class \/><p class=\"wp-caption-text\">Garanto que n\u00e3o \u00e9 reprise, amigo! Aqui s\u00f3 entra ORIGINAL e uma de cada vez. JOS\u00c9 LEITE na ABI\u00d3TICA 2016.<\/p><\/div>\n<p>&#8212;<br \/>\n<span style=\"color: blue;\"><b>Para ver o BA\u00da da semana passada clique<\/b><a href=\"http:\/\/www.r2cpress.com.br\/v1\/2016\/05\/27\/do-fundo-do-bau-de-jose-leite-241\/\" target=\"_news\"><b> AQUI.<\/b><\/a><\/span><\/p>\n<p>&#8212;<br \/>\nTexto e fotos: Jos\u00e9 Leite de Souza<br \/>\njleitesoza@hotmail.com<br \/>\n(73) 3634-3134<\/p>\n","protected":false},"excerpt":{"rendered":"<p>1) VIAJANDO PARA 2 JUAZEIROS PARA REVER 2 AMIGOS CHAMADOS GERALDO. 2) JOVENS QUE PARTICIPARAM E COLABORARAM COM A ORGANIZA\u00c7\u00c3O JOS\u00c9 LEITE DE SOUZA NOS \u00daLTIMOS 50 ANOS (5\u00aa PARTE) 3) AS FOTOS DESTAQUES DA SEMANA.<\/p>\n","protected":false},"author":2,"featured_media":0,"comment_status":"open","ping_status":"open","sticky":false,"template":"","format":"standard","meta":{"_links_to":"","_links_to_target":""},"categories":[10],"tags":[],"_links":{"self":[{"href":"https:\/\/www.r2cpress.com.br\/v1\/wp-json\/wp\/v2\/posts\/101396"}],"collection":[{"href":"https:\/\/www.r2cpress.com.br\/v1\/wp-json\/wp\/v2\/posts"}],"about":[{"href":"https:\/\/www.r2cpress.com.br\/v1\/wp-json\/wp\/v2\/types\/post"}],"author":[{"embeddable":true,"href":"https:\/\/www.r2cpress.com.br\/v1\/wp-json\/wp\/v2\/users\/2"}],"replies":[{"embeddable":true,"href":"https:\/\/www.r2cpress.com.br\/v1\/wp-json\/wp\/v2\/comments?post=101396"}],"version-history":[{"count":3,"href":"https:\/\/www.r2cpress.com.br\/v1\/wp-json\/wp\/v2\/posts\/101396\/revisions"}],"predecessor-version":[{"id":101399,"href":"https:\/\/www.r2cpress.com.br\/v1\/wp-json\/wp\/v2\/posts\/101396\/revisions\/101399"}],"wp:attachment":[{"href":"https:\/\/www.r2cpress.com.br\/v1\/wp-json\/wp\/v2\/media?parent=101396"}],"wp:term":[{"taxonomy":"category","embeddable":true,"href":"https:\/\/www.r2cpress.com.br\/v1\/wp-json\/wp\/v2\/categories?post=101396"},{"taxonomy":"post_tag","embeddable":true,"href":"https:\/\/www.r2cpress.com.br\/v1\/wp-json\/wp\/v2\/tags?post=101396"}],"curies":[{"name":"wp","href":"https:\/\/api.w.org\/{rel}","templated":true}]}}