{"id":101512,"date":"2016-06-09T20:09:37","date_gmt":"2016-06-09T23:09:37","guid":{"rendered":"http:\/\/www.r2cpress.com.br\/v1\/?p=101512"},"modified":"2016-06-09T20:09:37","modified_gmt":"2016-06-09T23:09:37","slug":"mais-recursos-para-o-turismo","status":"publish","type":"post","link":"https:\/\/www.r2cpress.com.br\/v1\/2016\/06\/09\/mais-recursos-para-o-turismo\/","title":{"rendered":"Mais recursos para o Turismo"},"content":{"rendered":"<p><em>Em audi\u00eancia com o ministro do Planejamento, Dyogo Oliveira, Henrique Eduardo Alves pede apoio para a promo\u00e7\u00e3o dos destinos brasileiros na Olimp\u00edada<\/em><\/p>\n<div id=\"attachment_101513\" style=\"width: 610px\" class=\"wp-caption aligncenter\"><a href=\"http:\/\/www.r2cpress.com.br\/v1\/wp-content\/uploads\/2016\/06\/TURISMO-2.jpg\"><img aria-describedby=\"caption-attachment-101513\" loading=\"lazy\" src=\"http:\/\/www.r2cpress.com.br\/v1\/wp-content\/uploads\/2016\/06\/TURISMO-2.jpg\" alt=\"Ministros do Turismo e do Planejamento, Desenvolvimento e Gest\u00e3o, em reuni\u00e3o, na quarta-feira (08). Foto: Ascom\/MTur \" width=\"600\" height=\"340\" class=\"size-full wp-image-101513\" srcset=\"https:\/\/www.r2cpress.com.br\/v1\/wp-content\/uploads\/2016\/06\/TURISMO-2.jpg 600w, https:\/\/www.r2cpress.com.br\/v1\/wp-content\/uploads\/2016\/06\/TURISMO-2-300x170.jpg 300w\" sizes=\"(max-width: 600px) 100vw, 600px\" \/><\/a><p id=\"caption-attachment-101513\" class=\"wp-caption-text\">Ministros do Turismo e do Planejamento, Desenvolvimento e Gest\u00e3o, em reuni\u00e3o, na quarta-feira (08). Foto: Ascom\/MTur<br \/><\/p><\/div>\n<p>Os ministros do Turismo, Henrique Eduardo Alves, e do Planejamento, Desenvolvimento e Gest\u00e3o, Dyogo Oliveira, discutiram hoje uma estrat\u00e9gia para ampliar o ganho do Brasil com a Olimp\u00edada e Paralimp\u00edada. O turismo foi apontado como o principal legado para os jogos. \u201cMas para desenvolvermos todo o nosso potencial, precisamos promover os nossos atrativos, mostrar o que temos de melhor para os quase 5 bilh\u00f5es de espectadores que v\u00e3o nos assistir e gerar nos visitantes estrangeiros a vontade de voltar ao nosso pa\u00eds\u201d, comentou Henrique Eduardo Alves. <\/p>\n<p>Para ele o refor\u00e7o no or\u00e7amento do Minist\u00e9rio do Turismo e da Embratur, autarquia respons\u00e1vel pela promo\u00e7\u00e3o internacional, \u00e9 fundamental para o Brasil aproveitar a oportunidade e conseguir divulgar adequadamente os destinos. O ministro do Planejamento determinou que a equipe t\u00e9cnica da pasta ministerial buscasse solu\u00e7\u00f5es vi\u00e1veis para, mesmo diante do atual cen\u00e1rio de restri\u00e7\u00f5es, atender \u00e0 demanda. <\/p>\n<p>Entre as a\u00e7\u00f5es do Minist\u00e9rio do Turismo para os jogos ol\u00edmpicos e paraol\u00edmpicos est\u00e3o em destaque a realiza\u00e7\u00e3o da Casa Brasil, um espa\u00e7o a ser montado no P\u00eder Mau\u00e1, no Boulevard Ol\u00edmpico, para divulgar a cultura e os atrativos nacionais. O local ficar\u00e1 aberto ao p\u00fablico de agosto a setembro com uma programa\u00e7\u00e3o ampla e variada que est\u00e1 sendo fechada pelo governo federal. Al\u00e9m do MTur, participam da organiza\u00e7\u00e3o da Casa o Minist\u00e9rio da Cultura e a Apex. \u201cOs jogos s\u00e3o do Brasil e os ganhos devem ser de todo o pa\u00eds tamb\u00e9m\u201d, afirmou o ministro do Turismo.  <\/p>\n","protected":false},"excerpt":{"rendered":"<p>Em audi\u00eancia com o ministro do Planejamento, Dyogo Oliveira, Henrique Eduardo Alves pede apoio para a promo\u00e7\u00e3o dos destinos brasileiros na Olimp\u00edada Os ministros do Turismo, Henrique Eduardo Alves, e do Planejamento, Desenvolvimento e Gest\u00e3o, Dyogo Oliveira, discutiram hoje uma estrat\u00e9gia para ampliar o ganho do Brasil com a Olimp\u00edada e Paralimp\u00edada. O turismo foi [&hellip;]<\/p>\n","protected":false},"author":2,"featured_media":0,"comment_status":"open","ping_status":"open","sticky":false,"template":"","format":"standard","meta":{"_links_to":"","_links_to_target":""},"categories":[13,27],"tags":[],"_links":{"self":[{"href":"https:\/\/www.r2cpress.com.br\/v1\/wp-json\/wp\/v2\/posts\/101512"}],"collection":[{"href":"https:\/\/www.r2cpress.com.br\/v1\/wp-json\/wp\/v2\/posts"}],"about":[{"href":"https:\/\/www.r2cpress.com.br\/v1\/wp-json\/wp\/v2\/types\/post"}],"author":[{"embeddable":true,"href":"https:\/\/www.r2cpress.com.br\/v1\/wp-json\/wp\/v2\/users\/2"}],"replies":[{"embeddable":true,"href":"https:\/\/www.r2cpress.com.br\/v1\/wp-json\/wp\/v2\/comments?post=101512"}],"version-history":[{"count":1,"href":"https:\/\/www.r2cpress.com.br\/v1\/wp-json\/wp\/v2\/posts\/101512\/revisions"}],"predecessor-version":[{"id":101514,"href":"https:\/\/www.r2cpress.com.br\/v1\/wp-json\/wp\/v2\/posts\/101512\/revisions\/101514"}],"wp:attachment":[{"href":"https:\/\/www.r2cpress.com.br\/v1\/wp-json\/wp\/v2\/media?parent=101512"}],"wp:term":[{"taxonomy":"category","embeddable":true,"href":"https:\/\/www.r2cpress.com.br\/v1\/wp-json\/wp\/v2\/categories?post=101512"},{"taxonomy":"post_tag","embeddable":true,"href":"https:\/\/www.r2cpress.com.br\/v1\/wp-json\/wp\/v2\/tags?post=101512"}],"curies":[{"name":"wp","href":"https:\/\/api.w.org\/{rel}","templated":true}]}}