{"id":101549,"date":"2016-06-10T17:20:14","date_gmt":"2016-06-10T20:20:14","guid":{"rendered":"http:\/\/www.r2cpress.com.br\/v1\/?p=101549"},"modified":"2016-06-10T17:20:14","modified_gmt":"2016-06-10T20:20:14","slug":"ceramista-peruano-faz-oficina-em-ilheus-neste-final-de-semana","status":"publish","type":"post","link":"https:\/\/www.r2cpress.com.br\/v1\/2016\/06\/10\/ceramista-peruano-faz-oficina-em-ilheus-neste-final-de-semana\/","title":{"rendered":"CERAMISTA PERUANO FAZ OFICINA EM ILH\u00c9US NESTE FINAL DE SEMANA"},"content":{"rendered":"<p>Acontece em Ilh\u00e9us, de 10 a 12 de junho, no ateli\u00ea da jovem e emergente artista Marina Ferrer, Rodovia Ilh\u00e9us Oliven\u00e7a, a I Oficina de Cer\u00e2mica Contempor\u00e2nea Ancestral do Peru, ministrada pelo artista peruano Maneno Llinkarimachiq,\u00a0 e desenvolvida com a utiliza\u00e7\u00e3o de t\u00e9cnicas ancestriais do Peru: Palenteado e Prepara\u00e7\u00e3o de Engobes e Brunidos. \u201cDurante a oficina os integrantes fabricar\u00e3o uma fonte com a t\u00e9cnica de pedra e da palheta de madeira (usando os p\u00e9s como base), quando partindo com um c\u00f4ncavo se golpeia a argila com o mesmo ritmo, e posteriormente, as formas s\u00e3o definidas com as m\u00e3os, sendo ent\u00e3o que o acabamento de cada pe\u00e7a se dar\u00e1 com polimento, utilizando pedra de cantos arredondados\u201d, explica a ceramista Cl\u00e1udia dos Santos Saar &#8211; do Ateli\u00ea Oca de Barro &#8211; que est\u00e1 trazendo a oficina para Ilh\u00e9us.<\/p>\n<div id=\"attachment_101550\" style=\"width: 510px\" class=\"wp-caption aligncenter\"><a href=\"http:\/\/www.r2cpress.com.br\/v1\/wp-content\/uploads\/2016\/06\/ceramica-maneno-llinkarimachiq.jpg-oficina-em-ilh\u00e9us-junho-2016-foto-divulgacao.jpg\"><img aria-describedby=\"caption-attachment-101550\" loading=\"lazy\" class=\"size-full wp-image-101550\" src=\"http:\/\/www.r2cpress.com.br\/v1\/wp-content\/uploads\/2016\/06\/ceramica-maneno-llinkarimachiq.jpg-oficina-em-ilh\u00e9us-junho-2016-foto-divulgacao.jpg\" alt=\"Cer\u00e2mica maneno llinkarimachiq.jpg- oficina em ilh\u00e9us- junho 2016- foto divulgacao\" width=\"500\" height=\"500\" srcset=\"https:\/\/www.r2cpress.com.br\/v1\/wp-content\/uploads\/2016\/06\/ceramica-maneno-llinkarimachiq.jpg-oficina-em-ilh\u00e9us-junho-2016-foto-divulgacao.jpg 500w, https:\/\/www.r2cpress.com.br\/v1\/wp-content\/uploads\/2016\/06\/ceramica-maneno-llinkarimachiq.jpg-oficina-em-ilh\u00e9us-junho-2016-foto-divulgacao-150x150.jpg 150w, https:\/\/www.r2cpress.com.br\/v1\/wp-content\/uploads\/2016\/06\/ceramica-maneno-llinkarimachiq.jpg-oficina-em-ilh\u00e9us-junho-2016-foto-divulgacao-300x300.jpg 300w\" sizes=\"(max-width: 500px) 100vw, 500px\" \/><\/a><p id=\"caption-attachment-101550\" class=\"wp-caption-text\">Cer\u00e2mica maneno llinkarimachiq.jpg- oficina em ilh\u00e9us- junho 2016- foto divulgacao<\/p><\/div>\n<p>Al\u00e9m de ilheenses, est\u00e3o inscritos participantes advindos de outras cidades da regi\u00e3o grapi\u00fana, e tamb\u00e9m de outros estados, dentre as quais destacamos: Jane Hilda Badar\u00f3, Marlove Quadros, L\u00facia Lagu\u00e1rdia, Vitoria Bittencourt, \u00a0Kuky Vilela, Wiviane Passos, El\u00edzia Fran\u00e7a, Edn\u00f3lia Calheira, Susy Roosli, Maria Jos\u00e9 Duchini, Cec\u00edlia Menezes, Marlene Queiroz, Ana Dalva Sampaio, \u00a0Meire Ferrer, Marina Ferrer, Lusieme Lins Moraes, Helena Costa, Eulina Lavigne, Maria do Socorro Mendon\u00e7a, Val\u00e9ria Magalh\u00e3es, Carla Arl\u00e9o e Makelly Martinhago. Presen\u00e7a confirmada tamb\u00e9m de Selma Calheira, propriet\u00e1ria da consagrada Cer\u00e2mica Cores da Terra.<\/p>\n<p>Cl\u00e1udia Saar, do Ateli\u00ea Oca de Barro, promotora do evento diz que \u201c ter Maneno em Ilh\u00e9us \u00e9 uma honra, posto que, nascido em Chulucanas, no Peru, uma zona privilegiada pela tradi\u00e7\u00e3o de grandes ceramistas desde \u00e9pocas pr\u00e9-colombianas, ele tem caracter\u00edsticas marcantes: grande paix\u00e3o pelo of\u00edcio, inquieto, investigativo, trabalha com muita paci\u00eancia e amor, excelente dominador da t\u00e9cnica, cria pe\u00e7as exclusivamente para contempla\u00e7\u00e3o, algumas decoradas com tra\u00e7os incrustados em um r\u00edgido estilo geom\u00e9trico de grande beleza compositiva, influenciado pela arte milenar das culturas Vic\u00fas, T\u00e1llan, Mochicha, Inca e Maia. Suas cer\u00e2micas est\u00e3o compostas essencialmente por mulheres ind\u00edgens e aves marinhas em elegante estiliza\u00e7\u00e3o\u201d . Para a artista pl\u00e1stica e arte-terapeuta, Vit\u00f3ria Bittencourt, \u201cesta oficina marca um momento art\u00edstico importante para Ilh\u00e9us, por ser uma oportunidade \u00edmpar para artistas regionais que est\u00e3o em busca de novas t\u00e9cnicas, professores de arte, artes\u00e3os, terapeutas e pessoas interessadas em experimenta\u00e7\u00f5es hol\u00edsticas, aprenderem com o mestre <a href=\"https:\/\/www.facebook.com\/maneno.llimkarimachiq\">Ceramista Maneno<\/a>, internacionalmente respeitado pelo conhecimento na arte da argila,do fogo,da fonte ancestral do Peru. Tamb\u00e9m abre novos\u00a0 horizontes pra prov\u00e1veis profissionais no futuro, pelo efeito multiplicador que pode gerar, visto que, alguns dos participantes estar\u00e3o difundindo as t\u00e9cnicas apreendidas para seus alunos. Um trabalho capaz de proporcionar aos participantes momentos l\u00fadicos, de inspira\u00e7\u00e3o , de mergulho na paz interior que serena os \u00e2nimos e fortalece a liga\u00e7\u00e3o com a arte, que \u00e9 divina\u201d.<\/p>\n<p>&nbsp;<\/p>\n","protected":false},"excerpt":{"rendered":"<p>Acontece em Ilh\u00e9us, de 10 a 12 de junho, no ateli\u00ea da jovem e emergente artista Marina Ferrer, Rodovia Ilh\u00e9us Oliven\u00e7a, a I Oficina de Cer\u00e2mica Contempor\u00e2nea Ancestral do Peru, ministrada pelo artista peruano Maneno Llinkarimachiq,\u00a0 e desenvolvida com a utiliza\u00e7\u00e3o de t\u00e9cnicas ancestriais do Peru: Palenteado e Prepara\u00e7\u00e3o de Engobes e Brunidos. \u201cDurante a [&hellip;]<\/p>\n","protected":false},"author":2,"featured_media":0,"comment_status":"open","ping_status":"open","sticky":false,"template":"","format":"standard","meta":{"_links_to":"","_links_to_target":""},"categories":[5,28],"tags":[],"_links":{"self":[{"href":"https:\/\/www.r2cpress.com.br\/v1\/wp-json\/wp\/v2\/posts\/101549"}],"collection":[{"href":"https:\/\/www.r2cpress.com.br\/v1\/wp-json\/wp\/v2\/posts"}],"about":[{"href":"https:\/\/www.r2cpress.com.br\/v1\/wp-json\/wp\/v2\/types\/post"}],"author":[{"embeddable":true,"href":"https:\/\/www.r2cpress.com.br\/v1\/wp-json\/wp\/v2\/users\/2"}],"replies":[{"embeddable":true,"href":"https:\/\/www.r2cpress.com.br\/v1\/wp-json\/wp\/v2\/comments?post=101549"}],"version-history":[{"count":1,"href":"https:\/\/www.r2cpress.com.br\/v1\/wp-json\/wp\/v2\/posts\/101549\/revisions"}],"predecessor-version":[{"id":101551,"href":"https:\/\/www.r2cpress.com.br\/v1\/wp-json\/wp\/v2\/posts\/101549\/revisions\/101551"}],"wp:attachment":[{"href":"https:\/\/www.r2cpress.com.br\/v1\/wp-json\/wp\/v2\/media?parent=101549"}],"wp:term":[{"taxonomy":"category","embeddable":true,"href":"https:\/\/www.r2cpress.com.br\/v1\/wp-json\/wp\/v2\/categories?post=101549"},{"taxonomy":"post_tag","embeddable":true,"href":"https:\/\/www.r2cpress.com.br\/v1\/wp-json\/wp\/v2\/tags?post=101549"}],"curies":[{"name":"wp","href":"https:\/\/api.w.org\/{rel}","templated":true}]}}