{"id":101611,"date":"2016-06-14T17:11:37","date_gmt":"2016-06-14T20:11:37","guid":{"rendered":"http:\/\/www.r2cpress.com.br\/v1\/?p=101611"},"modified":"2016-06-14T17:11:37","modified_gmt":"2016-06-14T20:11:37","slug":"ilheense-vence-campeonato-mundial-de-jiu-jitsu","status":"publish","type":"post","link":"https:\/\/www.r2cpress.com.br\/v1\/2016\/06\/14\/ilheense-vence-campeonato-mundial-de-jiu-jitsu\/","title":{"rendered":"Ilheense vence Campeonato Mundial de Jiu Jitsu"},"content":{"rendered":"<p><em>Com apenas 10 anos de idade, estudante coleciona t\u00edtulos em competi\u00e7\u00f5es pelo Brasil<\/em><\/p>\n<p><div id=\"attachment_101613\" style=\"width: 610px\" class=\"wp-caption aligncenter\"><a href=\"http:\/\/www.r2cpress.com.br\/v1\/wp-content\/uploads\/2016\/06\/Ramases-subiu-ao-lugar-mais-alto-do-p\u00f3dio-mais-uma-vez.-Foto-divulga\u00e7\u00e3o-2.jpg\"><img aria-describedby=\"caption-attachment-101613\" loading=\"lazy\" src=\"http:\/\/www.r2cpress.com.br\/v1\/wp-content\/uploads\/2016\/06\/Ramases-subiu-ao-lugar-mais-alto-do-p\u00f3dio-mais-uma-vez.-Foto-divulga\u00e7\u00e3o-2.jpg\" alt=\"Ramases subiu ao lugar mais alto do p\u00f3dio mais uma vez. Foto divulga\u00e7\u00e3o \" width=\"600\" height=\"450\" class=\"size-full wp-image-101613\" srcset=\"https:\/\/www.r2cpress.com.br\/v1\/wp-content\/uploads\/2016\/06\/Ramases-subiu-ao-lugar-mais-alto-do-p\u00f3dio-mais-uma-vez.-Foto-divulga\u00e7\u00e3o-2.jpg 600w, https:\/\/www.r2cpress.com.br\/v1\/wp-content\/uploads\/2016\/06\/Ramases-subiu-ao-lugar-mais-alto-do-p\u00f3dio-mais-uma-vez.-Foto-divulga\u00e7\u00e3o-2-300x225.jpg 300w\" sizes=\"(max-width: 600px) 100vw, 600px\" \/><\/a><p id=\"caption-attachment-101613\" class=\"wp-caption-text\">Ramases subiu ao lugar mais alto do p\u00f3dio mais uma vez. Foto divulga\u00e7\u00e3o<\/p><\/div> O estudante Ilheense Rameses C\u00e1ridas mais uma vez representa bem a sua cidade natal. O atleta de 10 anos, que luta desde os quatro anos de idade, colocou mais uma medalha na cole\u00e7\u00e3o. A sua conquista mais recente foi o primeiro lugar na categoria infantil Pena B no Mundial de Jiu Jitsu, disputado em Feira de Santana, no \u00faltimo domingo, dia 12. A competi\u00e7\u00e3o foi organizada pela Federa\u00e7\u00e3o Internacional de Jiu-Jitsu Desportivo.<\/p>\n<p>C\u00e1ridas treina tr\u00eas vezes por semana e coleciona vit\u00f3rias. Estudante de escola p\u00fablica e morador do bairro Conquista, em Ilh\u00e9us, tem, entre as conquistas mais recentes o vice-campeonato Brasileiro do Sudeste, competi\u00e7\u00e3o realizada em abril deste ano, em Cariacica, no Esp\u00edrito Santo.<\/p>\n<p><strong>T\u00edtulos <\/strong>\u2013 Dentre os t\u00edtulos conquistados est\u00e3o o de vice-campe\u00e3o norte-nordeste de  jiu jitsu 2015, tetracampe\u00e3o da Federa\u00e7\u00e3o Baiana de Jud\u00f4- 2010\/11\/12\/13 (festival da crian\u00e7a), bicampe\u00e3o 2013\/2014, do Itabuna  Open  de  Jiu jitsu, campe\u00e3o 2013 do XXV  Campeonato Nacional  de Jud\u00f4  Sesc Bahia, campe\u00e3o 2012\/14 da Copa P\u00e1lace de Jud\u00f4, campe\u00e3o  2013 do Festival  Salesiano Dom  Bosco, campe\u00e3o 2010 do Festival Sul Baiano de Jud\u00f4, campe\u00e3o 2012 da Copa Itacar\u00e9 de Jud\u00f4, vice-campe\u00e3o brasileiro do sudeste em 2016, vice-campe\u00e3o baiano de jiujtsu pela segunda etapa em Salvador, entre outros.<\/p>\n","protected":false},"excerpt":{"rendered":"<p>Com apenas 10 anos de idade, estudante coleciona t\u00edtulos em competi\u00e7\u00f5es pelo Brasil O estudante Ilheense Rameses C\u00e1ridas mais uma vez representa bem a sua cidade natal. O atleta de 10 anos, que luta desde os quatro anos de idade, colocou mais uma medalha na cole\u00e7\u00e3o. A sua conquista mais recente foi o primeiro lugar [&hellip;]<\/p>\n","protected":false},"author":2,"featured_media":0,"comment_status":"open","ping_status":"open","sticky":false,"template":"","format":"standard","meta":{"_links_to":"","_links_to_target":""},"categories":[11,23],"tags":[],"_links":{"self":[{"href":"https:\/\/www.r2cpress.com.br\/v1\/wp-json\/wp\/v2\/posts\/101611"}],"collection":[{"href":"https:\/\/www.r2cpress.com.br\/v1\/wp-json\/wp\/v2\/posts"}],"about":[{"href":"https:\/\/www.r2cpress.com.br\/v1\/wp-json\/wp\/v2\/types\/post"}],"author":[{"embeddable":true,"href":"https:\/\/www.r2cpress.com.br\/v1\/wp-json\/wp\/v2\/users\/2"}],"replies":[{"embeddable":true,"href":"https:\/\/www.r2cpress.com.br\/v1\/wp-json\/wp\/v2\/comments?post=101611"}],"version-history":[{"count":3,"href":"https:\/\/www.r2cpress.com.br\/v1\/wp-json\/wp\/v2\/posts\/101611\/revisions"}],"predecessor-version":[{"id":101615,"href":"https:\/\/www.r2cpress.com.br\/v1\/wp-json\/wp\/v2\/posts\/101611\/revisions\/101615"}],"wp:attachment":[{"href":"https:\/\/www.r2cpress.com.br\/v1\/wp-json\/wp\/v2\/media?parent=101611"}],"wp:term":[{"taxonomy":"category","embeddable":true,"href":"https:\/\/www.r2cpress.com.br\/v1\/wp-json\/wp\/v2\/categories?post=101611"},{"taxonomy":"post_tag","embeddable":true,"href":"https:\/\/www.r2cpress.com.br\/v1\/wp-json\/wp\/v2\/tags?post=101611"}],"curies":[{"name":"wp","href":"https:\/\/api.w.org\/{rel}","templated":true}]}}