{"id":101627,"date":"2016-06-15T15:10:11","date_gmt":"2016-06-15T18:10:11","guid":{"rendered":"http:\/\/www.r2cpress.com.br\/v1\/?p=101627"},"modified":"2016-06-15T15:10:11","modified_gmt":"2016-06-15T18:10:11","slug":"aprovada-lei-que-cria-a-politica-municipal-de-residuos-solidos-de-ilheus","status":"publish","type":"post","link":"https:\/\/www.r2cpress.com.br\/v1\/2016\/06\/15\/aprovada-lei-que-cria-a-politica-municipal-de-residuos-solidos-de-ilheus\/","title":{"rendered":"Aprovada Lei que cria a Pol\u00edtica  Municipal de Res\u00edduos S\u00f3lidos de Ilh\u00e9us"},"content":{"rendered":"<p><em>A proposi\u00e7\u00e3o visa prevenir a polui\u00e7\u00e3o, recuperar a qualidade do meio ambiente, promover a inclus\u00e3o s\u00f3cioprodutiva dos catadores de res\u00edduos s\u00f3lidos reutiliz\u00e1veis e assegurar a sa\u00fade p\u00fablica, garantindo o uso adequado dos recursos ambientais.<\/em> <div id=\"attachment_101628\" style=\"width: 610px\" class=\"wp-caption aligncenter\"><a href=\"http:\/\/www.r2cpress.com.br\/v1\/wp-content\/uploads\/2016\/06\/foto-Roberto-Santos-Secom-Ilh\u00e9us.jpg\"><img aria-describedby=\"caption-attachment-101628\" loading=\"lazy\" src=\"http:\/\/www.r2cpress.com.br\/v1\/wp-content\/uploads\/2016\/06\/foto-Roberto-Santos-Secom-Ilh\u00e9us.jpg\" alt=\"Foto Roberto Santos-Secom-Ilh\u00e9us\" width=\"600\" height=\"236\" class=\"size-full wp-image-101628\" srcset=\"https:\/\/www.r2cpress.com.br\/v1\/wp-content\/uploads\/2016\/06\/foto-Roberto-Santos-Secom-Ilh\u00e9us.jpg 600w, https:\/\/www.r2cpress.com.br\/v1\/wp-content\/uploads\/2016\/06\/foto-Roberto-Santos-Secom-Ilh\u00e9us-300x118.jpg 300w\" sizes=\"(max-width: 600px) 100vw, 600px\" \/><\/a><p id=\"caption-attachment-101628\" class=\"wp-caption-text\">Foto Roberto Santos-Secom-Ilh\u00e9us<\/p><\/div> De iniciativa do Poder Executivo Municipal, a C\u00e2mara de Vereadores de Ilh\u00e9us aprovou, na sess\u00e3o ordin\u00e1ria de ter\u00e7a-feira, 14 de junho, o projeto de lei que institui a Pol\u00edtica Municipal de Res\u00edduos S\u00f3lidos. A mat\u00e9ria foi encaminhada ao Legislativo pelo prefeito de Ilh\u00e9us em exerc\u00edcio, Carlos Machado (Cac\u00e1). Entre outros aspectos, a Lei define objetivos, diretrizes e instrumentos que visam prevenir a polui\u00e7\u00e3o, recuperar a qualidade do meio ambiente, promover a inclus\u00e3o s\u00f3cioprodutiva dos catadores de res\u00edduos s\u00f3lidos reutiliz\u00e1veis e assegurar a sa\u00fade p\u00fablica, garantindo o uso adequado dos recursos ambientais.<\/p>\n<p><!--more--><\/p>\n<p>Ao enviar o projeto ao Legislativo, o prefeito Cac\u00e1 lembrou que a proposta foi constru\u00edda de forma participativa e descentralizada e que representa a primeira etapa do atendimento \u00e0s normas da Pol\u00edtica Nacional e Estadual de Res\u00edduos S\u00f3lidos. Segundo o prefeito, o projeto de lei do Plano Municipal de Res\u00edduos S\u00f3lidos representa uma pe\u00e7a importante na forma\u00e7\u00e3o do Plano Municipal de Saneamento B\u00e1sico. &#8220;S\u00e3o obriga\u00e7\u00f5es regulamentadas pela Uni\u00e3o e Estado com vistas a tornar os munic\u00edpios benefici\u00e1rios das pol\u00edticas p\u00fablicas voltadas para o manejo integrado de res\u00edduos s\u00f3lidos&#8221;, diz.<\/p>\n<p>O projeto teve respaldo t\u00e9cnico da Secretaria de Meio Ambiente e Urbanismo (Sema). O secret\u00e1rio Antonio Vieira destaca que as normas que tratam das proibi\u00e7\u00f5es, infra\u00e7\u00f5es e penalidades transitam lado a lado com os instrumentos econ\u00f4micos, com a educa\u00e7\u00e3o ambiental, com a responsabilidade compartilhada e com a inclus\u00e3o s\u00f3cioprodutiva dos catadores de res\u00edduos s\u00f3lidos. &#8220;Tudo isso com a finalidade de regular, de forma madura e respons\u00e1vel, a aplica\u00e7\u00e3o de seus dispositivos de controle social e fiscaliza\u00e7\u00e3o&#8221;, acrescenta.<\/p>\n<p>Integrada &#8211; O artigo 2\u00ba do projeto de lei enfatiza que a gest\u00e3o integrada de res\u00edduos s\u00f3lidos no Munic\u00edpio de Ilh\u00e9us ser\u00e1 desenvolvida em conson\u00e2ncia com as Pol\u00edticas Nacionais, Estaduais e Municipais de Meio Ambiente, Urbana, de Educa\u00e7\u00e3o Ambiental, de Recursos H\u00eddricos, de Saneamento B\u00e1sico, de Sa\u00fade e de Res\u00edduos S\u00f3lidos, al\u00e9m daquelas que promovam verdadeiramente a inclus\u00e3o s\u00f3cioprodutiva dos catadores e das catadoras de materiais recicl\u00e1veis.<\/p>\n<p>J\u00e1 o artigo 5 define os instrumentos da Pol\u00edtica Municipal de Res\u00edduos S\u00f3lidos de Ilh\u00e9us, que s\u00e3o, entre outros, o plano municipal de gest\u00e3o integrada de res\u00edduos s\u00f3lidos, o sistema de informa\u00e7\u00e3o de res\u00edduos s\u00f3lidos, o programa de capacita\u00e7\u00e3o t\u00e9cnica, interna ou externa, na \u00e1rea de res\u00edduos s\u00f3lidos para gestores p\u00fablicos, t\u00e9cnicos efetivos, com prioriza\u00e7\u00e3o para os membros do CTGA e demais atores envolvidos na gest\u00e3o integrada, o programa de coleta seletiva de Ilh\u00e9us, os planos de gerenciamento de res\u00edduos s\u00f3lidos, os acordos setoriais municipais, os sistemas de log\u00edstica reversa e outras ferramentas relacionadas \u00e0 implementa\u00e7\u00e3o da responsabilidade compartilhada pelo ciclo de vida dos produtos e o incentivo \u00e0 cria\u00e7\u00e3o e ao desenvolvimento de cooperativas de agentes ambientais.<\/p>\n","protected":false},"excerpt":{"rendered":"<p>A proposi\u00e7\u00e3o visa prevenir a polui\u00e7\u00e3o, recuperar a qualidade do meio ambiente, promover a inclus\u00e3o s\u00f3cioprodutiva dos catadores de res\u00edduos s\u00f3lidos reutiliz\u00e1veis e assegurar a sa\u00fade p\u00fablica, garantindo o uso adequado dos recursos ambientais. De iniciativa do Poder Executivo Municipal, a C\u00e2mara de Vereadores de Ilh\u00e9us aprovou, na sess\u00e3o ordin\u00e1ria de ter\u00e7a-feira, 14 de junho, [&hellip;]<\/p>\n","protected":false},"author":2,"featured_media":0,"comment_status":"open","ping_status":"open","sticky":false,"template":"","format":"standard","meta":{"_links_to":"","_links_to_target":""},"categories":[23],"tags":[],"_links":{"self":[{"href":"https:\/\/www.r2cpress.com.br\/v1\/wp-json\/wp\/v2\/posts\/101627"}],"collection":[{"href":"https:\/\/www.r2cpress.com.br\/v1\/wp-json\/wp\/v2\/posts"}],"about":[{"href":"https:\/\/www.r2cpress.com.br\/v1\/wp-json\/wp\/v2\/types\/post"}],"author":[{"embeddable":true,"href":"https:\/\/www.r2cpress.com.br\/v1\/wp-json\/wp\/v2\/users\/2"}],"replies":[{"embeddable":true,"href":"https:\/\/www.r2cpress.com.br\/v1\/wp-json\/wp\/v2\/comments?post=101627"}],"version-history":[{"count":2,"href":"https:\/\/www.r2cpress.com.br\/v1\/wp-json\/wp\/v2\/posts\/101627\/revisions"}],"predecessor-version":[{"id":101630,"href":"https:\/\/www.r2cpress.com.br\/v1\/wp-json\/wp\/v2\/posts\/101627\/revisions\/101630"}],"wp:attachment":[{"href":"https:\/\/www.r2cpress.com.br\/v1\/wp-json\/wp\/v2\/media?parent=101627"}],"wp:term":[{"taxonomy":"category","embeddable":true,"href":"https:\/\/www.r2cpress.com.br\/v1\/wp-json\/wp\/v2\/categories?post=101627"},{"taxonomy":"post_tag","embeddable":true,"href":"https:\/\/www.r2cpress.com.br\/v1\/wp-json\/wp\/v2\/tags?post=101627"}],"curies":[{"name":"wp","href":"https:\/\/api.w.org\/{rel}","templated":true}]}}