{"id":101709,"date":"2016-06-20T15:37:11","date_gmt":"2016-06-20T18:37:11","guid":{"rendered":"http:\/\/www.r2cpress.com.br\/v1\/?p=101709"},"modified":"2016-06-20T15:37:11","modified_gmt":"2016-06-20T18:37:11","slug":"mpfba-pre-inscricao-para-processo-seletivo-de-estagio-comeca-hoje-20-de-junho","status":"publish","type":"post","link":"https:\/\/www.r2cpress.com.br\/v1\/2016\/06\/20\/mpfba-pre-inscricao-para-processo-seletivo-de-estagio-comeca-hoje-20-de-junho\/","title":{"rendered":"MPF\/BA: pr\u00e9-inscri\u00e7\u00e3o para processo seletivo de est\u00e1gio come\u00e7a hoje, 20 de junho"},"content":{"rendered":"<p id=\"yui_3_16_0_ym19_1_1466447473323_4936\"><em>As vagas s\u00e3o para n\u00edveis m\u00e9dio e superior nas \u00e1reas de Administra\u00e7\u00e3o, Direito, Inform\u00e1tica e Jornalismo em v\u00e1rias unidades do MPF na Bahia; pr\u00e9-inscri\u00e7\u00e3o vai at\u00e9 11 de julho<\/em><\/p>\n<p id=\"yui_3_16_0_ym19_1_1466447473323_4877\" class=\"yiv9968510794western\"><span id=\"yui_3_16_0_ym19_1_1466447473323_4876\"><span id=\"yui_3_16_0_ym19_1_1466447473323_4875\"><span id=\"yui_3_16_0_ym19_1_1466447473323_4874\"><span id=\"yui_3_16_0_ym19_1_1466447473323_4873\"><span id=\"yui_3_16_0_ym19_1_1466447473323_4872\"><span id=\"yui_3_16_0_ym19_1_1466447473323_4871\">O Minist\u00e9rio P\u00fablico Federal (MPF) na Bahia abre processo seletivo para o preenchimento de 20 vagas, mais forma\u00e7\u00e3o de cadastro de reserva, direcionadas aos estudantes dos cursos de Administra\u00e7\u00e3o, Direito, Inform\u00e1tica e Jornalismo (superior) e de n\u00edvel m\u00e9dio. A pr\u00e9-inscri\u00e7\u00e3o no concurso dever\u00e1 ser realizada de 20 de junho a 11 de julho, <\/span><\/span><\/span><\/span><\/span><\/span><a class=\"yiv9968510794western\" href=\"http:\/\/www.mpf.mp.br\/ba\/estagie-conosco\" target=\"_blank\" rel=\"nofollow\">na p\u00e1gina do MPF\/BA, na internet<\/a>. Para a confirma\u00e7\u00e3o da inscri\u00e7\u00e3o, os interessados dever\u00e3o comparecer nas unidades do MPF\/BA para a qual concorre \u00e0 vaga nos dias 12, 13 e 14 de julho, das 13h \u00e0s 17h, com os documentos constantes do edital.<\/p>\n<p class=\"yiv9968510794western\">Para os estudantes de Administra\u00e7\u00e3o, as vagas s\u00e3o para Salvador, Feira de Santana e Ilh\u00e9us. Em Direito, as oportunidades s\u00e3o em Salvador, Campo Formoso, Eun\u00e1polis, Feira de Santana, Guanambi, Ilh\u00e9us, Jequi\u00e9, Paulo Afonso, Teixeira de Freitas e Vit\u00f3ria da Conquista, todos com uma vaga cada. J\u00e1 para os cursos de Inform\u00e1tica e Comunica\u00e7\u00e3o Social\/Jornalismo, h\u00e1 uma oportunidade em cada \u00e1rea para atuar em Salvador. Estudantes de n\u00edvel m\u00e9dio poder\u00e3o concorrer \u00e0s vagas em Salvador, Barreiras, Irec\u00ea e Jequi\u00e9.<\/p>\n<p id=\"yui_3_16_0_ym19_1_1466447473323_4963\" class=\"yiv9968510794western\"><span id=\"yui_3_16_0_ym19_1_1466447473323_4962\"><span id=\"yui_3_16_0_ym19_1_1466447473323_4961\"><span id=\"yui_3_16_0_ym19_1_1466447473323_4960\"><span id=\"yui_3_16_0_ym19_1_1466447473323_4959\"><span id=\"yui_3_16_0_ym19_1_1466447473323_4958\"><span id=\"yui_3_16_0_ym19_1_1466447473323_4957\"><span id=\"yui_3_16_0_ym19_1_1466447473323_4956\">As provas para n\u00edvel m\u00e9dio ser\u00e3o aplicadas no dia 31 de julho e para n\u00edvel superior em 7 de agosto, sempre \u00e0s 9 da manh\u00e3, em local a ser divulgado na p\u00e1gina do <\/span><\/span><\/span><\/span><\/span><\/span><\/span>MPF\/BA. O conte\u00fado program\u00e1tico pode ser conferido no edital do processo seletivo. Com jornada de 20 horas semanais, o est\u00e1gio oferece bolsa no valor de R$ 850 (superior) e R$ 590 (m\u00e9dio), aux\u00edlio transporte e seguro contra acidentes pessoais.<\/p>\n<p id=\"yui_3_16_0_ym19_1_1466447473323_5002\" class=\"yiv9968510794western\">Al\u00e9m de estarem matriculados em institui\u00e7\u00f5es de ensino conveniadas com o Minist\u00e9rio P\u00fablico Federal, os estudantes de n\u00edvel superior n\u00e3o podem ter como previs\u00e3o de conclus\u00e3o da gradua\u00e7\u00e3o o segundo semestre de 2016, devem ainda t<span id=\"yui_3_16_0_ym19_1_1466447473323_5001\"><span id=\"yui_3_16_0_ym19_1_1466447473323_5000\"><span id=\"yui_3_16_0_ym19_1_1466447473323_4999\"><span id=\"yui_3_16_0_ym19_1_1466447473323_4998\"><span id=\"yui_3_16_0_ym19_1_1466447473323_4997\"><span id=\"yui_3_16_0_ym19_1_1466447473323_4996\"><span id=\"yui_3_16_0_ym19_1_1466447473323_4995\">er cursado pelo menos 40% (quarenta por cento) da carga hor\u00e1ria ou dos cr\u00e9ditos necess\u00e1rios para conclus\u00e3o do curso, independente do semestre em que esteja formalmente matriculado. Os estudantes de n\u00edvel m\u00e9dio, como requisito, devem estar cursando o segundo ou terceiro ano.<\/span><\/span><\/span><\/span><\/span><\/span><\/span><\/p>\n<p class=\"yiv9968510794western\"><a class=\"yiv9968510794internal-link\" title=\"\" href=\"http:\/\/www.mpf.mp.br\/ba\/sala-de-imprensa\/docs\/processo-seletivo-estagiarios_edital_01-2016.pdf\" target=\"_blank\" rel=\"nofollow\">Confira a \u00edntegra do edital<\/a>.<\/p>\n","protected":false},"excerpt":{"rendered":"<p>As vagas s\u00e3o para n\u00edveis m\u00e9dio e superior nas \u00e1reas de Administra\u00e7\u00e3o, Direito, Inform\u00e1tica e Jornalismo em v\u00e1rias unidades do MPF na Bahia; pr\u00e9-inscri\u00e7\u00e3o vai at\u00e9 11 de julho O Minist\u00e9rio P\u00fablico Federal (MPF) na Bahia abre processo seletivo para o preenchimento de 20 vagas, mais forma\u00e7\u00e3o de cadastro de reserva, direcionadas aos estudantes dos [&hellip;]<\/p>\n","protected":false},"author":2,"featured_media":0,"comment_status":"open","ping_status":"open","sticky":false,"template":"","format":"standard","meta":{"_links_to":"","_links_to_target":""},"categories":[13,1],"tags":[],"_links":{"self":[{"href":"https:\/\/www.r2cpress.com.br\/v1\/wp-json\/wp\/v2\/posts\/101709"}],"collection":[{"href":"https:\/\/www.r2cpress.com.br\/v1\/wp-json\/wp\/v2\/posts"}],"about":[{"href":"https:\/\/www.r2cpress.com.br\/v1\/wp-json\/wp\/v2\/types\/post"}],"author":[{"embeddable":true,"href":"https:\/\/www.r2cpress.com.br\/v1\/wp-json\/wp\/v2\/users\/2"}],"replies":[{"embeddable":true,"href":"https:\/\/www.r2cpress.com.br\/v1\/wp-json\/wp\/v2\/comments?post=101709"}],"version-history":[{"count":1,"href":"https:\/\/www.r2cpress.com.br\/v1\/wp-json\/wp\/v2\/posts\/101709\/revisions"}],"predecessor-version":[{"id":101710,"href":"https:\/\/www.r2cpress.com.br\/v1\/wp-json\/wp\/v2\/posts\/101709\/revisions\/101710"}],"wp:attachment":[{"href":"https:\/\/www.r2cpress.com.br\/v1\/wp-json\/wp\/v2\/media?parent=101709"}],"wp:term":[{"taxonomy":"category","embeddable":true,"href":"https:\/\/www.r2cpress.com.br\/v1\/wp-json\/wp\/v2\/categories?post=101709"},{"taxonomy":"post_tag","embeddable":true,"href":"https:\/\/www.r2cpress.com.br\/v1\/wp-json\/wp\/v2\/tags?post=101709"}],"curies":[{"name":"wp","href":"https:\/\/api.w.org\/{rel}","templated":true}]}}