{"id":101711,"date":"2016-06-20T15:47:04","date_gmt":"2016-06-20T18:47:04","guid":{"rendered":"http:\/\/www.r2cpress.com.br\/v1\/?p=101711"},"modified":"2016-06-20T15:47:04","modified_gmt":"2016-06-20T18:47:04","slug":"rota-de-museus-valoriza-patrimonio-historico-da-bahia","status":"publish","type":"post","link":"https:\/\/www.r2cpress.com.br\/v1\/2016\/06\/20\/rota-de-museus-valoriza-patrimonio-historico-da-bahia\/","title":{"rendered":"Rota de Museus valoriza patrim\u00f4nio hist\u00f3rico da Bahia"},"content":{"rendered":"<div id=\"attachment_101712\" style=\"width: 320px\" class=\"wp-caption alignleft\"><a href=\"http:\/\/www.r2cpress.com.br\/v1\/wp-content\/uploads\/2016\/06\/MUSEUS_ROTA_DIVULGA\u00c7\u00c3O-GOVBA.jpg\"><img aria-describedby=\"caption-attachment-101712\" loading=\"lazy\" class=\"size-full wp-image-101712\" src=\"http:\/\/www.r2cpress.com.br\/v1\/wp-content\/uploads\/2016\/06\/MUSEUS_ROTA_DIVULGA\u00c7\u00c3O-GOVBA.jpg\" alt=\"MUSEUS_ROTA_DIVULGA\u00c7\u00c3O GOVBA\" width=\"310\" height=\"189\" srcset=\"https:\/\/www.r2cpress.com.br\/v1\/wp-content\/uploads\/2016\/06\/MUSEUS_ROTA_DIVULGA\u00c7\u00c3O-GOVBA.jpg 310w, https:\/\/www.r2cpress.com.br\/v1\/wp-content\/uploads\/2016\/06\/MUSEUS_ROTA_DIVULGA\u00c7\u00c3O-GOVBA-300x182.jpg 300w\" sizes=\"(max-width: 310px) 100vw, 310px\" \/><\/a><p id=\"caption-attachment-101712\" class=\"wp-caption-text\">MUSEUS_ROTA_DIVULGA\u00c7\u00c3O GOVBA<\/p><\/div>\n<p id=\"yiv3648344161story_title\">Que a capital baiana guarda boa parte da sua hist\u00f3ria em suas edifica\u00e7\u00f5es seculares, todo mundo sabe. Mas, que tal conhecer um pouco mais sobre a cidade, por meio dos im\u00f3veis tombados, al\u00e9m de interagir com as diferentes linguagens culturais de exposi\u00e7\u00f5es tempor\u00e1rias e permanentes, tudo sem gastar um tost\u00e3o? Interessante, n\u00e3o? Esta \u00e9 a proposta do Instituto do Patrim\u00f4nio Art\u00edstico e Cultural do Estado (Ipac), via Diretoria de Museus (Dimus), ao desenvolver o projeto Rota de Museus, que pode ser conferido no<b><a href=\"https:\/\/www.youtube.com\/watch?v=ZaSmA6Et_SI\" target=\"_blank\" rel=\"nofollow\"> v\u00eddeo<\/a><\/b> da \u2018Nossa Cultura\u2019, s\u00e9rie produzida pela Secretaria de Comunica\u00e7\u00e3o Social do Estado (Secom).<\/p>\n<div id=\"yiv3648344161Signature\">\n<div id=\"yiv3648344161divtagdefaultwrapper\">\n<div id=\"yui_3_16_0_ym19_1_1466447473323_5631\">\n<div id=\"yui_3_16_0_ym19_1_1466447473323_5628\">A Rota de Museus prop\u00f5e um roteiro de visitas gratuitas aos principais museus de Salvador. Localizado no bairro da Gra\u00e7a, o Palacete das Artes, por exemplo, chama a aten\u00e7\u00e3o do visitante logo na chegada. Esculturas no jardim reafirmam o conceito de museu ao ar livre. Mas n\u00e3o para por a\u00ed. Atividades educacionais, aliadas a diversas exposi\u00e7\u00f5es de artistas pl\u00e1sticos do Brasil e do mundo, costumam deixar impressionado quem reserva um tempo para visitar o local.<\/div>\n<p><!--more--><\/p>\n<p>O diretor do Palacete, Murilo Ribeiro, informa que atualmente o equipamento cultural est\u00e1 com uma exposi\u00e7\u00e3o de brinquedos feitos \u00e0 m\u00e3o. \u201cA gente trabalha focado na educa\u00e7\u00e3o, na forma\u00e7\u00e3o do p\u00fablico, motivando as crian\u00e7as e os adolescentes, e trabalhando com os diversos segmentos da sociedade. Todas as atividades aqui do museu s\u00e3o gratuitas. \u00c9 uma orienta\u00e7\u00e3o, inclusive, do Governo do Estado\u201d.<\/p>\n<p>Bem perto da li, no Corredor da Vit\u00f3ria, fica o Museu de Arte da Bahia (MAB), o mais antigo do estado, com uma cole\u00e7\u00e3o diversificada de aproximadamente 14 mil pe\u00e7as. O diretor do espa\u00e7o cultural, Pedro Arcanjo, ressalta que esse \u00e9 \u201cum museu voltado para pensar a hist\u00f3ria da Bahia, da arte baiana\u201d.<\/p>\n<p>Mais adiante, no Centro Antigo de Salvador (CAS), entre o casario multicolorido do Pelourinho, que por si s\u00f3 j\u00e1 enche os olhos, o Centro Cultural Solar Ferr\u00e3o tamb\u00e9m retrata parte da hist\u00f3ria do Brasil e do mundo, mas com algumas peculiaridades, como a exposi\u00e7\u00e3o de 1.005 instrumentos musicais cedidos pela etnomusic\u00f3loga Emilia Biancardi e que, desde o ano passado, faz parte do acervo permanente da institui\u00e7\u00e3o.<\/p>\n<p>As visitas, sempre guiadas por monitores, s\u00e3o verdadeiras aulas sobre as diferentes formas que os povos antigos e contempor\u00e2neos encontraram para dialogar por meio da m\u00fasica. J\u00e1 faz parte da rotina do local, a visita de grupos de estudantes, seja para apreciar as pe\u00e7as ou para interagir com as atividades oferecidas pelo centro cultural. Para a coordenadora pedag\u00f3gica do Solar Ferr\u00e3o, Leila Campos, os alunos t\u00eam a possibilidade de entrar em contato com objetos de estudos que n\u00e3o est\u00e3o apenas nos livros. \u201cConhecer, exatamente, o que o museu guarda em termos de cultura, de hist\u00f3ria, atrav\u00e9s de tudo que se encontra nele, fortalece e torna ele um pesquisador. Um dos pontos mais positivos das visitas\u201d.<\/p>\n<p>Mesmo em reforma, o Museu de Arte Moderna (MAM-BA), na Avenida Contorno, \u00e9 o local indicado para encerrar o roteiro de visitas, pois, al\u00e9m do acervo, a vista para a Ba\u00eda de Todos-os-Santos e para o imponente p\u00f4r do sol, s\u00e3o um atrativo a parte para quem gosta de estar em um ambiente urbano presenteado pela natureza. Nas oficinas ali oferecidas, o p\u00fablico pode aprimorar o talento, exercitar a criatividade ou at\u00e9 mesmo alimentar o desejo de ter pe\u00e7as expostas ali. O diretor do equipamento, Ziv\u00e9 Giudice, enfatiza que o local tem um p\u00fablico que n\u00e3o comparece simplesmente para conferir \u00e0s exposi\u00e7\u00f5es. &#8220;Eles querem participar. O museu convida, instiga para isso. As oficinas congregam uma quantidade interessante de cursos, que s\u00e3o oferecidos gratuitamente\u201d.<\/p><\/div>\n<p><span id=\"yui_3_16_0_ym19_1_1466447473323_5630\" class=\"yiv3648344161Apple-style-span\"><span id=\"yui_3_16_0_ym19_1_1466447473323_5629\" class=\"yiv3648344161Apple-style-span\" style=\"font-family: Times;\"><\/span><\/span><\/div>\n<\/div>\n<p><!--more--><\/p>\n<p><!--more--><\/p>\n<p><!--more--><\/p>\n<p><!--more--><\/p>\n<p><!--more--><\/p>\n<p><!--more--><\/p>\n<p><!--more--><\/p>\n<p><!--more--><\/p>\n<p><!--more--><\/p>\n<p><!--more--><\/p>\n","protected":false},"excerpt":{"rendered":"<p>Que a capital baiana guarda boa parte da sua hist\u00f3ria em suas edifica\u00e7\u00f5es seculares, todo mundo sabe. Mas, que tal conhecer um pouco mais sobre a cidade, por meio dos im\u00f3veis tombados, al\u00e9m de interagir com as diferentes linguagens culturais de exposi\u00e7\u00f5es tempor\u00e1rias e permanentes, tudo sem gastar um tost\u00e3o? Interessante, n\u00e3o? Esta \u00e9 a [&hellip;]<\/p>\n","protected":false},"author":2,"featured_media":0,"comment_status":"open","ping_status":"open","sticky":false,"template":"","format":"standard","meta":{"_links_to":"","_links_to_target":""},"categories":[5,29],"tags":[],"_links":{"self":[{"href":"https:\/\/www.r2cpress.com.br\/v1\/wp-json\/wp\/v2\/posts\/101711"}],"collection":[{"href":"https:\/\/www.r2cpress.com.br\/v1\/wp-json\/wp\/v2\/posts"}],"about":[{"href":"https:\/\/www.r2cpress.com.br\/v1\/wp-json\/wp\/v2\/types\/post"}],"author":[{"embeddable":true,"href":"https:\/\/www.r2cpress.com.br\/v1\/wp-json\/wp\/v2\/users\/2"}],"replies":[{"embeddable":true,"href":"https:\/\/www.r2cpress.com.br\/v1\/wp-json\/wp\/v2\/comments?post=101711"}],"version-history":[{"count":2,"href":"https:\/\/www.r2cpress.com.br\/v1\/wp-json\/wp\/v2\/posts\/101711\/revisions"}],"predecessor-version":[{"id":101714,"href":"https:\/\/www.r2cpress.com.br\/v1\/wp-json\/wp\/v2\/posts\/101711\/revisions\/101714"}],"wp:attachment":[{"href":"https:\/\/www.r2cpress.com.br\/v1\/wp-json\/wp\/v2\/media?parent=101711"}],"wp:term":[{"taxonomy":"category","embeddable":true,"href":"https:\/\/www.r2cpress.com.br\/v1\/wp-json\/wp\/v2\/categories?post=101711"},{"taxonomy":"post_tag","embeddable":true,"href":"https:\/\/www.r2cpress.com.br\/v1\/wp-json\/wp\/v2\/tags?post=101711"}],"curies":[{"name":"wp","href":"https:\/\/api.w.org\/{rel}","templated":true}]}}