{"id":101928,"date":"2016-07-02T00:27:53","date_gmt":"2016-07-02T03:27:53","guid":{"rendered":"http:\/\/www.r2cpress.com.br\/v1\/?p=101928"},"modified":"2016-07-02T00:27:53","modified_gmt":"2016-07-02T03:27:53","slug":"muito-vivo-na-minha-memoria","status":"publish","type":"post","link":"https:\/\/www.r2cpress.com.br\/v1\/2016\/07\/02\/muito-vivo-na-minha-memoria\/","title":{"rendered":"Muito vivo na minha mem\u00f3ria"},"content":{"rendered":"<div id=\"attachment_101929\" style=\"width: 310px\" class=\"wp-caption alignright\"><a href=\"http:\/\/www.r2cpress.com.br\/v1\/wp-content\/uploads\/2016\/07\/MARI-SOUZA.jpg\"><img aria-describedby=\"caption-attachment-101929\" loading=\"lazy\" class=\"size-full wp-image-101929\" src=\"http:\/\/www.r2cpress.com.br\/v1\/wp-content\/uploads\/2016\/07\/MARI-SOUZA.jpg\" alt=\"Mari Souza\" width=\"300\" height=\"285\" \/><\/a><p id=\"caption-attachment-101929\" class=\"wp-caption-text\">Mari Souza<\/p><\/div>\n<p>Era um feriado da Proclama\u00e7\u00e3o da Rep\u00fablica, e l\u00e1 est\u00e1vamos eu, Professor Dorival de Freitas e Professora Ba\u00edsa Nora. Passamos o dia juntos no apartamento dela nos deliciando com as palavras, com a poesia. Era para ser apenas uma manh\u00e3, mas estava tudo t\u00e3o contagiante, t\u00e3o agrad\u00e1vel, que nem percebemos a hora passar. Ela, tamb\u00e9m membro da Academia de Letras de Ilh\u00e9us, juntamente com ele, leram, releram e corrigiram com muito entusiasmo e prazer 150 poesias minhas (uma honra ter em meus cadernos a corre\u00e7\u00e3o de Dorival e Ba\u00edsa). Foi uma quinta-feira po\u00e9tica inesquec\u00edvel. O que dizer ent\u00e3o dos belos saraus que Dorival coordenava na Academia onde tive a oportunidade de me encantar com suas aulas e dicas de literatura carregadas de emo\u00e7\u00e3o em seus discursos incompar\u00e1veis e envolventes. Que orat\u00f3ria! Foi ent\u00e3o que timidamente comecei a recitar meus primeiros poemas na Academia incentivada pelo Mestre que escutava com riqueza de aten\u00e7\u00e3o, fazendo gesto de apurar os ouvidos. Era de uma intelig\u00eancia \u00edmpar na medida da sua simplicidade. Obrigada, Professor Dorival! Que Deus conforte o cora\u00e7\u00e3o da fam\u00edlia! Ficam as mem\u00f3rias&#8230;<br \/>\nMari Souza<\/p>\n","protected":false},"excerpt":{"rendered":"<p>Era um feriado da Proclama\u00e7\u00e3o da Rep\u00fablica, e l\u00e1 est\u00e1vamos eu, Professor Dorival de Freitas e Professora Ba\u00edsa Nora. Passamos o dia juntos no apartamento dela nos deliciando com as palavras, com a poesia. Era para ser apenas uma manh\u00e3, mas estava tudo t\u00e3o contagiante, t\u00e3o agrad\u00e1vel, que nem percebemos a hora passar. Ela, tamb\u00e9m [&hellip;]<\/p>\n","protected":false},"author":2,"featured_media":0,"comment_status":"open","ping_status":"open","sticky":false,"template":"","format":"standard","meta":{"_links_to":"","_links_to_target":""},"categories":[5,10],"tags":[],"_links":{"self":[{"href":"https:\/\/www.r2cpress.com.br\/v1\/wp-json\/wp\/v2\/posts\/101928"}],"collection":[{"href":"https:\/\/www.r2cpress.com.br\/v1\/wp-json\/wp\/v2\/posts"}],"about":[{"href":"https:\/\/www.r2cpress.com.br\/v1\/wp-json\/wp\/v2\/types\/post"}],"author":[{"embeddable":true,"href":"https:\/\/www.r2cpress.com.br\/v1\/wp-json\/wp\/v2\/users\/2"}],"replies":[{"embeddable":true,"href":"https:\/\/www.r2cpress.com.br\/v1\/wp-json\/wp\/v2\/comments?post=101928"}],"version-history":[{"count":2,"href":"https:\/\/www.r2cpress.com.br\/v1\/wp-json\/wp\/v2\/posts\/101928\/revisions"}],"predecessor-version":[{"id":101931,"href":"https:\/\/www.r2cpress.com.br\/v1\/wp-json\/wp\/v2\/posts\/101928\/revisions\/101931"}],"wp:attachment":[{"href":"https:\/\/www.r2cpress.com.br\/v1\/wp-json\/wp\/v2\/media?parent=101928"}],"wp:term":[{"taxonomy":"category","embeddable":true,"href":"https:\/\/www.r2cpress.com.br\/v1\/wp-json\/wp\/v2\/categories?post=101928"},{"taxonomy":"post_tag","embeddable":true,"href":"https:\/\/www.r2cpress.com.br\/v1\/wp-json\/wp\/v2\/tags?post=101928"}],"curies":[{"name":"wp","href":"https:\/\/api.w.org\/{rel}","templated":true}]}}