{"id":101976,"date":"2016-07-04T12:00:39","date_gmt":"2016-07-04T15:00:39","guid":{"rendered":"http:\/\/www.r2cpress.com.br\/v1\/?p=101976"},"modified":"2016-07-04T12:00:39","modified_gmt":"2016-07-04T15:00:39","slug":"no-gotas-de-paz-671","status":"publish","type":"post","link":"https:\/\/www.r2cpress.com.br\/v1\/2016\/07\/04\/no-gotas-de-paz-671\/","title":{"rendered":"No GOTAS DE PAZ"},"content":{"rendered":"<h1 class=\"entry-title post-title\" style=\"text-align: center;\"><span style=\"color: #0000ff;\"><strong>A DO\u00c7URA QUE QUEBRA A DUREZA<\/strong><\/span><\/h1>\n<article><\/article>\n<p>H\u00e1 pessoas que por alguma raz\u00e3o t\u00eam o cora\u00e7\u00e3o duro, como se costuma dizer. N\u00e3o sorriem, est\u00e3o sempre de rosto com ares de amargura. S\u00e3o rudes no tratamento com o pr\u00f3ximo.\u00a0 S\u00e3o incapazes de um gesto de carinho ou uma palavra doce. Logo, julgamos que a pessoa n\u00e3o tem boa \u00edndole, que \u00e9 do mal, e muitos passam a trat\u00e1-la mal tamb\u00e9m. A\u00ed vira aquele c\u00edrculo vicioso, com troca de energias negativas. Esse n\u00e3o \u00e9 o caminho.\u00a0 N\u00e3o sabemos as raz\u00f5es que levaram essa pessoa a agir e a ser assim. Fa\u00e7amos o oposto. Procuremos tratar essa pessoa com do\u00e7ura e afabilidade. Fa\u00e7amos um agrado, tratemo-la com carinho e respeito.\u00a0 Ajamos de modo que ela perceba que \u00e9 importante para n\u00f3s.\u00a0 Tenham a certeza de que ter\u00e3o uma grande surpresa. Logo poder\u00e3o perceber que essa pessoa passar\u00e1 a sorrir mais, ainda que timidamente. Sua autoestima melhorar\u00e1 porque ela se sentir\u00e1 querida. Passar\u00e1 a tratar melhor os outros e seu rosto se tornar\u00e1 mais leve. Despertaremos nela o lado bom que estava sufocado. \u00a0Vejam meus amigos, como n\u00e3o devemos prejulgar, tampouco menosprezar a quem quer que seja. A do\u00e7ura e a afabilidade quebram a dureza do cora\u00e7\u00e3o. Isso \u00e9 caridade, pois agindo dessa maneira conseguimos tornar algu\u00e9m melhor tamb\u00e9m! Pense nisso!<\/p>\n<p><span style=\"color: #0000ff;\"><em><strong>http:\/\/www.gotasdepaz.com.br\/a-docura-que-quebra-a-dureza\/<\/strong><\/em><\/span><\/p>\n","protected":false},"excerpt":{"rendered":"<p>A DO\u00c7URA QUE QUEBRA A DUREZA H\u00e1 pessoas que por alguma raz\u00e3o t\u00eam o cora\u00e7\u00e3o duro, como se costuma dizer. N\u00e3o sorriem, est\u00e3o sempre de rosto com ares de amargura. S\u00e3o rudes no tratamento com o pr\u00f3ximo.\u00a0 S\u00e3o incapazes de um gesto de carinho ou uma palavra doce. Logo, julgamos que a pessoa n\u00e3o tem [&hellip;]<\/p>\n","protected":false},"author":2,"featured_media":0,"comment_status":"open","ping_status":"open","sticky":false,"template":"","format":"standard","meta":{"_links_to":"","_links_to_target":""},"categories":[17],"tags":[],"_links":{"self":[{"href":"https:\/\/www.r2cpress.com.br\/v1\/wp-json\/wp\/v2\/posts\/101976"}],"collection":[{"href":"https:\/\/www.r2cpress.com.br\/v1\/wp-json\/wp\/v2\/posts"}],"about":[{"href":"https:\/\/www.r2cpress.com.br\/v1\/wp-json\/wp\/v2\/types\/post"}],"author":[{"embeddable":true,"href":"https:\/\/www.r2cpress.com.br\/v1\/wp-json\/wp\/v2\/users\/2"}],"replies":[{"embeddable":true,"href":"https:\/\/www.r2cpress.com.br\/v1\/wp-json\/wp\/v2\/comments?post=101976"}],"version-history":[{"count":1,"href":"https:\/\/www.r2cpress.com.br\/v1\/wp-json\/wp\/v2\/posts\/101976\/revisions"}],"predecessor-version":[{"id":101977,"href":"https:\/\/www.r2cpress.com.br\/v1\/wp-json\/wp\/v2\/posts\/101976\/revisions\/101977"}],"wp:attachment":[{"href":"https:\/\/www.r2cpress.com.br\/v1\/wp-json\/wp\/v2\/media?parent=101976"}],"wp:term":[{"taxonomy":"category","embeddable":true,"href":"https:\/\/www.r2cpress.com.br\/v1\/wp-json\/wp\/v2\/categories?post=101976"},{"taxonomy":"post_tag","embeddable":true,"href":"https:\/\/www.r2cpress.com.br\/v1\/wp-json\/wp\/v2\/tags?post=101976"}],"curies":[{"name":"wp","href":"https:\/\/api.w.org\/{rel}","templated":true}]}}