{"id":102040,"date":"2016-07-08T12:50:05","date_gmt":"2016-07-08T15:50:05","guid":{"rendered":"http:\/\/www.r2cpress.com.br\/v1\/?p=102040"},"modified":"2016-07-08T12:50:05","modified_gmt":"2016-07-08T15:50:05","slug":"noticias-da-avep-79","status":"publish","type":"post","link":"https:\/\/www.r2cpress.com.br\/v1\/2016\/07\/08\/noticias-da-avep-79\/","title":{"rendered":"NOT\u00cdCIAS DA AVEP"},"content":{"rendered":"<p><center> <img loading=\"lazy\" src=\"http:\/\/www.r2cpress.com.br\/v1\/wp-content\/uploads\/CART%C3%83O-HECKEL-AVEP-300x115.jpg\" width=\"300\" height=\"115\" class=\"aligncenter\" \/>   <\/center><\/p>\n<h2 style=\"text-align: center;\"><strong>CAPIT\u00c3ES PAULO GOIS E CRISPA DA GALERA DO FLA VENCEM NA <\/strong><\/h2>\n<h2 style=\"text-align: center;\"><strong>13\u00aa RODADA<\/strong><\/h2>\n<div id=\"attachment_102041\" style=\"width: 610px\" class=\"wp-caption aligncenter\"><a href=\"http:\/\/www.r2cpress.com.br\/v1\/wp-content\/uploads\/2016\/07\/Avep-01.jpg\"><img aria-describedby=\"caption-attachment-102041\" loading=\"lazy\" class=\"size-full wp-image-102041\" src=\"http:\/\/www.r2cpress.com.br\/v1\/wp-content\/uploads\/2016\/07\/Avep-01.jpg\" alt=\"01\" width=\"600\" height=\"335\" srcset=\"https:\/\/www.r2cpress.com.br\/v1\/wp-content\/uploads\/2016\/07\/Avep-01.jpg 600w, https:\/\/www.r2cpress.com.br\/v1\/wp-content\/uploads\/2016\/07\/Avep-01-300x167.jpg 300w\" sizes=\"(max-width: 600px) 100vw, 600px\" \/><\/a><p id=\"caption-attachment-102041\" class=\"wp-caption-text\">01<\/p><\/div>\n<div id=\"attachment_102042\" style=\"width: 550px\" class=\"wp-caption aligncenter\"><a href=\"http:\/\/www.r2cpress.com.br\/v1\/wp-content\/uploads\/2016\/07\/Avep-02.jpg\"><img aria-describedby=\"caption-attachment-102042\" loading=\"lazy\" class=\"size-full wp-image-102042\" src=\"http:\/\/www.r2cpress.com.br\/v1\/wp-content\/uploads\/2016\/07\/Avep-02.jpg\" alt=\"02\" width=\"540\" height=\"278\" srcset=\"https:\/\/www.r2cpress.com.br\/v1\/wp-content\/uploads\/2016\/07\/Avep-02.jpg 540w, https:\/\/www.r2cpress.com.br\/v1\/wp-content\/uploads\/2016\/07\/Avep-02-300x154.jpg 300w\" sizes=\"(max-width: 540px) 100vw, 540px\" \/><\/a><p id=\"caption-attachment-102042\" class=\"wp-caption-text\">02<\/p><\/div>\n<p>Na 13\u00aa rodada de \u201cbabas de praia\u201d da Associa\u00e7\u00e3o dos Veteranos de Esporte Praiano \u2013 Avep realizados no domingo (3) pela manh\u00e3, como de costume na praia da Avenida Soares Lopes(imedia\u00e7\u00f5es da Tenda Teatro Popular de Ilh\u00e9us), as equipes dos <em>capit\u00e3es Paulo Gois e Crispa da Galera do Fla<\/em> venceram respectivamente as dos <em>capit\u00e3es\u00a0\u00a0 Nilton do BB e Passos de Uru\u00e7uca<\/em> pelo escore de 4 a 1. No Campo Grimaldo os gols da do Cap. Paulo Gois foram feitos pelo atacante Ralio (<strong>4<\/strong>), descontando Zugaib para a perdedora; no Campo Martial os atacantes Ismar(<strong>2<\/strong>), Garrancho e um contra do zagueiro \u2013advers\u00e1rio\u2013 Dinho, fizeram para a do Cap. Crispa da Galera do Fla; \u00a0Carl\u00e3o, meia de liga\u00e7\u00e3o, marcou o \u00fanico da de Passos de Uru\u00e7uca.<\/p>\n<p>Os ju\u00edzes Raimundo Miranda (Campo Grimaldo) e Wilson Salviano apitaram as partidas sem maiores reclama\u00e7\u00f5es por parte dos part\u00edcipes. Ambos pertencem a Liga Ilheense de Futebol. Receberam Cart\u00e3o Amarelo o meia Sena e o lateral-esquerdo de of\u00edcio Eduardo Japon\u00eas.<\/p>\n<p><strong><em>Equipes no Campo Grimaldo<\/em><\/strong><\/p>\n<p><!--more--><\/p>\n<p><em>(<strong>Cap. Paulo Gois<\/strong>): Rosivaldo, Paulo Gois, Gicelio, Prof. Jorge Reis, Luciano(Erisvan, entrou aos 35 do 1\u00ba T)\u00a0 Caio, Lu\u00eds Eduardo, Ralio, Luis Humberto,\u00a0 Major e Rogerio Midlej<\/em><\/p>\n<p><em>(<strong>Cap. Nilton do BB<\/strong>): Jamilton, Nilton do BB, Alan Dias, Haroldo(Z\u00e9 Eduardo entrou no intervalo), Melga\u00e7o, Danilo, Marlon, Zugaib, Marconi, Paulo da Bitway, e Fuminho<\/em><\/p>\n<p><strong><em>Equipes no Campo Martial<\/em><\/strong><\/p>\n<p><em>(<strong>Cap. Passos de Uru\u00e7uca<\/strong>): Pedro Chama Gol, Dinho, Lu\u00eds M\u00e1rio, Heckel Janu\u00e1rio, Torisco do HSBC, Passos de Uru\u00e7uca, Carl\u00e3o, Pod\u00e3o, Silva e Sena<\/em><\/p>\n<p><em>(<strong>Cap. Crispa da Galera do Fla<\/strong>): Marcelo, Gallete, Jackson Tiuba, Eduardo Japon\u00eas, Vado(entrou Mario Filho no intervalo), Robson, Tabosa,, Ismar, Crispa da Galera do Fla\u00a0 e \u00a0Garrancho<\/em><\/p>\n<p><em>Obs. No Campo Martial as equipes jogaram com dez jogadores por falta de qu\u00f3rum <\/em><\/p>\n<p><em>\u00a0<\/em><\/p>\n<p><strong>HOMENAGEM P\u00d3STUMA<\/strong><\/p>\n<p>Nos dois campos as quatro equipes permaneceram <strong>\u2013<\/strong> depois dos apitos iniciais das partidas <strong>\u2013<\/strong> por um minuto em sil\u00eancio, em homenagem p\u00f3stuma pelos recentes falecimentos de <strong><em>dona<\/em><\/strong> <strong><em>Inaura Pinto dos Santos<\/em><\/strong>, m\u00e3e do atual presidente da AVEP, <strong><em>Djalma Peludo,<\/em><\/strong> e de <strong>Ant\u00f4nio Barbosa de Souza Filho<\/strong>, um avepiano das antigas.<\/p>\n<p><strong><em>Tourinho<\/em><\/strong>, como era conhecido <strong><em>Ant\u00f4nio Barbosa<\/em><\/strong>, jogou futebol em alguns clubes (o beque Paulo Gois lembra do Ipiranga) da Liga Ilheense de Futebol e ap\u00f3s pendurar as chuteiras se dedicou \u00e0 arbitragem deste esporte chamado bret\u00e3o e muito contribuiu para a associa\u00e7\u00e3o avepiana apitando seus jogos praianos. Era o tempo, juntamente com Auxencio, outro \u00e1rbitro, do duo \u201cTourinho &amp;\u00a0 Auxencio\u201d, \u00a0folcl\u00f3rica e famosa dupla de \u00e1rbitros desta agremia\u00e7\u00e3o.<\/p>\n<p><strong>COMENT\u00c1RIOS<\/strong><\/p>\n<p>No Campo Grimaldo, segundo os comentaristas, o jogo desde in\u00edcio da partida esteve pendendo para a equipe do Cap. Paulo Gois. Segundo este capit\u00e3o tal vantagem se deveu a um esquema t\u00e1tico bem executado pela sua equipe. Neste quadro todos jogaram bem, com destaque para o volante Caio, os atacantes Ralio, Lu\u00eds Eduardo e o pr\u00f3prio beque de espera Paulo Gois. Ah, disseram tamb\u00e9m que o meia-atacante Lu\u00eds Humberto desta feita, sem receber Cart\u00e3o Azul, jogou bem. No perdedor as boas atua\u00e7\u00f5es do atacante Marconi e o ponta-de-lan\u00e7a Melga\u00e7o n\u00e3o foram suficientes para o impedimento da derrota.<\/p>\n<p>No Campo Martial o jogo no 1\u00ba tempo esteve parelho, com um certo predom\u00ednio do time que perdera, inclusive fazendo o primeiro gol ao 10\u2019, cedendo, por\u00e9m, o empate aos 35\u2019. No intervalo com a entrada do atacante Mario Filho, descansado, no rol dos de m\u00e9dia baixa de idade, e de estilo velocista, empreendendo um ritmo acelerado, se destacou no jogo, e fora o protagonista da vit\u00f3ria do time do Cap. Crispa da Galera do Fla.\u00a0 O time do Cap. Passos de Uru\u00e7uca embora com o toque de bola tenha chegado v\u00e1rias vezes a \u00e1rea advers\u00e1ria, n\u00e3o dava sequ\u00eancia, ou seja, n\u00e3o finalizava, ningu\u00e9m chutava em gol. A conclus\u00e3o \u00e9 que no time tinha \u201carmandinho\u201d pra cacete,\u00a0 mas atacante de verdade, nenhum. Com o gol contra aos 15\u2019 do zagueiro Dinho, os beques de meio e os volantes de conten\u00e7\u00e3o avan\u00e7aram desordenadamente e, desguarnecendo a defesa, ficou f\u00e1cil para o time advers\u00e1rio golear de 4 a 1. Destacaram, apesar da derrota, que o meia de liga\u00e7\u00e3o, Carl\u00e3o, jogou um bom futebol.<\/p>\n<p><strong>NOTAS<\/strong><\/p>\n<p>Registraram que Paulo Gois e Crispa da Galera do Fla voltaram a ganhar como capit\u00e3es depois de longo e tenebroso inverno sem vit\u00f3rias. E assim como ironia do destino, com o mesmo escore de 4 a 1, acrescentaram.<\/p>\n<p>E n\u00e3o perdoaram. Disseram que ficar\u00e1 nos anais da Avep o drible desconcertante do atacante Garrancho \u2013 fazendo o gol &#8211;\u00a0 em cima do beque Heckel Janu\u00e1rio. \u201cRapaz, o cara se enroscou com as pr\u00f3prias pernas e caiu estatelado\u201d, aventaram. E anunciaram:\u00a0 \u201cDe fato Garrancho, com os gols que vem fazendo em todas as partidas, j\u00e1 pode afirmar realmente que o artilheiro voltou\u201d.<\/p>\n<p>Desta feita o caf\u00e9 feito por Paulo Gois no \u201ccaf\u00e9 da manh\u00e3\u201d oferecido aos associados na concentra\u00e7\u00e3o, estava porreta, bem ao contr\u00e1rio do da rodada anterior, que de t\u00e3o ralo, estava transparente. \u00a0Destacaram tamb\u00e9m o mingau de milho do zagueiro Dinho: supimpa<\/p>\n<p><strong>Obs<\/strong>. n\u00e3o forma enviadas as fotos das equipes para postagem em raz\u00e3o do forte aguaceiro que caiu no momento que o fot\u00f3grafo oficial da Avep, o meia Marconi, se preparava para os cliques.\u00a0 O prof. Jorge Reis \u00e9 o fot\u00f3grafo de momentos et\u00edlicos desta agremia\u00e7\u00e3o.<\/p>\n<p>Pr\u00f3ximos \u201cbabas\u201d da AVEP: <strong>24\/97\/2016<\/strong><\/p>\n<p>&nbsp;<\/p>\n","protected":false},"excerpt":{"rendered":"<p>CAPIT\u00c3ES PAULO GOIS E CRISPA DA GALERA DO FLA VENCEM NA 13\u00aa RODADA Na 13\u00aa rodada de \u201cbabas de praia\u201d da Associa\u00e7\u00e3o dos Veteranos de Esporte Praiano \u2013 Avep realizados no domingo (3) pela manh\u00e3, como de costume na praia da Avenida Soares Lopes(imedia\u00e7\u00f5es da Tenda Teatro Popular de Ilh\u00e9us), as equipes dos capit\u00e3es Paulo [&hellip;]<\/p>\n","protected":false},"author":2,"featured_media":0,"comment_status":"open","ping_status":"open","sticky":false,"template":"","format":"standard","meta":{"_links_to":"","_links_to_target":""},"categories":[11],"tags":[],"_links":{"self":[{"href":"https:\/\/www.r2cpress.com.br\/v1\/wp-json\/wp\/v2\/posts\/102040"}],"collection":[{"href":"https:\/\/www.r2cpress.com.br\/v1\/wp-json\/wp\/v2\/posts"}],"about":[{"href":"https:\/\/www.r2cpress.com.br\/v1\/wp-json\/wp\/v2\/types\/post"}],"author":[{"embeddable":true,"href":"https:\/\/www.r2cpress.com.br\/v1\/wp-json\/wp\/v2\/users\/2"}],"replies":[{"embeddable":true,"href":"https:\/\/www.r2cpress.com.br\/v1\/wp-json\/wp\/v2\/comments?post=102040"}],"version-history":[{"count":3,"href":"https:\/\/www.r2cpress.com.br\/v1\/wp-json\/wp\/v2\/posts\/102040\/revisions"}],"predecessor-version":[{"id":102045,"href":"https:\/\/www.r2cpress.com.br\/v1\/wp-json\/wp\/v2\/posts\/102040\/revisions\/102045"}],"wp:attachment":[{"href":"https:\/\/www.r2cpress.com.br\/v1\/wp-json\/wp\/v2\/media?parent=102040"}],"wp:term":[{"taxonomy":"category","embeddable":true,"href":"https:\/\/www.r2cpress.com.br\/v1\/wp-json\/wp\/v2\/categories?post=102040"},{"taxonomy":"post_tag","embeddable":true,"href":"https:\/\/www.r2cpress.com.br\/v1\/wp-json\/wp\/v2\/tags?post=102040"}],"curies":[{"name":"wp","href":"https:\/\/api.w.org\/{rel}","templated":true}]}}