{"id":102056,"date":"2016-07-08T23:07:40","date_gmt":"2016-07-09T02:07:40","guid":{"rendered":"http:\/\/www.r2cpress.com.br\/v1\/?p=102056"},"modified":"2016-07-08T23:07:40","modified_gmt":"2016-07-09T02:07:40","slug":"seguranca-publica-baiana-e-reforcada-com-mais-245-sargentos","status":"publish","type":"post","link":"https:\/\/www.r2cpress.com.br\/v1\/2016\/07\/08\/seguranca-publica-baiana-e-reforcada-com-mais-245-sargentos\/","title":{"rendered":"Seguran\u00e7a p\u00fablica baiana \u00e9 refor\u00e7ada com mais 245 sargentos"},"content":{"rendered":"<div>\n<p id=\"story_title\">Duzentos e quarenta e cinco policiais militares de seis munic\u00edpios est\u00e3o qualificados para refor\u00e7ar a seguran\u00e7a p\u00fablica baiana, agora promovidos a sargentos. Em Salvador, 63 militares conclu\u00edram o curso e se formaram em solenidade realizada nesta sexta-feira (8), na Vila Policial do Bonfim. Simultaneamente, outros 44 foram formados em Feira de Santana, 29 em Ilh\u00e9us, 54 em Juazeiro, 19 em Barreiras e 36 em Teixeira de Freitas. Os novos sargentos passaram por dez semanas de instru\u00e7\u00e3o, totalizando 300 horas de curso.<\/p>\n<div id=\"attachment_102057\" style=\"width: 610px\" class=\"wp-caption aligncenter\"><a href=\"http:\/\/www.r2cpress.com.br\/v1\/wp-content\/uploads\/2016\/07\/By-Mateus-Pereira-GOVBA.jpg\"><img aria-describedby=\"caption-attachment-102057\" loading=\"lazy\" class=\"size-full wp-image-102057\" src=\"http:\/\/www.r2cpress.com.br\/v1\/wp-content\/uploads\/2016\/07\/By-Mateus-Pereira-GOVBA.jpg\" alt=\"By  Mateus Pereira GOVBA\" width=\"600\" height=\"400\" srcset=\"https:\/\/www.r2cpress.com.br\/v1\/wp-content\/uploads\/2016\/07\/By-Mateus-Pereira-GOVBA.jpg 600w, https:\/\/www.r2cpress.com.br\/v1\/wp-content\/uploads\/2016\/07\/By-Mateus-Pereira-GOVBA-300x200.jpg 300w\" sizes=\"(max-width: 600px) 100vw, 600px\" \/><\/a><p id=\"caption-attachment-102057\" class=\"wp-caption-text\">By Mateus Pereira GOVBA<\/p><\/div>\n<p>Carlito Sobral, agora sargento Sobral, foi o melhor aluno da turma de Salvador, mas a disciplina militar n\u00e3o foi suficiente para conter a emo\u00e7\u00e3o. &#8220;\u00c9 muito gratificante, uma honra para a fam\u00edlia militar. Quero parabenizar os colegas pela formatura hoje. \u00c9 mais sabedoria na profiss\u00e3o para atender \u00e0 comunidade. Agora tenho mais responsabilidade e mais prazer em servir&#8221;. A irm\u00e3 Sueli Sobral tamb\u00e9m est\u00e1 orgulhosa. &#8220;N\u00f3s sabemos o quanto ele se dedicou, se aperfei\u00e7oando em honra e em car\u00e1ter&#8221;.<\/p>\n<p>Para o comandante-geral da Pol\u00edcia Militar, coronel Anselmo Brand\u00e3o, com a progress\u00e3o dos policiais na carreira, quem ganha \u00e9 a sociedade. &#8220;Eles passam a ser policiais mais motivados, assumindo novas responsabilidades. O sargento \u00e9 um elo entre os oficiais e a tropa. A progress\u00e3o come\u00e7a com soldado, cabo, sargento, subtenente at\u00e9 chegar a oficial. No ano passado, n\u00f3s formamos 1.150 sargentos e 3 mil cabos. A previs\u00e3o para este ano \u00e9 promover tamb\u00e9m 1.150 sargentos&#8221;.<\/p>\n<p>O paraninfo da turma, coronel Gomes, destacou a import\u00e2ncia da forma\u00e7\u00e3o e da solenidade para o profissional. &#8220;\u00c9 uma homenagem muito justa pelo tempo que eles passam em forma\u00e7\u00e3o. Eles aprendem mat\u00e9rias de cunho militar, emocional e civil, como t\u00e9cnicas de abordagem, rela\u00e7\u00f5es p\u00fablicas e no\u00e7\u00f5es de direito. \u00c9 algo que eles precisam para utilizar durante o dia a dia&#8221;.<\/p>\n<p>Aluna do Col\u00e9gio Militar, Maria Alice, 11 anos, assistiu \u00e0 cerim\u00f4nia. Para ela, acompanhar a solenidade &#8220;\u00e9 um bom incentivo porque quando a gente crescer pode ter a mesma profiss\u00e3o deles. \u00c9 tudo muito lindo&#8221;. Felipe Darlan, do s\u00e9timo ano, tamb\u00e9m gostou. &#8220;Eu acho que assistir a essa cerim\u00f4nia \u00e9 um incentivo para todos n\u00f3s, do Col\u00e9gio da Pol\u00edcia Militar&#8221;.<\/p><\/div>\n<p>&nbsp;<\/p>\n","protected":false},"excerpt":{"rendered":"<p>Duzentos e quarenta e cinco policiais militares de seis munic\u00edpios est\u00e3o qualificados para refor\u00e7ar a seguran\u00e7a p\u00fablica baiana, agora promovidos a sargentos. Em Salvador, 63 militares conclu\u00edram o curso e se formaram em solenidade realizada nesta sexta-feira (8), na Vila Policial do Bonfim. Simultaneamente, outros 44 foram formados em Feira de Santana, 29 em Ilh\u00e9us, [&hellip;]<\/p>\n","protected":false},"author":2,"featured_media":0,"comment_status":"open","ping_status":"open","sticky":false,"template":"","format":"standard","meta":{"_links_to":"","_links_to_target":""},"categories":[29,25],"tags":[],"_links":{"self":[{"href":"https:\/\/www.r2cpress.com.br\/v1\/wp-json\/wp\/v2\/posts\/102056"}],"collection":[{"href":"https:\/\/www.r2cpress.com.br\/v1\/wp-json\/wp\/v2\/posts"}],"about":[{"href":"https:\/\/www.r2cpress.com.br\/v1\/wp-json\/wp\/v2\/types\/post"}],"author":[{"embeddable":true,"href":"https:\/\/www.r2cpress.com.br\/v1\/wp-json\/wp\/v2\/users\/2"}],"replies":[{"embeddable":true,"href":"https:\/\/www.r2cpress.com.br\/v1\/wp-json\/wp\/v2\/comments?post=102056"}],"version-history":[{"count":1,"href":"https:\/\/www.r2cpress.com.br\/v1\/wp-json\/wp\/v2\/posts\/102056\/revisions"}],"predecessor-version":[{"id":102058,"href":"https:\/\/www.r2cpress.com.br\/v1\/wp-json\/wp\/v2\/posts\/102056\/revisions\/102058"}],"wp:attachment":[{"href":"https:\/\/www.r2cpress.com.br\/v1\/wp-json\/wp\/v2\/media?parent=102056"}],"wp:term":[{"taxonomy":"category","embeddable":true,"href":"https:\/\/www.r2cpress.com.br\/v1\/wp-json\/wp\/v2\/categories?post=102056"},{"taxonomy":"post_tag","embeddable":true,"href":"https:\/\/www.r2cpress.com.br\/v1\/wp-json\/wp\/v2\/tags?post=102056"}],"curies":[{"name":"wp","href":"https:\/\/api.w.org\/{rel}","templated":true}]}}