{"id":102092,"date":"2016-07-11T09:44:35","date_gmt":"2016-07-11T12:44:35","guid":{"rendered":"http:\/\/www.r2cpress.com.br\/v1\/?p=102092"},"modified":"2016-07-11T09:44:35","modified_gmt":"2016-07-11T12:44:35","slug":"rui-determina-meia-passagem-de-ferry-para-moradores-da-ilha-de-itaparica-que-estudam-em-salvador","status":"publish","type":"post","link":"https:\/\/www.r2cpress.com.br\/v1\/2016\/07\/11\/rui-determina-meia-passagem-de-ferry-para-moradores-da-ilha-de-itaparica-que-estudam-em-salvador\/","title":{"rendered":"Rui determina meia passagem de ferry para moradores  da Ilha de Itaparica que estudam em Salvador"},"content":{"rendered":"<p>Atendendo \u00e0 reivindica\u00e7\u00e3o dos jovens da Ilha de Itaparica que estudam em escolas de Salvador, o governador Rui Costa determinou \u00e0 Secretaria da Infraestrutura (Seinfra) que estabele\u00e7a a cobran\u00e7a de meia passagem para os moradores dos munic\u00edpios de Vera Cruz e Itaparica matriculados em cursos na capital. <\/p>\n<p>Rui disse que acompanhou nas redes sociais o movimento dos estudantes. \u201cO prefeito tamb\u00e9m me disse que, quando ele entrou, havia 15 estudantes de n\u00edvel superior, moradores de Vera Cruz, fazendo o curso fora daqui. Hoje, s\u00e3o 500 estudantes. Como eu tenho a educa\u00e7\u00e3o como prioridade e, por isso, criei o programa Educar para Transformar &#8211; Pacto pela Educa\u00e7\u00e3o, acho que a reivindica\u00e7\u00e3o \u00e9 justa\u201d, afirmou o governador durante evento no munic\u00edpio de Vera Cruz, na Ilha de Itaparica, no s\u00e1bado (9).<\/p>\n<p>Segundo Rui, \u201cn\u00e3o \u00e9 justo que estes estudantes, que j\u00e1 fazem um esfor\u00e7o grande de se matricular longe de casa, ainda tenham que pagar a passagem inteira. J\u00e1 orientei o secret\u00e1rio da Infraestrutura e as provid\u00eancias est\u00e3o sendo tomadas\u201d. O benef\u00edcio aos estudantes foi divulgado durante solenidade de autoriza\u00e7\u00e3o para a recupera\u00e7\u00e3o de 17 quil\u00f4metros das BAs 882 e 868, em Vera Cruz.<\/p>\n","protected":false},"excerpt":{"rendered":"<p>Atendendo \u00e0 reivindica\u00e7\u00e3o dos jovens da Ilha de Itaparica que estudam em escolas de Salvador, o governador Rui Costa determinou \u00e0 Secretaria da Infraestrutura (Seinfra) que estabele\u00e7a a cobran\u00e7a de meia passagem para os moradores dos munic\u00edpios de Vera Cruz e Itaparica matriculados em cursos na capital. Rui disse que acompanhou nas redes sociais o [&hellip;]<\/p>\n","protected":false},"author":2,"featured_media":0,"comment_status":"open","ping_status":"open","sticky":false,"template":"","format":"standard","meta":{"_links_to":"","_links_to_target":""},"categories":[8,29],"tags":[],"_links":{"self":[{"href":"https:\/\/www.r2cpress.com.br\/v1\/wp-json\/wp\/v2\/posts\/102092"}],"collection":[{"href":"https:\/\/www.r2cpress.com.br\/v1\/wp-json\/wp\/v2\/posts"}],"about":[{"href":"https:\/\/www.r2cpress.com.br\/v1\/wp-json\/wp\/v2\/types\/post"}],"author":[{"embeddable":true,"href":"https:\/\/www.r2cpress.com.br\/v1\/wp-json\/wp\/v2\/users\/2"}],"replies":[{"embeddable":true,"href":"https:\/\/www.r2cpress.com.br\/v1\/wp-json\/wp\/v2\/comments?post=102092"}],"version-history":[{"count":1,"href":"https:\/\/www.r2cpress.com.br\/v1\/wp-json\/wp\/v2\/posts\/102092\/revisions"}],"predecessor-version":[{"id":102093,"href":"https:\/\/www.r2cpress.com.br\/v1\/wp-json\/wp\/v2\/posts\/102092\/revisions\/102093"}],"wp:attachment":[{"href":"https:\/\/www.r2cpress.com.br\/v1\/wp-json\/wp\/v2\/media?parent=102092"}],"wp:term":[{"taxonomy":"category","embeddable":true,"href":"https:\/\/www.r2cpress.com.br\/v1\/wp-json\/wp\/v2\/categories?post=102092"},{"taxonomy":"post_tag","embeddable":true,"href":"https:\/\/www.r2cpress.com.br\/v1\/wp-json\/wp\/v2\/tags?post=102092"}],"curies":[{"name":"wp","href":"https:\/\/api.w.org\/{rel}","templated":true}]}}