{"id":102116,"date":"2016-07-13T14:47:13","date_gmt":"2016-07-13T17:47:13","guid":{"rendered":"http:\/\/www.r2cpress.com.br\/v1\/?p=102116"},"modified":"2016-07-13T14:47:13","modified_gmt":"2016-07-13T17:47:13","slug":"ciclistas-paralizam-trafego-na-ponte-do-pontal-em-ilheus","status":"publish","type":"post","link":"https:\/\/www.r2cpress.com.br\/v1\/2016\/07\/13\/ciclistas-paralizam-trafego-na-ponte-do-pontal-em-ilheus\/","title":{"rendered":"CICLISTAS PARALIZAM TR\u00c1FEGO NA PONTE DO PONTAL, EM ILH\u00c9US"},"content":{"rendered":"<p>Um grupo de cerca de cem ciclistas realizou no in\u00edcio da manh\u00e3 desta ter\u00e7a-feira, dia 12 de julho, um ato p\u00fablico em protesto contra dois graves acidentes ocorridos em Ilh\u00e9us envolvendo ciclistas, que resultaram na morte de uma jovem na Av. Ubaitaba e em outro acidentado em estado muito grave, na ponte do Pontal.<br \/>\n<div id=\"attachment_102118\" style=\"width: 610px\" class=\"wp-caption aligncenter\"><a href=\"http:\/\/www.r2cpress.com.br\/v1\/wp-content\/uploads\/2016\/07\/FOTO-PARALIZA\u00c7\u00c3O-PONTE-PONTAL-12-07-2016.jpg\"><img aria-describedby=\"caption-attachment-102118\" loading=\"lazy\" src=\"http:\/\/www.r2cpress.com.br\/v1\/wp-content\/uploads\/2016\/07\/FOTO-PARALIZA\u00c7\u00c3O-PONTE-PONTAL-12-07-2016.jpg\" alt=\"Foto de p\u00e1gina inteira\" width=\"600\" height=\"424\" class=\"size-full wp-image-102118\" srcset=\"https:\/\/www.r2cpress.com.br\/v1\/wp-content\/uploads\/2016\/07\/FOTO-PARALIZA\u00c7\u00c3O-PONTE-PONTAL-12-07-2016.jpg 600w, https:\/\/www.r2cpress.com.br\/v1\/wp-content\/uploads\/2016\/07\/FOTO-PARALIZA\u00c7\u00c3O-PONTE-PONTAL-12-07-2016-300x212.jpg 300w\" sizes=\"(max-width: 600px) 100vw, 600px\" \/><\/a><p id=\"caption-attachment-102118\" class=\"wp-caption-text\">Foto de p\u00e1gina inteira<\/p><\/div> Representados pela AIC \u2013 Associa\u00e7\u00e3o Ilheense de Ciclismo e com a presen\u00e7a de diversos grupos de ciclistas, os manifestantes percorreram a Av. Lomanto Junior, no Pontal, e ao chegar a cabeceira da ponte cantaram o Hino Nacional, fechando o tr\u00e1fego.<\/p>\n<p>Depois caminharam at\u00e9 a outra cabeceira da ponte, em Ilh\u00e9us, onde fizeram um pronunciamento e ora\u00e7\u00f5es em favor das v\u00edtimas do tr\u00e2nsito, seguidas de uma panfletagem com suas principais reivindica\u00e7\u00f5es.<\/p>\n<p>Entre as reivindica\u00e7\u00f5es se destacavam as que se referiam \u00e0 constru\u00e7\u00e3o de ciclovias ou ciclofaixas, melhor  sinaliza\u00e7\u00e3o das vias, melhores condi\u00e7\u00f5es de conserva\u00e7\u00e3o e manuten\u00e7\u00e3o das pistas de rodagem e mais aten\u00e7\u00e3o e responsabilidade no tr\u00e2nsito por<\/p>\n<p>parte de todas as pessoas, desde pedestres e ciclistas at\u00e9 condutores de autom\u00f3veis, motocicletas, \u00f4nibus e caminh\u00f5es.<\/p>\n<p>Embora relativamente r\u00e1pida, pois durou apenas cerca de meia hora, os ciclistas avaliam que o ato p\u00fablico conseguiu o objetivo de chamar a aten\u00e7\u00e3o de todos para a necessidade de melhorias e de mais responsabilidade no tr\u00e2nsito, e prometem se manter mobilizados, para acompanhar o atendimento \u00e0s suas reivindica\u00e7\u00f5es. <\/p>\n","protected":false},"excerpt":{"rendered":"<p>Um grupo de cerca de cem ciclistas realizou no in\u00edcio da manh\u00e3 desta ter\u00e7a-feira, dia 12 de julho, um ato p\u00fablico em protesto contra dois graves acidentes ocorridos em Ilh\u00e9us envolvendo ciclistas, que resultaram na morte de uma jovem na Av. Ubaitaba e em outro acidentado em estado muito grave, na ponte do Pontal. Representados [&hellip;]<\/p>\n","protected":false},"author":2,"featured_media":0,"comment_status":"open","ping_status":"open","sticky":false,"template":"","format":"standard","meta":{"_links_to":"","_links_to_target":""},"categories":[10],"tags":[],"_links":{"self":[{"href":"https:\/\/www.r2cpress.com.br\/v1\/wp-json\/wp\/v2\/posts\/102116"}],"collection":[{"href":"https:\/\/www.r2cpress.com.br\/v1\/wp-json\/wp\/v2\/posts"}],"about":[{"href":"https:\/\/www.r2cpress.com.br\/v1\/wp-json\/wp\/v2\/types\/post"}],"author":[{"embeddable":true,"href":"https:\/\/www.r2cpress.com.br\/v1\/wp-json\/wp\/v2\/users\/2"}],"replies":[{"embeddable":true,"href":"https:\/\/www.r2cpress.com.br\/v1\/wp-json\/wp\/v2\/comments?post=102116"}],"version-history":[{"count":3,"href":"https:\/\/www.r2cpress.com.br\/v1\/wp-json\/wp\/v2\/posts\/102116\/revisions"}],"predecessor-version":[{"id":102120,"href":"https:\/\/www.r2cpress.com.br\/v1\/wp-json\/wp\/v2\/posts\/102116\/revisions\/102120"}],"wp:attachment":[{"href":"https:\/\/www.r2cpress.com.br\/v1\/wp-json\/wp\/v2\/media?parent=102116"}],"wp:term":[{"taxonomy":"category","embeddable":true,"href":"https:\/\/www.r2cpress.com.br\/v1\/wp-json\/wp\/v2\/categories?post=102116"},{"taxonomy":"post_tag","embeddable":true,"href":"https:\/\/www.r2cpress.com.br\/v1\/wp-json\/wp\/v2\/tags?post=102116"}],"curies":[{"name":"wp","href":"https:\/\/api.w.org\/{rel}","templated":true}]}}