{"id":102121,"date":"2016-07-13T20:20:22","date_gmt":"2016-07-13T23:20:22","guid":{"rendered":"http:\/\/www.r2cpress.com.br\/v1\/?p=102121"},"modified":"2016-07-13T21:11:14","modified_gmt":"2016-07-14T00:11:14","slug":"flamengo-vence-o-bahia-e-comemora-o-titulo-da-copa-2-de-julho-sub-15","status":"publish","type":"post","link":"https:\/\/www.r2cpress.com.br\/v1\/2016\/07\/13\/flamengo-vence-o-bahia-e-comemora-o-titulo-da-copa-2-de-julho-sub-15\/","title":{"rendered":"Flamengo vence o Bahia e comemora o t\u00edtulo da Copa 2 de Julho sub 15"},"content":{"rendered":"<p>O Flamengo \u00e9 o grande campe\u00e3o da Copa 2 de Julho de Futebol sub 15. A garotada rubro-negra bateu o Bahia por 2 a 0 na tarde desta quarta-feira (13), no Est\u00e1dio de Pitua\u00e7u, em Salvador, e conquistou a nona edi\u00e7\u00e3o da competi\u00e7\u00e3o.  Os gols da partida foram marcados por Jo\u00e3o Vitor e Yuri, que tamb\u00e9m foi escolhido como melhor jogador do torneio. A equipe carioca ainda teve o jogador revela\u00e7\u00e3o, Daniel de Oliveira, e o melhor treinador, Ramon Lima. <div id=\"attachment_102124\" style=\"width: 610px\" class=\"wp-caption aligncenter\"><a href=\"http:\/\/www.r2cpress.com.br\/v1\/wp-content\/uploads\/2016\/07\/27675547624_e35d8eed91_k-1.jpg\"><img aria-describedby=\"caption-attachment-102124\" loading=\"lazy\" src=\"http:\/\/www.r2cpress.com.br\/v1\/wp-content\/uploads\/2016\/07\/27675547624_e35d8eed91_k-1.jpg\" alt=\"BA X FLA \" width=\"600\" height=\"400\" class=\"size-full wp-image-102124\" srcset=\"https:\/\/www.r2cpress.com.br\/v1\/wp-content\/uploads\/2016\/07\/27675547624_e35d8eed91_k-1.jpg 600w, https:\/\/www.r2cpress.com.br\/v1\/wp-content\/uploads\/2016\/07\/27675547624_e35d8eed91_k-1-300x200.jpg 300w\" sizes=\"(max-width: 600px) 100vw, 600px\" \/><\/a><p id=\"caption-attachment-102124\" class=\"wp-caption-text\">BA X FLA<\/p><\/div> Este foi o primeiro t\u00edtulo da competi\u00e7\u00e3o na hist\u00f3ria do clube carioca. A conquista s\u00f3 aumenta os feitos da atual gera\u00e7\u00e3o flamenguista, que se sagrou campe\u00e3 da Ta\u00e7a Guanabara, no \u00faltimo dia 2 de julho, no Rio de Janeiro, e agora na competi\u00e7\u00e3o baiana. &#8220;Estamos muito felizes com o resultado de hoje, que coroa o ano maravilhoso que estamos tendo. Quero agradecer a todos os organizadores da competi\u00e7\u00e3o pelo \u00f3timo campeonato&#8221;, disse o treinador do Flamengo, Ramon Lima<\/p>\n<p>O Jogo<br \/>\nCom um p\u00fablico de cerca de oito mil pessoas em Pitua\u00e7u, o Bahia come\u00e7ou melhor no primeiro tempo e obrigou o goleiro Jo\u00e3o Fernando, do Flamengo a trabalhar. Logo na sequ\u00eancia, por\u00e9m, o gol flamenguista.  Num contra-ataque r\u00e1pido, puxado pelo melhor em campo, Yuri, deu assist\u00eancia para Jo\u00e3o Victor abrir o placar. Ainda no primeiro tempo, a zaga tricolor vacilou, e Yuri ficou sozinho na entrada da \u00e1rea, pra fechar o placar: 2 a 0. Com o resultado desfavor\u00e1vel, o esquadr\u00e3ozinho n\u00e3o conseguiu reagir, para a frustra\u00e7\u00e3o dos torcedores que estiveram em Pitua\u00e7u<br \/>\nO Flamengo fica com o t\u00edtulo da competi\u00e7\u00e3o com uma campanha de seis vit\u00f3rias, dois empates e apenas uma derrota. Este \u00fanico resultado negativo aconteceu na primeira fase, para o Vit\u00f3ria, por 1 a 0.Com os gols de hoje, o rubro-negro marcou 14 vezes e levou apenas, quatro gols.<\/p>\n<p><strong>Outros premiados<\/strong> <\/p>\n<p><!--more--><\/p>\n<p>O artilheiro da Copa 2 de Julho, com nove gols, foi Gabriel de Carvalho, do Bahia, e o trof\u00e9u de melhor goleiro ficou com Yuri Batista, do Vit\u00f3ria. Com gol de placa, marcado no jogo em que o Flamengo venceu o Juazeiro por 7 a 2, em Pitua\u00e7u, Danilo Santos, da equipe do Juazeiro, foi premiado com o gol mais bonito. &#8220;Emo\u00e7\u00e3o enorme de ter sido premiado. Eu fico muito ligado na posi\u00e7\u00e3o do goleiro e nesse jogo eu percebi que o arqueiro do Flamengo estava adiantado. Este trof\u00e9u vai ficar na estante da sala de casa&#8221;, comemorou Daniel.<\/p>\n<p>Participaram da cerim\u00f4nia de premia\u00e7\u00e3o o secret\u00e1rio estadual do Trabalho, Emprego e Esporte (Setre), \u00c1lvaro Gomes, o chefe de gabinete da Superintend\u00eancia dos Desportos da Bahia (Sudesb), Gustavo Miranda, que na cerim\u00f4nia representou o diretor da Sudesb,  Elias Dourado, dentre outras autoridades. O titular da Setre parabenizou o p\u00fablico presente e destacou a prepara\u00e7\u00e3o da Bahia para os Jogos Ol\u00edmpicos. &#8220;A Copa 2 de Julho est\u00e1 consolidada no futebol nacional. O p\u00fablico desta tarde mostra a import\u00e2ncia desta competi\u00e7\u00e3o. Quero aproveitar para dizer que a Bahia j\u00e1 respira o clima ol\u00edmpico e n\u00f3s estamos preparados para receber os dez jogos na Arena Fonte Nova&#8221;, comemorou o titular da Setre.<\/p>\n<p>Al\u00e9m dos finalistas, Bahia e Flamengo\/RJ, a 9\u00aa edi\u00e7\u00e3o da Copa 2 de Julho contou com a participa\u00e7\u00e3o de 40 equipes, entre elas clubes tradicionais como Vasco da Gama (RJ), Palmeiras (SP), Corinthians (SP), CRB (AL) e Vit\u00f3ria. <\/p>\n<p>O torneio \u00e9 realizado pelo Governo do Estado, por meio da Superintend\u00eancia dos Desportos do Estado da Bahia \u2013 Sudesb, autarquia da Secretaria do Trabalho, Emprego e Esporte (Setre), que  investiu R$380 mil neste ano, e contou com a parceria da Federa\u00e7\u00e3o Baiana de Futebol (FBF), Federa\u00e7\u00e3o Baiana de Desporto de Participa\u00e7\u00e3o (FBDP), Secretaria de Turismo (SETUR) e prefeituras dos munic\u00edpios que tamb\u00e9m sediaram jogos da copa: Feira de Santana, Lauro de Freitas, Cama\u00e7ari, Apor\u00e1, Rio Real, Mata de S\u00e3o Jo\u00e3o, Madre de Deus, S\u00e3o Francisco do Conde, Inhambupe, Saubara.<\/p>\n<p>Premiados:<\/p>\n<p>Melhor jogador<br \/>\nYuri Oliveira \u2013 Flamengo (RJ)<br \/>\nMelhor Goleiro<br \/>\nYuri Batista \u2013 Vit\u00f3ria (BA)<br \/>\nJogador revela\u00e7\u00e3o<br \/>\nDaniel de Oliveira \u2013 Flamengo (RJ)<br \/>\nMelhor treinador<br \/>\nRamon Lima<br \/>\nArtilheiro<br \/>\nGabriel de Carvalho, com nove gols &#8211; Bahia<\/p>\n<p>Ascom Sudesb<br \/>\nMarcus Carneiro \u2013 DRT 3614<\/p>\n","protected":false},"excerpt":{"rendered":"<p>O Flamengo \u00e9 o grande campe\u00e3o da Copa 2 de Julho de Futebol sub 15. A garotada rubro-negra bateu o Bahia por 2 a 0 na tarde desta quarta-feira (13), no Est\u00e1dio de Pitua\u00e7u, em Salvador, e conquistou a nona edi\u00e7\u00e3o da competi\u00e7\u00e3o. Os gols da partida foram marcados por Jo\u00e3o Vitor e Yuri, que [&hellip;]<\/p>\n","protected":false},"author":2,"featured_media":0,"comment_status":"open","ping_status":"open","sticky":false,"template":"","format":"standard","meta":{"_links_to":"","_links_to_target":""},"categories":[11],"tags":[],"_links":{"self":[{"href":"https:\/\/www.r2cpress.com.br\/v1\/wp-json\/wp\/v2\/posts\/102121"}],"collection":[{"href":"https:\/\/www.r2cpress.com.br\/v1\/wp-json\/wp\/v2\/posts"}],"about":[{"href":"https:\/\/www.r2cpress.com.br\/v1\/wp-json\/wp\/v2\/types\/post"}],"author":[{"embeddable":true,"href":"https:\/\/www.r2cpress.com.br\/v1\/wp-json\/wp\/v2\/users\/2"}],"replies":[{"embeddable":true,"href":"https:\/\/www.r2cpress.com.br\/v1\/wp-json\/wp\/v2\/comments?post=102121"}],"version-history":[{"count":4,"href":"https:\/\/www.r2cpress.com.br\/v1\/wp-json\/wp\/v2\/posts\/102121\/revisions"}],"predecessor-version":[{"id":102126,"href":"https:\/\/www.r2cpress.com.br\/v1\/wp-json\/wp\/v2\/posts\/102121\/revisions\/102126"}],"wp:attachment":[{"href":"https:\/\/www.r2cpress.com.br\/v1\/wp-json\/wp\/v2\/media?parent=102121"}],"wp:term":[{"taxonomy":"category","embeddable":true,"href":"https:\/\/www.r2cpress.com.br\/v1\/wp-json\/wp\/v2\/categories?post=102121"},{"taxonomy":"post_tag","embeddable":true,"href":"https:\/\/www.r2cpress.com.br\/v1\/wp-json\/wp\/v2\/tags?post=102121"}],"curies":[{"name":"wp","href":"https:\/\/api.w.org\/{rel}","templated":true}]}}