{"id":102302,"date":"2016-07-23T18:38:17","date_gmt":"2016-07-23T21:38:17","guid":{"rendered":"http:\/\/www.r2cpress.com.br\/v1\/?p=102302"},"modified":"2016-07-23T18:38:17","modified_gmt":"2016-07-23T21:38:17","slug":"creche-nao-cemiterio-de-maquinas","status":"publish","type":"post","link":"https:\/\/www.r2cpress.com.br\/v1\/2016\/07\/23\/creche-nao-cemiterio-de-maquinas\/","title":{"rendered":"CRECHE N\u00c3O, CEMIT\u00c9RIO DE M\u00c1QUINAS"},"content":{"rendered":"<h3><strong><img loading=\"lazy\" class=\"alignleft\" src=\"http:\/\/www.r2cpress.com.br\/v1\/wp-content\/uploads\/NILSON-PESSOA_MODIFICADA.jpg\" alt=\"\" width=\"300\" height=\"209\" \/>O tapume apodreceu, foi ao ch\u00e3o e nos revelou o que podemos chamar de p\u00e9ssimo exemplo de gest\u00e3o da coisa p\u00fablica.<\/strong><\/h3>\n<div style=\"text-align: justify;\"><strong><span style=\"font-size: large;\">Sim, \u00e9 o abandono da obra que seria uma creche escola, no Santo Ant\u00f4nio de P\u00e1dua, parceria entre os governos Federal e Municipal.<\/span><\/strong><\/div>\n<div style=\"text-align: justify;\"><strong><span style=\"font-size: large;\">Nessa mesma obra inacabada, \u00e9 de estarrecer, tamb\u00e9m, \u00a0a\u00a0exist\u00eancia de duas m\u00e1quinas car\u00edssimas paradas, tomadas pelo matagal e se deteriorando, como se fossem brindes que acompanham o pacote do descaso.<\/span><\/strong><\/div>\n<div style=\"text-align: justify;\"><span style=\"font-size: large;\"><strong>Enquanto isso, pobres das crian\u00e7as e m\u00e3es que deixaram de ser atendidas e contempladas.<\/strong>\u00a0<\/span><\/div>\n<div style=\"text-align: justify;\">\n<div id=\"attachment_102303\" style=\"width: 610px\" class=\"wp-caption aligncenter\"><a href=\"http:\/\/www.r2cpress.com.br\/v1\/wp-content\/uploads\/2016\/07\/Mal-desde-o-in\u00edcio-erraram-o-nome-do-bairro-foto-jan-2013..jpg\"><img aria-describedby=\"caption-attachment-102303\" loading=\"lazy\" class=\"size-full wp-image-102303\" src=\"http:\/\/www.r2cpress.com.br\/v1\/wp-content\/uploads\/2016\/07\/Mal-desde-o-in\u00edcio-erraram-o-nome-do-bairro-foto-jan-2013..jpg\" alt=\"Mal desde o in\u00edcio, erraram o nome do bairro (foto jan-2013).\" width=\"600\" height=\"450\" srcset=\"https:\/\/www.r2cpress.com.br\/v1\/wp-content\/uploads\/2016\/07\/Mal-desde-o-in\u00edcio-erraram-o-nome-do-bairro-foto-jan-2013..jpg 600w, https:\/\/www.r2cpress.com.br\/v1\/wp-content\/uploads\/2016\/07\/Mal-desde-o-in\u00edcio-erraram-o-nome-do-bairro-foto-jan-2013.-300x225.jpg 300w\" sizes=\"(max-width: 600px) 100vw, 600px\" \/><\/a><p id=\"caption-attachment-102303\" class=\"wp-caption-text\">Mal desde o in\u00edcio, erraram o nome do bairro (foto jan-2013).<\/p><\/div>\n<div id=\"attachment_102304\" style=\"width: 650px\" class=\"wp-caption aligncenter\"><a href=\"http:\/\/www.r2cpress.com.br\/v1\/wp-content\/uploads\/2016\/07\/Fachada-sem-duplo-sentido-por-favor-foto-23-07-16..jpg\"><img aria-describedby=\"caption-attachment-102304\" loading=\"lazy\" class=\"size-full wp-image-102304\" src=\"http:\/\/www.r2cpress.com.br\/v1\/wp-content\/uploads\/2016\/07\/Fachada-sem-duplo-sentido-por-favor-foto-23-07-16..jpg\" alt=\"Fachada (sem duplo sentido, por favor) foto 23-07-16.\" width=\"640\" height=\"480\" srcset=\"https:\/\/www.r2cpress.com.br\/v1\/wp-content\/uploads\/2016\/07\/Fachada-sem-duplo-sentido-por-favor-foto-23-07-16..jpg 640w, https:\/\/www.r2cpress.com.br\/v1\/wp-content\/uploads\/2016\/07\/Fachada-sem-duplo-sentido-por-favor-foto-23-07-16.-300x225.jpg 300w\" sizes=\"(max-width: 640px) 100vw, 640px\" \/><\/a><p id=\"caption-attachment-102304\" class=\"wp-caption-text\">Fachada (sem duplo sentido, por favor) foto 23-07-16.<\/p><\/div>\n<div id=\"attachment_102305\" style=\"width: 650px\" class=\"wp-caption aligncenter\"><a href=\"http:\/\/www.r2cpress.com.br\/v1\/wp-content\/uploads\/2016\/07\/O-outro-lado-da-fachada-foto-23-07-16..jpg\"><img aria-describedby=\"caption-attachment-102305\" loading=\"lazy\" class=\"size-full wp-image-102305\" src=\"http:\/\/www.r2cpress.com.br\/v1\/wp-content\/uploads\/2016\/07\/O-outro-lado-da-fachada-foto-23-07-16..jpg\" alt=\"O outro lado da fachada (foto 23-07-16).\" width=\"640\" height=\"480\" srcset=\"https:\/\/www.r2cpress.com.br\/v1\/wp-content\/uploads\/2016\/07\/O-outro-lado-da-fachada-foto-23-07-16..jpg 640w, https:\/\/www.r2cpress.com.br\/v1\/wp-content\/uploads\/2016\/07\/O-outro-lado-da-fachada-foto-23-07-16.-300x225.jpg 300w\" sizes=\"(max-width: 640px) 100vw, 640px\" \/><\/a><p id=\"caption-attachment-102305\" class=\"wp-caption-text\">O outro lado da fachada (foto 23-07-16).<\/p><\/div>\n<div id=\"attachment_102306\" style=\"width: 650px\" class=\"wp-caption aligncenter\"><a href=\"http:\/\/www.r2cpress.com.br\/v1\/wp-content\/uploads\/2016\/07\/Abandono-da-creche-inacabada-foto-23-07-16.jpg\"><img aria-describedby=\"caption-attachment-102306\" loading=\"lazy\" class=\"size-full wp-image-102306\" src=\"http:\/\/www.r2cpress.com.br\/v1\/wp-content\/uploads\/2016\/07\/Abandono-da-creche-inacabada-foto-23-07-16.jpg\" alt=\"Abandono da creche inacabada (foto 23-07-16)\" width=\"640\" height=\"480\" srcset=\"https:\/\/www.r2cpress.com.br\/v1\/wp-content\/uploads\/2016\/07\/Abandono-da-creche-inacabada-foto-23-07-16.jpg 640w, https:\/\/www.r2cpress.com.br\/v1\/wp-content\/uploads\/2016\/07\/Abandono-da-creche-inacabada-foto-23-07-16-300x225.jpg 300w\" sizes=\"(max-width: 640px) 100vw, 640px\" \/><\/a><p id=\"caption-attachment-102306\" class=\"wp-caption-text\">Abandono da creche inacabada (foto 23-07-16)<\/p><\/div>\n<div id=\"attachment_102307\" style=\"width: 650px\" class=\"wp-caption aligncenter\"><a href=\"http:\/\/www.r2cpress.com.br\/v1\/wp-content\/uploads\/2016\/07\/Retroescavadeira-apodrecendo-foto-23-07-16.jpg\"><img aria-describedby=\"caption-attachment-102307\" loading=\"lazy\" class=\"size-full wp-image-102307\" src=\"http:\/\/www.r2cpress.com.br\/v1\/wp-content\/uploads\/2016\/07\/Retroescavadeira-apodrecendo-foto-23-07-16.jpg\" alt=\"Retroescavadeira apodrecendo (foto 23-07-16)\" width=\"640\" height=\"480\" srcset=\"https:\/\/www.r2cpress.com.br\/v1\/wp-content\/uploads\/2016\/07\/Retroescavadeira-apodrecendo-foto-23-07-16.jpg 640w, https:\/\/www.r2cpress.com.br\/v1\/wp-content\/uploads\/2016\/07\/Retroescavadeira-apodrecendo-foto-23-07-16-300x225.jpg 300w\" sizes=\"(max-width: 640px) 100vw, 640px\" \/><\/a><p id=\"caption-attachment-102307\" class=\"wp-caption-text\">Retroescavadeira apodrecendo (foto 23-07-16)<\/p><\/div>\n<div id=\"attachment_102308\" style=\"width: 650px\" class=\"wp-caption aligncenter\"><a href=\"http:\/\/www.r2cpress.com.br\/v1\/wp-content\/uploads\/2016\/07\/Trator-de-esteira-j\u00e1-apodreceu-foto-23-07-16.jpg\"><img aria-describedby=\"caption-attachment-102308\" loading=\"lazy\" class=\"size-full wp-image-102308\" src=\"http:\/\/www.r2cpress.com.br\/v1\/wp-content\/uploads\/2016\/07\/Trator-de-esteira-j\u00e1-apodreceu-foto-23-07-16.jpg\" alt=\"Trator de esteira j\u00e1 apodreceu (foto 23-07-16)\" width=\"640\" height=\"480\" srcset=\"https:\/\/www.r2cpress.com.br\/v1\/wp-content\/uploads\/2016\/07\/Trator-de-esteira-j\u00e1-apodreceu-foto-23-07-16.jpg 640w, https:\/\/www.r2cpress.com.br\/v1\/wp-content\/uploads\/2016\/07\/Trator-de-esteira-j\u00e1-apodreceu-foto-23-07-16-300x225.jpg 300w\" sizes=\"(max-width: 640px) 100vw, 640px\" \/><\/a><p id=\"caption-attachment-102308\" class=\"wp-caption-text\">Trator de esteira j\u00e1 apodreceu (foto 23-07-16)<\/p><\/div>\n<\/div>\n<div style=\"text-align: justify;\"><\/div>\n<div style=\"text-align: justify;\"><em><strong>Nilson Pessoa<\/strong><\/em><\/div>\n<h3 style=\"text-align: justify;\"><\/h3>\n","protected":false},"excerpt":{"rendered":"<p>O tapume apodreceu, foi ao ch\u00e3o e nos revelou o que podemos chamar de p\u00e9ssimo exemplo de gest\u00e3o da coisa p\u00fablica. Sim, \u00e9 o abandono da obra que seria uma creche escola, no Santo Ant\u00f4nio de P\u00e1dua, parceria entre os governos Federal e Municipal. Nessa mesma obra inacabada, \u00e9 de estarrecer, tamb\u00e9m, \u00a0a\u00a0exist\u00eancia de duas [&hellip;]<\/p>\n","protected":false},"author":2,"featured_media":0,"comment_status":"open","ping_status":"open","sticky":false,"template":"","format":"standard","meta":{"_links_to":"","_links_to_target":""},"categories":[10],"tags":[],"_links":{"self":[{"href":"https:\/\/www.r2cpress.com.br\/v1\/wp-json\/wp\/v2\/posts\/102302"}],"collection":[{"href":"https:\/\/www.r2cpress.com.br\/v1\/wp-json\/wp\/v2\/posts"}],"about":[{"href":"https:\/\/www.r2cpress.com.br\/v1\/wp-json\/wp\/v2\/types\/post"}],"author":[{"embeddable":true,"href":"https:\/\/www.r2cpress.com.br\/v1\/wp-json\/wp\/v2\/users\/2"}],"replies":[{"embeddable":true,"href":"https:\/\/www.r2cpress.com.br\/v1\/wp-json\/wp\/v2\/comments?post=102302"}],"version-history":[{"count":1,"href":"https:\/\/www.r2cpress.com.br\/v1\/wp-json\/wp\/v2\/posts\/102302\/revisions"}],"predecessor-version":[{"id":102309,"href":"https:\/\/www.r2cpress.com.br\/v1\/wp-json\/wp\/v2\/posts\/102302\/revisions\/102309"}],"wp:attachment":[{"href":"https:\/\/www.r2cpress.com.br\/v1\/wp-json\/wp\/v2\/media?parent=102302"}],"wp:term":[{"taxonomy":"category","embeddable":true,"href":"https:\/\/www.r2cpress.com.br\/v1\/wp-json\/wp\/v2\/categories?post=102302"},{"taxonomy":"post_tag","embeddable":true,"href":"https:\/\/www.r2cpress.com.br\/v1\/wp-json\/wp\/v2\/tags?post=102302"}],"curies":[{"name":"wp","href":"https:\/\/api.w.org\/{rel}","templated":true}]}}