{"id":102314,"date":"2016-07-24T06:48:52","date_gmt":"2016-07-24T09:48:52","guid":{"rendered":"http:\/\/www.r2cpress.com.br\/v1\/?p=102314"},"modified":"2016-07-24T06:48:52","modified_gmt":"2016-07-24T09:48:52","slug":"no-gotas-de-paz-689","status":"publish","type":"post","link":"https:\/\/www.r2cpress.com.br\/v1\/2016\/07\/24\/no-gotas-de-paz-689\/","title":{"rendered":"No GOTAS DE PAZ"},"content":{"rendered":"<h1 class=\"entry-title post-title\" style=\"text-align: center;\"><span style=\"color: #0000ff;\"><strong>A VIDA EM PRETO E BRANCO<\/strong><\/span><\/h1>\n<p>Quando estamos passando por graves momentos, onde n\u00e3o vemos sa\u00edda para as dificuldades, uma grande tristeza e sensa\u00e7\u00e3o de impot\u00eancia toma conta de n\u00f3s. Tudo parece dif\u00edcil e sem solu\u00e7\u00e3o.<\/p>\n<p>Nesses momentos nos esquecemos at\u00e9 mesmo de orar, de pensar em nosso Pai Criador para pedir for\u00e7a e coragem para superar as dificuldades que nos assolam.<\/p>\n<p>N\u00e3o vemos gra\u00e7a em nada, nos isolamos e a vida perde o colorido. Passamos a ver o mundo em preto e branco.<\/p>\n<p>Por mais dif\u00edcil que possa parecer, todo problema tem uma solu\u00e7\u00e3o guardada para ele.\u00a0 Est\u00e1 l\u00e1 em algum lugar esperando que com calma, serenidade e confian\u00e7a a encontremos.<\/p>\n<p>Nessas horas elevemos o pensamento a Jesus e pe\u00e7amos a Ele \u00e2nimo, for\u00e7a e coragem para enfrentarmos as dificuldades, porque temos condi\u00e7\u00f5es para isso.<\/p>\n<p>Deus deixou um grande potencial dentro de cada um de n\u00f3s. Cabe a n\u00f3s utiliz\u00e1-lo.<\/p>\n<p>Creia que tudo passar\u00e1 e que Jesus est\u00e1 com voc\u00ea. Olhe ao redor e veja o mundo lindo e maravilhoso que o rodeia.\u00a0 Olhe o c\u00e9u, o sol brilhando, olhe as flores, os p\u00e1ssaros, o mar, os rios, toda a natureza maravilhosa \u00e0 sua volta, com suas cores belas e de todos os matizes. Ao ver tudo isso n\u00e3o h\u00e1 tristeza que resista. Volte a ver a vida colorida, s\u00f3 depende de voc\u00ea, porque Jesus est\u00e1 e estar\u00e1 sempre com voc\u00ea. Basta ter olhos para ver e ouvidos para ouvir!<\/p>\n<p><span style=\"color: #0000ff;\"><em><strong>http:\/\/www.gotasdepaz.com.br\/a-vida-em-preto-e-branco\/<\/strong><\/em><\/span><\/p>\n","protected":false},"excerpt":{"rendered":"<p>A VIDA EM PRETO E BRANCO Quando estamos passando por graves momentos, onde n\u00e3o vemos sa\u00edda para as dificuldades, uma grande tristeza e sensa\u00e7\u00e3o de impot\u00eancia toma conta de n\u00f3s. Tudo parece dif\u00edcil e sem solu\u00e7\u00e3o. Nesses momentos nos esquecemos at\u00e9 mesmo de orar, de pensar em nosso Pai Criador para pedir for\u00e7a e coragem [&hellip;]<\/p>\n","protected":false},"author":2,"featured_media":0,"comment_status":"open","ping_status":"open","sticky":false,"template":"","format":"standard","meta":{"_links_to":"","_links_to_target":""},"categories":[17],"tags":[],"_links":{"self":[{"href":"https:\/\/www.r2cpress.com.br\/v1\/wp-json\/wp\/v2\/posts\/102314"}],"collection":[{"href":"https:\/\/www.r2cpress.com.br\/v1\/wp-json\/wp\/v2\/posts"}],"about":[{"href":"https:\/\/www.r2cpress.com.br\/v1\/wp-json\/wp\/v2\/types\/post"}],"author":[{"embeddable":true,"href":"https:\/\/www.r2cpress.com.br\/v1\/wp-json\/wp\/v2\/users\/2"}],"replies":[{"embeddable":true,"href":"https:\/\/www.r2cpress.com.br\/v1\/wp-json\/wp\/v2\/comments?post=102314"}],"version-history":[{"count":2,"href":"https:\/\/www.r2cpress.com.br\/v1\/wp-json\/wp\/v2\/posts\/102314\/revisions"}],"predecessor-version":[{"id":102316,"href":"https:\/\/www.r2cpress.com.br\/v1\/wp-json\/wp\/v2\/posts\/102314\/revisions\/102316"}],"wp:attachment":[{"href":"https:\/\/www.r2cpress.com.br\/v1\/wp-json\/wp\/v2\/media?parent=102314"}],"wp:term":[{"taxonomy":"category","embeddable":true,"href":"https:\/\/www.r2cpress.com.br\/v1\/wp-json\/wp\/v2\/categories?post=102314"},{"taxonomy":"post_tag","embeddable":true,"href":"https:\/\/www.r2cpress.com.br\/v1\/wp-json\/wp\/v2\/tags?post=102314"}],"curies":[{"name":"wp","href":"https:\/\/api.w.org\/{rel}","templated":true}]}}