{"id":102328,"date":"2016-07-25T14:06:13","date_gmt":"2016-07-25T17:06:13","guid":{"rendered":"http:\/\/www.r2cpress.com.br\/v1\/?p=102328"},"modified":"2016-07-25T14:06:13","modified_gmt":"2016-07-25T17:06:13","slug":"rio-de-enegenho-em-festa","status":"publish","type":"post","link":"https:\/\/www.r2cpress.com.br\/v1\/2016\/07\/25\/rio-de-enegenho-em-festa\/","title":{"rendered":"RIO DE ENEGENHO EM FESTA."},"content":{"rendered":"<div class=\"gm-email-content\">\n<div id=\"messagebody\">\n<div class=\"message-htmlpart\">\n<div class=\"rcmBody\">\n<div dir=\"ltr\">\n<h2 style=\"text-align: center;\"><span style=\"color: #000000;\"><strong>COMUNICADO A TODA SOCIEDADE DE ILHEUS E REGI\u00c3O.<\/strong><\/span><\/h2>\n<div><span style=\"color: #000000;\">\u00a0<\/span><\/div>\n<div>A COMUNIDADE DE RIO DO ENGENHO ESTA EM FESTA,COMEMORANDO OS FESTEJOS DA PADROEIRA <b>N.S.SANTANA<\/b>,A FESTA COMESSOU NO DIA 22 DE JULHO DE 2016 COM ABERTURA DE NOVENARIOS E MISSA SOLENE COM O TERMINO NO DIA 30 E 31 DE JULHO NO SABADO E DOMINGO.(NO SABADO TEREMOS FESTA DE LARGO COM DIVERSAS BANDAS REGIONAIS COMESSA AS 19;00 HS COM MISSA E TERMINA AS CINCO HORAS DA MANH\u00c3)E NO DOMINGO DIA 31 PROSSI\u00c7\u00c3O AS 9;00,MISSA AS 10;00 HS E BATIZADOS,E NO DOMINGO 31 CONTINUA FESTA DE LARGO COM DIVERSOS GRUPOS DE BANDAS REGIONAIS) INICIO AS 13;00 HS COM O TERMINO AS 22;00 HS DA NOITE.<\/div>\n<div><b><span style=\"font-size: large;\">SALIENTO AINDA QUE OS BARRAQUEIROS AMBULANTES TEM QUE PROCURAR ADMINISTRA\u00c7\u00c3O DO LOCAL SENHOR NENGA PARA VIABILIZA\u00c7\u00c3O DE BARRACAS NO CIRCUITO DA FESTA.<\/span><\/b><\/div>\n<div><\/div>\n<div style=\"text-align: center;\"><b><span style=\"font-size: large;\">ADMINISTRADOR DO RIO DE ENGENHO\u00a0<\/span><\/b><\/div>\n<div><b><span style=\"font-size: large;\">\u00a0<\/span><\/b><\/div>\n<div style=\"text-align: center;\"><b><span style=\"font-size: large;\">SENHOR: AMILTON\u00a0<\/span><\/b><\/div>\n<div style=\"text-align: center;\"><b><span style=\"font-size: large;\">\u00a0<\/span><\/b><\/div>\n<div style=\"text-align: center;\"><b><span style=\"font-size: large;\">POPULAR: NENGA.<\/span><\/b><\/div>\n<\/div>\n<\/div>\n<\/div>\n<\/div>\n<div class=\"gm-email-attachments-list\"><\/div>\n<\/div>\n<p>&nbsp;<\/p>\n","protected":false},"excerpt":{"rendered":"<p>COMUNICADO A TODA SOCIEDADE DE ILHEUS E REGI\u00c3O. \u00a0 A COMUNIDADE DE RIO DO ENGENHO ESTA EM FESTA,COMEMORANDO OS FESTEJOS DA PADROEIRA N.S.SANTANA,A FESTA COMESSOU NO DIA 22 DE JULHO DE 2016 COM ABERTURA DE NOVENARIOS E MISSA SOLENE COM O TERMINO NO DIA 30 E 31 DE JULHO NO SABADO E DOMINGO.(NO SABADO TEREMOS [&hellip;]<\/p>\n","protected":false},"author":2,"featured_media":0,"comment_status":"open","ping_status":"open","sticky":false,"template":"","format":"standard","meta":{"_links_to":"","_links_to_target":""},"categories":[10],"tags":[],"_links":{"self":[{"href":"https:\/\/www.r2cpress.com.br\/v1\/wp-json\/wp\/v2\/posts\/102328"}],"collection":[{"href":"https:\/\/www.r2cpress.com.br\/v1\/wp-json\/wp\/v2\/posts"}],"about":[{"href":"https:\/\/www.r2cpress.com.br\/v1\/wp-json\/wp\/v2\/types\/post"}],"author":[{"embeddable":true,"href":"https:\/\/www.r2cpress.com.br\/v1\/wp-json\/wp\/v2\/users\/2"}],"replies":[{"embeddable":true,"href":"https:\/\/www.r2cpress.com.br\/v1\/wp-json\/wp\/v2\/comments?post=102328"}],"version-history":[{"count":2,"href":"https:\/\/www.r2cpress.com.br\/v1\/wp-json\/wp\/v2\/posts\/102328\/revisions"}],"predecessor-version":[{"id":102330,"href":"https:\/\/www.r2cpress.com.br\/v1\/wp-json\/wp\/v2\/posts\/102328\/revisions\/102330"}],"wp:attachment":[{"href":"https:\/\/www.r2cpress.com.br\/v1\/wp-json\/wp\/v2\/media?parent=102328"}],"wp:term":[{"taxonomy":"category","embeddable":true,"href":"https:\/\/www.r2cpress.com.br\/v1\/wp-json\/wp\/v2\/categories?post=102328"},{"taxonomy":"post_tag","embeddable":true,"href":"https:\/\/www.r2cpress.com.br\/v1\/wp-json\/wp\/v2\/tags?post=102328"}],"curies":[{"name":"wp","href":"https:\/\/api.w.org\/{rel}","templated":true}]}}