{"id":102403,"date":"2016-07-27T22:23:17","date_gmt":"2016-07-28T01:23:17","guid":{"rendered":"http:\/\/www.r2cpress.com.br\/v1\/?p=102403"},"modified":"2016-07-27T22:23:17","modified_gmt":"2016-07-28T01:23:17","slug":"programa-cidades-sustentaveis-sera-apresentado-aos-municipios-do-territorio-litoral-sul","status":"publish","type":"post","link":"https:\/\/www.r2cpress.com.br\/v1\/2016\/07\/27\/programa-cidades-sustentaveis-sera-apresentado-aos-municipios-do-territorio-litoral-sul\/","title":{"rendered":"Programa Cidades Sustent\u00e1veis ser\u00e1 apresentado aos munic\u00edpios do Territ\u00f3rio Litoral Sul"},"content":{"rendered":"<div id=\"yui_3_16_0_ym19_1_1469658009539_15211\" dir=\"ltr\">\n<div id=\"yui_3_16_0_ym19_1_1469658009539_15210\" class=\"yiv3945077233gmail_quote\">\n<div id=\"yui_3_16_0_ym19_1_1469658009539_15209\" dir=\"ltr\">\n<div id=\"yui_3_16_0_ym19_1_1469658009539_15208\" class=\"yiv3945077233gmail_quote\">\n<div id=\"yui_3_16_0_ym19_1_1469658009539_15207\" dir=\"ltr\">\n<div id=\"yui_3_16_0_ym19_1_1469658009539_15206\" class=\"yiv3945077233gmail_quote\">\n<div id=\"yui_3_16_0_ym19_1_1469658009539_15205\" dir=\"ltr\">\n<p id=\"yui_3_16_0_ym19_1_1469658009539_15256\" class=\"yiv3945077233MsoNormal\" style=\"text-align: justify;\" align=\"center\">A poucos meses das elei\u00e7\u00f5es municipais, o Instituto Nossa Ilh\u00e9us (INI) inicia a apresenta\u00e7\u00e3o do Programa Cidades Sustent\u00e1veis (PCS) nos 26 munic\u00edpios do Territ\u00f3rio Litoral Sul. Entre os dias 27 e 29 deste m\u00eas ser\u00e1 a vez de pr\u00e9-candidatos ao legislativo e ao executivo de Camac\u00e3, Pau Brasil, S\u00e3o Jos\u00e9 da Vit\u00f3ria, Mascote, Canavieiras, Santa Luzia, Ubaitaba, Aurelino Leal, Jussari, Buerarema, Una, Itaju do Col\u00f4nia, Uru\u00e7uca, Itacar\u00e9, Mara\u00fa e Ilh\u00e9us serem apresentados \u00e0 agenda para a sustentabilidade, que incorpora de maneira integrada as dimens\u00f5es social, ambiental, econ\u00f4mica, pol\u00edtica e cultural, abordando as diferentes \u00e1reas da gest\u00e3o p\u00fablica em 12 eixos tem\u00e1ticos. Os encontros visam promover o entendimento sobre como funciona o Programa, para que os futuros gestores e legisladores o adaptem \u00e0 realidade de seu munic\u00edpio e pautem suas gest\u00f5es na melhoria dos indicadores. Os encontros tamb\u00e9m s\u00e3o abertos \u00e0 participa\u00e7\u00e3o da sociedade civil.<\/p>\n<p id=\"yui_3_16_0_ym19_1_1469658009539_15283\" class=\"yiv3945077233MsoNormal\"><span id=\"yui_3_16_0_ym19_1_1469658009539_15282\">O lan\u00e7amento nessas cidades contar\u00e1 com a presen\u00e7a e explana\u00e7\u00e3o do assessor do PCS e membro da Dire\u00e7\u00e3o Institucional da Escola de Governo de S\u00e3o Paulo, Am\u00e9rico Sampaio. Na ocasi\u00e3o, ele tamb\u00e9m abordar\u00e1 temas como transpar\u00eancia, controle social e o papel da sociedade civil no monitoramento da gest\u00e3o p\u00fablica.<\/span><\/p>\n<p id=\"yui_3_16_0_ym19_1_1469658009539_15285\" class=\"yiv3945077233MsoNormal\">Outro objetivo do PCS \u00e9 difundir a ideia de que uma\u00a0gest\u00e3o\u00a0moderna\u00a0e democr\u00e1tica deve combinar as diretrizes pol\u00edtico-partid\u00e1rias do governante com mecanismos de atua\u00e7\u00e3o direta da sociedade nas decis\u00f5es administrativas, respeitando a diversidade e construindo instrumentos que fomentem a igualdade em diferentes n\u00edveis.<\/p>\n<p id=\"yui_3_16_0_ym19_1_1469658009539_15226\" class=\"yiv3945077233MsoNormal\"><span id=\"yui_3_16_0_ym19_1_1469658009539_15225\">Nos encontros, a Associa\u00e7\u00e3o dos Munic\u00edpios do Sul, Extremo Sul e Sudoeste da Bahia (AMURC)\u00a0<\/span><span id=\"yui_3_16_0_ym19_1_1469658009539_15228\">apresentar\u00e1 o trabalho do Comit\u00ea de Produtores de \u00c1gua, mostrando a necessidade de articular parceiros para a solu\u00e7\u00e3o da crise h\u00eddrica no sul da Bahia. A apresenta\u00e7\u00e3o do PCS conta ainda com o apoio do\u00a0\u00a0Instituto Arapya\u00fa e\u00a0a parceira do\u00a0<\/span>Cons\u00f3rcio Intermunicipal da Mata Atl\u00e2ntica e do Tab\u00f4a &#8211; Fortalecimento Comunit\u00e1rio.<\/p>\n<p class=\"yiv3945077233MsoNormal\"><b>Territ\u00f3rio Litoral Sul MAIS Sustent\u00e1vel<\/b><\/p>\n<p><!--more--><\/p>\n<p class=\"yiv3945077233MsoNormal\">\n<p id=\"yui_3_16_0_ym19_1_1469658009539_15231\" class=\"yiv3945077233MsoNormal\"><span id=\"yui_3_16_0_ym19_1_1469658009539_15230\">Depois que todos os munic\u00edpios forem apresentados ao Programa Cidades Sustent\u00e1veis, ser\u00e1 realizado, no dia 05 de setembro, na Universidade Estadual de Santa Cruz (UESC), o grande evento \u201cTerrit\u00f3rio Litoral Sul MAIS Sustent\u00e1vel\u201d, que ir\u00e1 reunir todos os pr\u00e9-candidatos ao legislativo e ao executivo do Territ\u00f3rio Litoral Sul para assinar a carta-compromisso para o mandato 2017-2020. A carta \u00e9 um\u00a0documento de ades\u00e3o ao Programa, pelo qual o pr\u00e9-candidato se compromete, caso seja eleito, a adotar as diretrizes dos 12 eixos do Programa \u2013 que est\u00e3o alinhados aos Objetivos de Desenvolvimento Sustent\u00e1vel (ODS) da Organiza\u00e7\u00e3o das Na\u00e7\u00f5es Unidas \u2013 como norteadores de sua atua\u00e7\u00e3o parlamentar.\u00a0<\/span><\/p>\n<p id=\"yui_3_16_0_ym19_1_1469658009539_15288\" class=\"yiv3945077233MsoNormal\"><b>Instituto Nossa Ilh\u00e9us<\/b><span id=\"yui_3_16_0_ym19_1_1469658009539_15287\">\u00a0\u2013 Fundado em 09 de mar\u00e7o de 2012, o INI \u00e9 uma iniciativa da sociedade civil organizada, apartid\u00e1ria com o t\u00edtulo de OSCIP \u2013 Organiza\u00e7\u00e3o da Sociedade Civil de Interesse P\u00fablico.\u00a0 Busca a aproxima\u00e7\u00e3o da sociedade civil e do poder p\u00fablico em suas a\u00e7\u00f5es, tendo como eixos de atua\u00e7\u00e3o a Educa\u00e7\u00e3o para Cidadania, o Monitoramento Social e o Impacto em Pol\u00edticas P\u00fablicas. Atua no sentido de promover o impacto social que educa e, para isso, promove o monitoramento social, mobilizando e intervindo na realidade pol\u00edtica e social do munic\u00edpio. O Instituto, estando aberto a todos que desejem engajar-se em suas atividades. Localiza-se na Rua Eust\u00e1quio Bastos, n\u00ba 126, 8\u00ba andar do Edif\u00edcio Kauffman, no Centro, em Ilh\u00e9us. Acompanhe tamb\u00e9m a fanpage\u00a0<\/span><a href=\"http:\/\/facebook.com\/InstitutoNossaIlheus\" target=\"_blank\" rel=\"nofollow\">facebook.com\/InstitutoNossaIlheus<\/a>\u00a0<span id=\"yui_3_16_0_ym19_1_1469658009539_15291\">e o site\u00a0<a id=\"yui_3_16_0_ym19_1_1469658009539_15290\" href=\"http:\/\/www.nossailheus.org.br\/\" target=\"_blank\" rel=\"nofollow\">www.nossailheus.org.br<\/a>\u00a0<\/span><\/p>\n<p id=\"yui_3_16_0_ym19_1_1469658009539_15234\" class=\"yiv3945077233MsoNormal\"><b>Programa Cidades Sustent\u00e1veis<\/b>\u00a0&#8211; \u00c9 uma iniciativa de tr\u00eas organiza\u00e7\u00f5es da sociedade civil \u2013Rede<span id=\"yui_3_16_0_ym19_1_1469658009539_15233\">\u00a0Nossa\u00a0S\u00e3o\u00a0Paulo,\u00a0Rede Social Brasileira por Cidades Justas, Democr\u00e1ticas e Sustent\u00e1veis e o Instituto Ethos \u2013, que oferece uma agenda completa de sustentabilidade urbana, um conjunto de indicadores associados a esta agenda e um banco de pr\u00e1ticas com casos exemplares nacionais e internacionais como refer\u00eancias a serem perseguidas pelos munic\u00edpios. Acesse e conhe\u00e7a o Guia da Gest\u00e3o P\u00fablica Sustent\u00e1vel\u00a0<a href=\"http:\/\/www.cidadessustentaveis.org.br\/gps\" target=\"_blank\" rel=\"nofollow\">www.cidadessustentaveis.org.br\/gps<\/a>.\u00a0O Instituto\u00a0Nossa\u00a0Ilh\u00e9us comp\u00f5e a Secretaria Colegiada da\u00a0Rede\u00a0Brasileira por Cidades Justas, Democr\u00e1ticas e Sustent\u00e1veis.<\/span><\/p>\n<p class=\"yiv3945077233MsoNormal\"><b>PROGRAMA\u00c7\u00c3O DE 27 A 29 DE JULHO<\/b><\/p>\n<p id=\"yui_3_16_0_ym19_1_1469658009539_15301\" class=\"yiv3945077233MsoNormal\"><b>Quarta-feira, 27 de julho | 13h | C\u00e2mara Municipal de Santa Luzia<\/b><span id=\"yui_3_16_0_ym19_1_1469658009539_15340\">, com presen\u00e7a de pr\u00e9-candidatos dos munic\u00edpios de\u00a0<\/span><span id=\"yui_3_16_0_ym19_1_1469658009539_15300\">Canavieiras, Una,\u00a0Santa Luzia,\u00a0Camac\u00e3, Pau Brasil, Arataca,\u00a0Jussari, S\u00e3o Jos\u00e9 da Vit\u00f3ria,\u00a0Itaju\u00a0do Col\u00f4nia e Buerarema<\/span><\/p>\n<p class=\"yiv3945077233MsoNormal\"><b>Quinta-feira, 28 de julho | 15h | Academia de Letras de Ilh\u00e9us<\/b>,\u00a0com presen\u00e7a de pr\u00e9-candidatos\u00a0de Ilh\u00e9us<\/p>\n<p class=\"yiv3945077233MsoNormal\"><b>Quinta-feira, 28 de julho | 19h | C\u00e2mara de vereadores de Ubaitaba<\/b>,\u00a0com presen\u00e7a de pr\u00e9-candidatos\u00a0de Ubaitaba e Aurelino Leal<\/p>\n<p class=\"yiv3945077233MsoNormal\"><b>Sexta-feira, 29 de julho | 9h |\u00a0<\/b><b>Centro Catequ\u00e9tico Frei Eduardo (Uru\u00e7uca)<\/b>,\u00a0com presen\u00e7a de pr\u00e9-candidatos\u00a0de Uru\u00e7uca<\/p>\n<p id=\"yui_3_16_0_ym19_1_1469658009539_15236\" class=\"yiv3945077233MsoNormal\"><b id=\"yui_3_16_0_ym19_1_1469658009539_15296\"><span id=\"yui_3_16_0_ym19_1_1469658009539_15295\">Sexta-feira, 29 de julho | 16h | Casa Azul (Serra Grande)<\/span><\/b><span id=\"yui_3_16_0_ym19_1_1469658009539_15298\">,\u00a0com presen\u00e7a de pr\u00e9-candidatos\u00a0de sociedade civil e pr\u00e9-candidatos de Uru\u00e7uca, Itacar\u00e9 e Mara\u00fa<\/span><\/p>\n<\/div>\n<\/div>\n<\/div>\n<\/div>\n<\/div>\n<\/div>\n<\/div>\n<p><!--more--><\/p>\n<p><!--more--><\/p>\n<p><!--more--><\/p>\n<p><!--more--><\/p>\n<p><!--more--><\/p>\n<p><!--more--><\/p>\n<p><!--more--><\/p>\n<p><!--more--><\/p>\n<p><!--more--><\/p>\n<p>&nbsp;<\/p>\n","protected":false},"excerpt":{"rendered":"<p>A poucos meses das elei\u00e7\u00f5es municipais, o Instituto Nossa Ilh\u00e9us (INI) inicia a apresenta\u00e7\u00e3o do Programa Cidades Sustent\u00e1veis (PCS) nos 26 munic\u00edpios do Territ\u00f3rio Litoral Sul. Entre os dias 27 e 29 deste m\u00eas ser\u00e1 a vez de pr\u00e9-candidatos ao legislativo e ao executivo de Camac\u00e3, Pau Brasil, S\u00e3o Jos\u00e9 da Vit\u00f3ria, Mascote, Canavieiras, Santa [&hellip;]<\/p>\n","protected":false},"author":2,"featured_media":0,"comment_status":"open","ping_status":"open","sticky":false,"template":"","format":"standard","meta":{"_links_to":"","_links_to_target":""},"categories":[13],"tags":[],"_links":{"self":[{"href":"https:\/\/www.r2cpress.com.br\/v1\/wp-json\/wp\/v2\/posts\/102403"}],"collection":[{"href":"https:\/\/www.r2cpress.com.br\/v1\/wp-json\/wp\/v2\/posts"}],"about":[{"href":"https:\/\/www.r2cpress.com.br\/v1\/wp-json\/wp\/v2\/types\/post"}],"author":[{"embeddable":true,"href":"https:\/\/www.r2cpress.com.br\/v1\/wp-json\/wp\/v2\/users\/2"}],"replies":[{"embeddable":true,"href":"https:\/\/www.r2cpress.com.br\/v1\/wp-json\/wp\/v2\/comments?post=102403"}],"version-history":[{"count":2,"href":"https:\/\/www.r2cpress.com.br\/v1\/wp-json\/wp\/v2\/posts\/102403\/revisions"}],"predecessor-version":[{"id":102405,"href":"https:\/\/www.r2cpress.com.br\/v1\/wp-json\/wp\/v2\/posts\/102403\/revisions\/102405"}],"wp:attachment":[{"href":"https:\/\/www.r2cpress.com.br\/v1\/wp-json\/wp\/v2\/media?parent=102403"}],"wp:term":[{"taxonomy":"category","embeddable":true,"href":"https:\/\/www.r2cpress.com.br\/v1\/wp-json\/wp\/v2\/categories?post=102403"},{"taxonomy":"post_tag","embeddable":true,"href":"https:\/\/www.r2cpress.com.br\/v1\/wp-json\/wp\/v2\/tags?post=102403"}],"curies":[{"name":"wp","href":"https:\/\/api.w.org\/{rel}","templated":true}]}}