{"id":102408,"date":"2016-07-28T11:17:06","date_gmt":"2016-07-28T14:17:06","guid":{"rendered":"http:\/\/www.r2cpress.com.br\/v1\/?p=102408"},"modified":"2016-07-28T11:17:06","modified_gmt":"2016-07-28T14:17:06","slug":"i-encontro-de-ex-ceplaqueanos","status":"publish","type":"post","link":"https:\/\/www.r2cpress.com.br\/v1\/2016\/07\/28\/i-encontro-de-ex-ceplaqueanos\/","title":{"rendered":"I ENCONTRO DE EX-CEPLAQUEANOS"},"content":{"rendered":"<h1 style=\"text-align: center;\"><strong>SALVADOR &#8211; BAHIA<\/strong><\/h1>\n<div id=\"attachment_102409\" style=\"width: 610px\" class=\"wp-caption aligncenter\"><a href=\"http:\/\/www.r2cpress.com.br\/v1\/wp-content\/uploads\/2016\/07\/ENCONTRO-CEPLAQUEANOS.jpg\"><img aria-describedby=\"caption-attachment-102409\" loading=\"lazy\" class=\"size-full wp-image-102409\" src=\"http:\/\/www.r2cpress.com.br\/v1\/wp-content\/uploads\/2016\/07\/ENCONTRO-CEPLAQUEANOS.jpg\" alt=\"ENCONTRO CEPLAQUEANOS\" width=\"600\" height=\"448\" srcset=\"https:\/\/www.r2cpress.com.br\/v1\/wp-content\/uploads\/2016\/07\/ENCONTRO-CEPLAQUEANOS.jpg 600w, https:\/\/www.r2cpress.com.br\/v1\/wp-content\/uploads\/2016\/07\/ENCONTRO-CEPLAQUEANOS-300x224.jpg 300w\" sizes=\"(max-width: 600px) 100vw, 600px\" \/><\/a><p id=\"caption-attachment-102409\" class=\"wp-caption-text\">ENCONTRO CEPLAQUEANOS<\/p><\/div>\n<h2 style=\"text-align: center;\">\u00a0<strong>O TEMPO URGE E SE APROXIMA O NOSSO ENCONTRO<\/strong>.<\/h2>\n<p>(1) <strong>Dia\u00a017\u00a0DE AGOSTO<\/strong>, JANTAR NO SOL VICTORIA MARINA (Av. Sete, 2068). Para tal \u00e9 preciso confirma\u00e7\u00e3o para o c\u00e1lculo do quantitativo pelo Hotel. Isso \u00e9 importante. A Maria Helena est\u00e1 organizando o jantar junto ao Hotel. Confirmem com ela: 71.3336-9769<\/p>\n<p>(2) <strong>DIA 18 DE AGOSTO<\/strong>, lan\u00e7amento do livro \u2013 TRIBUTO \u00c0 ANTIGA CEPLAC &#8211; QUE ser\u00e1\u00a0 na FAEB (FEDERA\u00c7\u00c3O DA AGRICULTURA). Contatar com Fernando Albiani: 71. 32420038.<\/p>\n<p style=\"text-align: center;\"><strong>AT\u00c9 L\u00c1!<\/strong><\/p>\n<p style=\"text-align: center;\"><strong>LUIZ FERREIRA DA SILVA<\/strong><\/p>\n<p style=\"text-align: center;\"><strong>luizferreira1937@gmail.com<\/strong><\/p>\n","protected":false},"excerpt":{"rendered":"<p>SALVADOR &#8211; BAHIA \u00a0O TEMPO URGE E SE APROXIMA O NOSSO ENCONTRO. (1) Dia\u00a017\u00a0DE AGOSTO, JANTAR NO SOL VICTORIA MARINA (Av. Sete, 2068). Para tal \u00e9 preciso confirma\u00e7\u00e3o para o c\u00e1lculo do quantitativo pelo Hotel. Isso \u00e9 importante. A Maria Helena est\u00e1 organizando o jantar junto ao Hotel. Confirmem com ela: 71.3336-9769 (2) DIA 18 [&hellip;]<\/p>\n","protected":false},"author":2,"featured_media":0,"comment_status":"open","ping_status":"open","sticky":false,"template":"","format":"standard","meta":{"_links_to":"","_links_to_target":""},"categories":[3,10],"tags":[],"_links":{"self":[{"href":"https:\/\/www.r2cpress.com.br\/v1\/wp-json\/wp\/v2\/posts\/102408"}],"collection":[{"href":"https:\/\/www.r2cpress.com.br\/v1\/wp-json\/wp\/v2\/posts"}],"about":[{"href":"https:\/\/www.r2cpress.com.br\/v1\/wp-json\/wp\/v2\/types\/post"}],"author":[{"embeddable":true,"href":"https:\/\/www.r2cpress.com.br\/v1\/wp-json\/wp\/v2\/users\/2"}],"replies":[{"embeddable":true,"href":"https:\/\/www.r2cpress.com.br\/v1\/wp-json\/wp\/v2\/comments?post=102408"}],"version-history":[{"count":1,"href":"https:\/\/www.r2cpress.com.br\/v1\/wp-json\/wp\/v2\/posts\/102408\/revisions"}],"predecessor-version":[{"id":102410,"href":"https:\/\/www.r2cpress.com.br\/v1\/wp-json\/wp\/v2\/posts\/102408\/revisions\/102410"}],"wp:attachment":[{"href":"https:\/\/www.r2cpress.com.br\/v1\/wp-json\/wp\/v2\/media?parent=102408"}],"wp:term":[{"taxonomy":"category","embeddable":true,"href":"https:\/\/www.r2cpress.com.br\/v1\/wp-json\/wp\/v2\/categories?post=102408"},{"taxonomy":"post_tag","embeddable":true,"href":"https:\/\/www.r2cpress.com.br\/v1\/wp-json\/wp\/v2\/tags?post=102408"}],"curies":[{"name":"wp","href":"https:\/\/api.w.org\/{rel}","templated":true}]}}