{"id":102432,"date":"2016-07-29T20:00:28","date_gmt":"2016-07-29T23:00:28","guid":{"rendered":"http:\/\/www.r2cpress.com.br\/v1\/?p=102432"},"modified":"2016-07-29T09:25:35","modified_gmt":"2016-07-29T12:25:35","slug":"do-fundo-do-bau-de-jose-leite-250","status":"publish","type":"post","link":"https:\/\/www.r2cpress.com.br\/v1\/2016\/07\/29\/do-fundo-do-bau-de-jose-leite-250\/","title":{"rendered":"DO FUNDO DO BA\u00da DE JOS\u00c9 LEITE."},"content":{"rendered":"<p><center><img loading=\"lazy\" src=\"http:\/\/www.r2cpress.com.br\/v1\/wp-content\/uploads\/Novo-visual-do-Bau_400L21.jpg\" width=\"400\" height=\"320\" class=\"aligncenter\" \/><br \/>\n<strong>1)\tFLASH DO 8\u00ba FESTIVAL DO CHOCOLATE.<br \/>\n2)\tHOMENAGEM DUPLA PARA O COMERCIANTE DO ANO 2016.<br \/>\n3)\tJOVENS QUE PARTICIPARAM E COLABORARAM COM A ORGANIZA\u00c7\u00c3O JOS\u00c9 LEITE DE SOUZA NOS \u00daLTIMOS 50 ANOS (PARTE 13).<br \/>\n4)\tAS FOTOS DESTAQUES DA SEMANA.<\/strong><\/center><\/p>\n<p><!--more--><\/p>\n<p><b><center>**************************************************************************<\/center><\/b><\/p>\n<p><b><center> 1) FLASH DO 8\u00ba FESTIVAL DO CHOCOLATE. <\/center><\/b><\/p>\n<p>Aconteceu de 21 a 24 de Julho de 2016 o 8\u00ba FESTIVAL INTERNACIONAL DO CHOCOLATE E CACAU NO CENTRO DE CONVEN\u00c7\u00d5ES DE ILH\u00c9US que ficou lotado durante os dias do Evento, JOS\u00c9 LEITE estava l\u00e1! Observe as fotos abaixo.<\/p>\n<div style=\"width: 610px\" class=\"wp-caption aligncenter\"><img loading=\"lazy\" src=\"https:\/\/lh3.googleusercontent.com\/-RCmcPPg7I-k\/V5sxqDOLjKI\/AAAAAAABuaI\/mDAYmKoyMbEQMY23XPc_g31u94Vzs8BIgCCo\/s600\/1.jpg\" width=\"600\" height=\"500\" class \/><p class=\"wp-caption-text\">Stand com amigos e fabricantes de chocolate. Um futuro de Progresso para ILH\u00c9US e Regi\u00e3o poder\u00e1 acontecer com a fabrica\u00e7\u00e3o de chocolates finos, mas com um detalhe; os pre\u00e7os continuam salgados. Uma sugest\u00e3o: no \u00faltimo dia do evento os expositores poderiam fazer uma promo\u00e7\u00e3o, por exemplo, as barrinhas que custavam R$ 18,00 fossem vendidas por R$ 15,00, o que n\u00e3o aconteceu. Quem sabe no pr\u00f3ximo Congresso?<\/p><\/div>\n<div style=\"width: 610px\" class=\"wp-caption aligncenter\"><img loading=\"lazy\" src=\"https:\/\/lh3.googleusercontent.com\/-oxkX25NAhGo\/V5sxrRy34NI\/AAAAAAABuaI\/oMCTU8SWQS8TFuCEUwAO-2O39-yjokhxgCCo\/s600\/2.jpg\" width=\"600\" height=\"500\" class \/><p class=\"wp-caption-text\">No Stand da HARALD aparece o chef ANDR\u00c9 BISPO (o segundo da esquerda para a direita) e sua equipe com o Prefeito Interino de ILH\u00c9US, CAC\u00c1 COLCH\u00d5ES.<\/p><\/div>\n<div style=\"width: 610px\" class=\"wp-caption aligncenter\"><img loading=\"lazy\" src=\"https:\/\/lh3.googleusercontent.com\/-0XZP0iJTj0c\/V5sxrctPJaI\/AAAAAAABuaI\/KFw11blKU6Ixm4vgzFbZesidVkFOhI7sgCCo\/s600\/3.jpg\" width=\"600\" height=\"500\" class \/><p class=\"wp-caption-text\">JOS\u00c9 LEITE e a Senadora L\u00cdDICE DA MATTA (PSB) autora do Projeto de Lei do Senado 93\/2015 que prev\u00ea um percentual m\u00ednimo de 35\u00ba de CACAU PURO NOS CHOCOLATES PRODUZIDOS E VENDIDOS NO BRASIL. JOS\u00c9 LEITE solicitou da Senadora uma Emenda Parlamentar para a constru\u00e7\u00e3o de duas PASSARELAS, uma na entrada do VILELA e outra no come\u00e7o da rodovia ILH\u00c9US OLIVEN\u00c7A.<\/p><\/div>\n<p><b><center> 2) HOMENAGEM \u201cDUPLA\u201d PARA O COMERCIANTE DO ANO 2016. <\/center><\/b><\/p>\n<p>No \u00faltimo dia 20 de Julho foram homenageados como COMERCIANTES DO ANO 2016, os amigos JOS\u00c9 CARLOS CRUZ SILVEIRA (DUD\u00da) do Grupo TOPADA CAL\u00c7ADOS e LUIZ S\u00c9RGIO NETO VELANES (Grupo VELANES, FARM\u00c1CIA E PERFUMARIA). As homenagens foram feitas pelas entidades que representam o Com\u00e9rcio: ASSOCIA\u00c7\u00c3O COMERCIAL DE ILH\u00c9US, CDL DE ILH\u00c9US e SICOM\u00c9RCIO. Observe nas fotos abaixo:<\/p>\n<div style=\"width: 610px\" class=\"wp-caption aligncenter\"><img loading=\"lazy\" src=\"https:\/\/lh3.googleusercontent.com\/-OPD6RJTplgI\/V5sxrvKQy0I\/AAAAAAABuaI\/xZzbgtnBbOE-bIfY7sMhfxC-ibdjxlIIgCCo\/s600\/4.jpg\" width=\"600\" height=\"500\" class \/><p class=\"wp-caption-text\">Da esquerda para a direita: CLOVIS JUNIOR (Presidente da CDL), S\u00c9RGIO VELANES, JOS\u00c9 CARLOS (DUD\u00da) e ANT\u00d4NIO MARCOS (Presidente da ASSOCIA\u00c7\u00c3O COMERCIAL DE ILH\u00c9US). (Foto: 20-07-2016).<\/p><\/div>\n<div style=\"width: 610px\" class=\"wp-caption aligncenter\"><img loading=\"lazy\" src=\"https:\/\/lh3.googleusercontent.com\/-aFB61Fzp-6k\/V5sxsaMQs5I\/AAAAAAABuaI\/F_CVL8J-CbwX8IQAQccaD1ciygdOXcN5gCCo\/s600\/5.jpg\" width=\"600\" height=\"500\" class \/><p class=\"wp-caption-text\">ANT\u00d4NIO COSTA (Presidente do SICOMERCIO) ladeado pelos homenageados S\u00c9RGIO VELANES e JOS\u00c9 CARLOS CRUZ SILVEIRA (DUD\u00da).<\/p><\/div>\n<div style=\"width: 610px\" class=\"wp-caption aligncenter\"><img loading=\"lazy\" src=\"https:\/\/lh3.googleusercontent.com\/-LhH1kKDpofE\/V5sxsBbJVmI\/AAAAAAABuaI\/3TXF0xZ0zsEnhbW71WSW2KvKAmSBNbuzwCCo\/s600\/6.jpeg\" width=\"600\" height=\"500\" class \/><p class=\"wp-caption-text\">Para S\u00c9RGIO VELANES a homenagem foi dupla porque foi tamb\u00e9m escolhido como comerciante do ano 2016 pela FEDERA\u00c7\u00c3O DO COM\u00c9RCIO DA BAHIA. A festa foi realizada na \u00faltima quarta feira (27-07-2016) na Casa do Com\u00e9rcio em SALVADOR.<br \/>\nPARAB\u00c9NS AMIGO!<br \/><\/p><\/div>\n<div style=\"width: 610px\" class=\"wp-caption aligncenter\"><img loading=\"lazy\" src=\"https:\/\/lh3.googleusercontent.com\/-4GoFuSkyXN8\/V5sxtNwHL3I\/AAAAAAABuaI\/kivrnTGRBsYEAvU7CX9jQpgksV4S33Y2wCCo\/s600\/7.jpg\" width=\"600\" height=\"500\" class \/><p class=\"wp-caption-text\">Na foto: S\u00c9RGIO VELANES recebendo o Diploma de COMERCIANTE DO ANO 2016 NA CASA DO COM\u00c9RCIO (SALVADOR) na \u00faltima quarta feira (27-07-2016). O evento foi promovido pela FECOM\u00c9RCIO \u2013 BA.<\/p><\/div>\n<p><b><center> 3) JOVENS QUE PARTICIPARAM E COLABORARAM COM A ORGANIZA\u00c7\u00c3O JOS\u00c9 LEITE DE SOUZA NOS \u00daLTIMOS 50 ANOS (PARTE 13). <\/center><\/b><\/p>\n<div style=\"width: 610px\" class=\"wp-caption aligncenter\"><img loading=\"lazy\" src=\"https:\/\/lh3.googleusercontent.com\/-bAQjJh1UJN8\/V5sxsklxX7I\/AAAAAAABuaI\/8fesu-mkt3AUA-6Oxc3NY2i_twTYPPvbQCCo\/s600\/8.jpg\" width=\"600\" height=\"500\" class \/><p class=\"wp-caption-text\">Jovens que trabalharam na JOALHERIA A P\u00c9ROLA, \u00d3TICA CRUZEIRO ou \u00d3TICA SAFIRA nos anos 2000. Na foto, parte superior: CRISTIANE OLIVEIRA NASCIMENTO e LUCIANA SANTOS DE MATOS, na parte inferior est\u00e1 VANESSA MENDES MAIA.<\/p><\/div>\n<div style=\"width: 610px\" class=\"wp-caption aligncenter\"><img loading=\"lazy\" src=\"https:\/\/lh3.googleusercontent.com\/-hL8BQX4KzIY\/V5sxs8RYJFI\/AAAAAAABuaI\/HhoVuwh22AEI_acEzOM0I0KIewsHTwjDwCCo\/s600\/9.jpg\" width=\"600\" height=\"500\" class \/><p class=\"wp-caption-text\">Essas jovens trabalharam ou ainda trabalham na ORGANIZA\u00c7\u00c3O JOS\u00c9 LEITE DE SOUZA. Na foto, parte superior: ELAINE SANTOS CAVALCANTE e J\u00c9SSICA MAGALH\u00c3ES SANTOS, na parte inferior est\u00e3o VANESSA APARECIDA DE MELO DA SILVA SANTOS e \u00c2NGELA GON\u00c7ALVES DOS SANTOS MORAES. A ORGANIZA\u00c7\u00c3O JOS\u00c9 LEITE DE SOUZA agradece a todos e a todas que t\u00e3o bem desempenharam seu trabalho, e deseja a todas e a todos, muitos anos de vida! OBS. A ORGANIZA\u00c7\u00c3O JOS\u00c9 LEITE DE SOUZA, NO PR\u00d3XIMO M\u00caS DE SETEMBRO, COMEMORAR\u00c1 50 ANOS DE FUNDADA.<\/p><\/div>\n<p><b><center> 4) AS FOTOS DESTAQUES DA SEMANA. <\/center><\/b><\/p>\n<div style=\"width: 610px\" class=\"wp-caption aligncenter\"><img loading=\"lazy\" src=\"https:\/\/lh3.googleusercontent.com\/-mcaG7qQ62tI\/V5sxqUzkkBI\/AAAAAAABuaI\/XC-PeWgCvQo4rRt2NwTddGyHQd_6t1wvQCCo\/s600\/10.jpeg\" width=\"600\" height=\"500\" class \/><p class=\"wp-caption-text\">No \u00faltimo dia 21 de Julho o General ARTUR COSTA MOURA, (Comandante da 6\u00aa Regi\u00e3o Militar) recebeu uma Comiss\u00e3o na 18\u00aa CSM em ILH\u00c9US para tratar do retorno do TIRO DE GUERRA DE ILH\u00c9US. Participaram da Comiss\u00e3o o Ex. Instrutor do TIRO DE GUERRA DE ILH\u00c9US ANT\u00d4NIO BEZERRA e os Ex. Atiradores JOS\u00c9 LEITE DE SOUZA e  EDVALDO TELES DE SOUZA (PEL\u00c9).  O General MOURA demonstrou muito interesse e tudo indica que no pr\u00f3ximo ano o TIRO DE GUERRA DE ILH\u00c9US retorne. Com ajuda e apoio da Prefeitura Municipal, se n\u00e3o? Na foto acima, da esquerda para a direita: EDUARDO TELES DE SOUZA (PEL\u00c9), General ARTUR COSTA MOURA, ANT\u00d4NIO BEZERRA, JOS\u00c9 LEITE DE SOUZA e o Tenente Coronel LUIZ CL\u00c1UDIO XAVIER SERRA, chefe da 18\u00aa CSM \u2013 ILH\u00c9US.<\/p><\/div>\n<div style=\"width: 610px\" class=\"wp-caption aligncenter\"><img loading=\"lazy\" src=\"https:\/\/lh3.googleusercontent.com\/-hZP_bADwx7c\/V5sxqKAkieI\/AAAAAAABuaI\/q5FrXuradXwoFzmwUpcMfMLd0Xa2R1NDACCo\/s600\/11.jpeg\" width=\"600\" height=\"500\" class \/><p class=\"wp-caption-text\">Duas datas importantes no calend\u00e1rio de JOS\u00c9 LEITE, 2 de Agosto, seu anivers\u00e1rio e 3 de Agosto, anivers\u00e1rio do saudoso amigo POPOFF. Na foto: o Ex. Governador da BAHIA, ROBERTO SANTOS ladeado pelos dois aniversariantes. (Foto: 13-03-2013).<\/p><\/div>\n<div style=\"width: 610px\" class=\"wp-caption aligncenter\"><img loading=\"lazy\" src=\"https:\/\/lh3.googleusercontent.com\/-JaKa1g0tugs\/V5sxqnP0gMI\/AAAAAAABuaI\/-T3FFDII3d8IZvF7U75kbZNuAmVh6WqCQCCo\/s600\/12.jpeg\" width=\"600\" height=\"500\" class \/><p class=\"wp-caption-text\">Falando em datas, precisamente hoje (29-07-2016) faz 5 anos que JOS\u00c9 LEITE perdeu um dos seus melhores amigos. FRANCISCO JOS\u00c9 QUIRINO conhecido por QUIRINO de JUAZEIRO DO NORTE.<\/p><\/div>\n<div style=\"width: 610px\" class=\"wp-caption aligncenter\"><img loading=\"lazy\" src=\"https:\/\/lh3.googleusercontent.com\/-nzK9UDP0rzg\/V5sxqzOUu9I\/AAAAAAABuaI\/9Zk5iNLPYKQwunpAhELfbviMK23Op2yzQCCo\/s600\/13.jpg\" width=\"600\" height=\"500\" class \/><p class=\"wp-caption-text\">A famosa Cantora VILMA LUZ (foto) com agenda cheia para o m\u00eas de Agosto\/2016. PARAB\u00c9NS AMIGA! Na foto, com o Jornalista MARCOS PENNHA.<\/p><\/div>\n<div style=\"width: 610px\" class=\"wp-caption aligncenter\"><img loading=\"lazy\" src=\"https:\/\/lh3.googleusercontent.com\/-aS44SW-8XR8\/V5sxqxEwPUI\/AAAAAAABuaI\/GkCJQhK6K6QsB4UxJJ2a9qGX3DmPrLwaQCCo\/s600\/14.jpeg\" width=\"600\" height=\"500\" class \/><p class=\"wp-caption-text\">Mais uma foto in\u00e9dita do FUNDO DO BA\u00da DE JOS\u00c9 LEITE. Inaugura\u00e7\u00e3o do cal\u00e7amento a PARALEP\u00cdPEDOS da Rua CONSELHEIRO DANTAS em ILH\u00c9US. Na foto: o Conselheiro e Coronel AURELIANO BRAND\u00c3O corta a fita de frente ao seu PALACETE, esquina com a PRA\u00c7A CORONEL PESSOA. O 6\u00ba da esquerda para a direita (palet\u00f3 preto com len\u00e7o branco) \u00e9 o Intendente (Prefeito) Dr. MARIO PESSOA.<br \/>\n(Foto: 15-11-1925).<br \/><\/p><\/div>\n<p><b><center>E NO MAIS&#8230; <\/center><\/b><\/p>\n<div style=\"width: 610px\" class=\"wp-caption aligncenter\"><img loading=\"lazy\" src=\"https:\/\/lh3.googleusercontent.com\/-gOr0aJX733I\/V5sxrUjwUPI\/AAAAAAABuaI\/6x9n8q7uo44b1Ps2GJ_U1ehzCBtF224SQCCo\/s600\/15.jpg\" width=\"600\" height=\"500\" class \/><p class=\"wp-caption-text\">A Galera do BAR DO ZEQUITO n\u00e3o brinca, e j\u00e1 est\u00e3o falando que ZEQUITO chegou no C\u00e9u e encontrou o saudoso LOURENCINHO na foto (camisa azul e bon\u00e9 vermelho) e falou que ficou uma conta dele no bar sem pagar.<\/p><\/div>\n<p>&#8212;<br \/>\n<span style=\"color: blue;\"><b>Para ver o BA\u00da da semana passada clique<\/b><a href=\"http:\/\/www.r2cpress.com.br\/v1\/2016\/07\/22\/do-fundo-do-bau-de-jose-leite-249\/\" target=\"_news\"><b> AQUI.<\/b><\/a><\/span><\/p>\n<p>&#8212;<br \/>\nTexto e fotos: Jos\u00e9 Leite de Souza<br \/>\njleitesouza@hotmail.com<br \/>\n(73) 3634-3134<\/p>\n","protected":false},"excerpt":{"rendered":"<p>1) FLASH DO 8\u00ba FESTIVAL DO CHOCOLATE. 2) HOMENAGEM DUPLA PARA O COMERCIANTE DO ANO 2016. 3) JOVENS QUE PARTICIPARAM E COLABORARAM COM A ORGANIZA\u00c7\u00c3O JOS\u00c9 LEITE DE SOUZA NOS \u00daLTIMOS 50 ANOS (PARTE 13). 4) AS FOTOS DESTAQUES DA SEMANA.<\/p>\n","protected":false},"author":2,"featured_media":0,"comment_status":"open","ping_status":"open","sticky":false,"template":"","format":"standard","meta":{"_links_to":"","_links_to_target":""},"categories":[10],"tags":[],"_links":{"self":[{"href":"https:\/\/www.r2cpress.com.br\/v1\/wp-json\/wp\/v2\/posts\/102432"}],"collection":[{"href":"https:\/\/www.r2cpress.com.br\/v1\/wp-json\/wp\/v2\/posts"}],"about":[{"href":"https:\/\/www.r2cpress.com.br\/v1\/wp-json\/wp\/v2\/types\/post"}],"author":[{"embeddable":true,"href":"https:\/\/www.r2cpress.com.br\/v1\/wp-json\/wp\/v2\/users\/2"}],"replies":[{"embeddable":true,"href":"https:\/\/www.r2cpress.com.br\/v1\/wp-json\/wp\/v2\/comments?post=102432"}],"version-history":[{"count":2,"href":"https:\/\/www.r2cpress.com.br\/v1\/wp-json\/wp\/v2\/posts\/102432\/revisions"}],"predecessor-version":[{"id":102434,"href":"https:\/\/www.r2cpress.com.br\/v1\/wp-json\/wp\/v2\/posts\/102432\/revisions\/102434"}],"wp:attachment":[{"href":"https:\/\/www.r2cpress.com.br\/v1\/wp-json\/wp\/v2\/media?parent=102432"}],"wp:term":[{"taxonomy":"category","embeddable":true,"href":"https:\/\/www.r2cpress.com.br\/v1\/wp-json\/wp\/v2\/categories?post=102432"},{"taxonomy":"post_tag","embeddable":true,"href":"https:\/\/www.r2cpress.com.br\/v1\/wp-json\/wp\/v2\/tags?post=102432"}],"curies":[{"name":"wp","href":"https:\/\/api.w.org\/{rel}","templated":true}]}}