{"id":102439,"date":"2016-07-29T14:05:13","date_gmt":"2016-07-29T17:05:13","guid":{"rendered":"http:\/\/www.r2cpress.com.br\/v1\/?p=102439"},"modified":"2016-07-29T14:06:51","modified_gmt":"2016-07-29T17:06:51","slug":"noticias-da-avep-80","status":"publish","type":"post","link":"https:\/\/www.r2cpress.com.br\/v1\/2016\/07\/29\/noticias-da-avep-80\/","title":{"rendered":"NOT\u00cdCIAS DA AVEP"},"content":{"rendered":"<p><center><img loading=\"lazy\" class=\"aligncenter\" src=\"http:\/\/www.r2cpress.com.br\/v1\/wp-content\/uploads\/CART%C3%83O-HECKEL-AVEP-300x115.jpg\" alt=\"\" width=\"300\" height=\"115\" \/><\/center><\/p>\n<h2 style=\"text-align: center;\"><span style=\"color: #008000;\"><strong>CAPIT\u00c3ES CAIO E CRISPA DA GALERA DO FLA GANHAM NA <\/strong><\/span><\/h2>\n<h2 style=\"text-align: center;\"><span style=\"color: #008000;\"><strong>14\u00aa RODADA<\/strong><\/span><\/h2>\n<div style=\"width: 610px\" class=\"wp-caption aligncenter\"><img loading=\"lazy\" class=\"\" src=\"https:\/\/lh3.googleusercontent.com\/-i2bcWiLYs28\/V5uEpR2qXdI\/AAAAAAABuac\/jyKx2RibULMAj3mAS71pHK5GAKREI9NpwCCo\/s600\/2.jpg\" alt=\"\" width=\"600\" height=\"449\" \/><p class=\"wp-caption-text\">01<\/p><\/div>\n<div style=\"width: 610px\" class=\"wp-caption aligncenter\"><img loading=\"lazy\" class=\"\" src=\"https:\/\/lh3.googleusercontent.com\/-ymk6oVAO73s\/V5uEpSrikLI\/AAAAAAABuas\/ZYqsmCAFtmwBySRVT6WflGMITwhVb17owCCo\/s600\/3.jpg\" alt=\"\" width=\"600\" height=\"449\" \/><p class=\"wp-caption-text\">02<\/p><\/div>\n<div style=\"width: 610px\" class=\"wp-caption aligncenter\"><img loading=\"lazy\" class=\"\" src=\"https:\/\/lh3.googleusercontent.com\/-q_Qk_q2JqYY\/V5uEpS0aZYI\/AAAAAAABuas\/HL8XOMTpzzQYS0P0MV2I7L_MRm6lzdu7QCCo\/s600\/1.jpg\" alt=\"\" width=\"600\" height=\"449\" \/><p class=\"wp-caption-text\">03<\/p><\/div>\n<div style=\"width: 610px\" class=\"wp-caption aligncenter\"><img loading=\"lazy\" class=\"\" src=\"https:\/\/lh3.googleusercontent.com\/-KC7q3YvPwdI\/V5uEpybokRI\/AAAAAAABuas\/KvkxwOwk3gQ04dJ_1r28h7VPN18dFBaFACCo\/s600\/4.jpg\" alt=\"\" width=\"600\" height=\"449\" \/><p class=\"wp-caption-text\">04<\/p><\/div>\n<div style=\"width: 610px\" class=\"wp-caption aligncenter\"><img loading=\"lazy\" class=\"\" src=\"https:\/\/lh3.googleusercontent.com\/-YU4OGe-bgJw\/V5uEqKV0Z0I\/AAAAAAABuas\/HgBsa_WZjVka7ccxIk4blZ086XHAr1e6wCCo\/s600\/5.jpg\" alt=\"\" width=\"600\" height=\"431\" \/><p class=\"wp-caption-text\">05<\/p><\/div>\n<p>Domingo(24) pela manh\u00e3, com a mar\u00e9 meia-boca, ou seja, cheia e iniciando a vazar &#8211; \u00a0com campos estreitos, portanto -, aconteceu o in\u00edcio da 14\u00aa rodada de \u201cbabas de praia\u201d da Associa\u00e7\u00e3o dos Veteranos de Esporte Praiano em que no Campo Grimaldo a equipe do Capit\u00e3o Caio goleou pelo escore de 6 a 0 a do Capit\u00e3o Lu\u00eds Humberto. Os gols: Zezinho da Baixa Fria (2), o pr\u00f3prio Caio, Z\u00e9 Eduardo, Melga\u00e7o e Tabosa. No Campo Martial outra goleada esteve em curso com o time do Capit\u00e3o Crispa da Galera do Fla fazendo 6 a 3 no do Capit\u00e3o Slaibi. Os gols do quadro do Cap. Crispa foram de Nilton do BB (3), Pescador (2) e do pr\u00f3prio capita Crispa da Galera Fla; para o do Cap. Slaibi fizeram os atacantes Ralio (2) e Carqueija.<\/p>\n<p>Dirigiram as partidas os ju\u00edzes Wilson Salviano (Campo Grimaldo) e Evanildo Campos Santos com atua\u00e7\u00f5es boas. Receberam Cart\u00e3o Amarelo os atletas: Passos de Uru\u00e7uca, Slaibi, Charles e Carl\u00e3o. Local, o de costume, o de costume: praia da Av. Soares Lopes, imedia\u00e7\u00f5es da Tenda Teatro Popular de Ilh\u00e9us.<\/p>\n<p><strong><em>Equipes no Campo Grimaldo<\/em><\/strong><\/p>\n<p><!--more--><\/p>\n<p><strong><em>(Capit\u00e3o Caio):<\/em><\/strong><em>\u00a0 Jamilton, Jakson Tiuba, Prof. Jorge Reis, Melga\u00e7o, Z\u00e9 Eduardo, Danilo, Adauto, Caio, Rogerio Midlej(Tabosa entrou aos 25\u2019 do 2\u00ba T), Garrancho e Zezinho da Baixa Fria<\/em><\/p>\n<p><strong><em>(Capit\u00e3o Lu\u00eds Humberto):<\/em><\/strong><em> Rosivaldo, Luciano, Silva, Eduardo Japon\u00eas, Heckel Janu\u00e1rio (Mario Filho entrou aos 5\u2019 do 2\u00ba T), Zugaib(Sena entrou no intervalo), Cesinha (Lu\u00eds Mario entrou no intervalo), Marconi, Lu\u00eds Humberto, Ismar e\u00a0 Duda Pantera<\/em><\/p>\n<p><strong><em>Equipes no Campo Martial<\/em><\/strong><\/p>\n<p><strong><em>(Capit\u00e3o Slaibi):<\/em><\/strong><em> Fabio, Dinho, Djalma Peludo, Gicelio(Erisvan entrou no intervalo), Silvio Reis(Wagner entrou no inervalo), Slaibi, Pod\u00e3o, Charles, Lu\u00eds Eduardo, Carqueija(Vado entrou no intervalo) e Ralio<\/em><\/p>\n<p><strong><em>(Capit\u00e3o Crispa da Galera do Fla):<\/em><\/strong><em> Marcelo, Galletti, Robert\u00e3o, Torisco do HSBC(Paulo Melo entrou no intervalo), Haroldo(Paulo Gois aos 25\u2019 do 1\u00ba\u00a0 T), Passos de Uru\u00e7uca, Major, Nilton do BB, Pescador, Carl\u00e3o e Crispa da Galera do Fla.<\/em><\/p>\n<p><strong>COMENT\u00c1RIOS<\/strong><\/p>\n<p>Seguido o velho lema no futebol que time que perde de goleada n\u00e3o t\u00eam argumentos a justificar, os analistas acharam que no Campo Grimaldo n\u00e3o houve destaque no time do Cap. Lu\u00eds Humberto, ali\u00e1s conclu\u00edram que esta equipe fora um vexame total do princ\u00edpio ao fim da partida, pois ningu\u00e9m se entendia, parecendo n\u00e3o haver concatena\u00e7\u00e3o entre a defesa o meio e o ataque.\u00a0 E n\u00e3o escapou nem o goleiro, pois, aceitou uma bola f\u00e1cil, tomou um frango, como se diz. J\u00e1 a equipe do Cap. Caio, impressionante, todos de cabo a rabo jogaram bem. Com destaque al\u00e9m da conta para os volantes Adauto, o pr\u00f3prio Caio, o meia Rog\u00e9rio Midlej e o atacante Zezinho da Baixa Fria. No Campo Martial o time do Cap. Crispa da Galera do Fla n\u00e3o foi l\u00e1 esses assombros mais venceu com certa facilidade o do Cap. Slaibi, e todos jogaram um bom futebol, notadamente o volante Pescador e os meias Carl\u00e3o e Nilton do BB. Ali\u00e1s, esses tr\u00eas atletas v\u00eam jogando bem desde as tr\u00eas partidas anteriores. \u00a0Finalizaram destacando Pescador como o melhor em campo; Nilton do BB, como autor de 3 gols, afirmaram que o atleta por direito, solicitara por meio do zap o pedido de m\u00fasica ao Fant\u00e1stico. No quadro perdedor sobressa\u00edram-se pelos gols assinalados os atacantes Ralio e Cerqueira.<\/p>\n<p><strong>NOTAS<\/strong><\/p>\n<p>Anotaram que o meia de liga\u00e7\u00e3o Rogerio Midlej ia tomando um \u201cbanho de cuia\u201d do meia-atacante Marconi, mas acabou, esperto e com \u201ctrezentos anos de praia\u201d nas costas, ao inv\u00e9s de tomar, dando este drible no intencionado advers\u00e1rio. Com refer\u00eancia a este meia registraram ainda que, tocando a bola com precis\u00e3o e categoria s\u00f3 n\u00e3o receberia nota 10 na rodada, em raz\u00e3o de haver perdido um gol cara a cara com o goleiro.<\/p>\n<p>Constataram, de acordo estat\u00edstica, que o lateral direito Prof. Jorge Reis(agora atuando como \u00a0adjunto de beque de meio) \u00e9 o atleta com a melhor performance na competi\u00e7\u00e3o, \u00a0pois de 11 rodadas que participara, obteve 9 vit\u00f3rias, um empate e uma derrota. E deduziram que n\u00e3o \u00e9 \u00e0-toa que o Capit\u00e3o Caio, sagaz na escolha dos babas e fazendo uma excelente campanha como capit\u00e3o, nas oportunidades nunca deixa de escolhe-lo.<\/p>\n<p>Aventaram os analistas que o atacante Ismar vem marcando gols em todos as partidas, mas na desta rodada n\u00e3o fez nada, absolutamente nada. \u00a0Ele andou botando a culpa no time, com certa raz\u00e3o, mas como ele fazia parte deste time&#8230; O fato \u00e9 que os pesquisadores de plant\u00e3o descobriram que o motivo do fiasco nos gols foi uma tal de noitada, n\u00e3o se sabe onde, do atleta na v\u00e9spera da rodada.<\/p>\n<p>A Cesta da Fraternidade da pr\u00f3xima rodada, dia 7 de agosto, ser\u00e1 doada a uma entidade filantr\u00f3pica do Salobrinho. Em breve o vice-presidente da Avep, Paulo Gois, incumbido, divulgar\u00e1 o nome da referida institui\u00e7\u00e3o desta localidade ilheense e de seu representante legal.<\/p>\n<p><strong>NOTA TRISTE<\/strong><\/p>\n<p>Faleceu n\u00e3o faz muito <strong><em>Jos\u00e9 Pereira dos Santos<\/em><\/strong>, conhecido como <strong>Zequito<\/strong>. Ele era propriet\u00e1rio do <strong><em>Bar de Zequito<\/em><\/strong>, popular estabelecimento localizado na Pra\u00e7a Flor\u00eancio Gomes. Este botequim acolheu por muito tempo as comemora\u00e7\u00f5es da Avep e era ponto estrat\u00e9gico de beberica\u00e7\u00e3o dos avepianos ap\u00f3s os babas.<\/p>\n<p>Aos familiares, os sentimentos da fam\u00edlia avepiana.<\/p>\n<p><strong>BANDA PODRE EM A\u00c7\u00c3O<\/strong><\/p>\n<p>O promoter Zezinho da Baixa Fria anuncia para o dia 7 de setembro encontro da Banda Podre no est\u00e1dio Mario Pessoa. Assinala que os \u2018banheiristas\u2019 que se cuidem, pois haver\u00e1 bandeirinhas compondo a arbitragem. O valor da contribui\u00e7\u00e3o para cobrir despesas diversas de antes e depois do evento ser\u00e1 de 30,00 paus por part\u00edcipe.<\/p>\n<p><strong>LIVRO<\/strong><\/p>\n<p>O beque esquerdo \u2018atacativo\u2019 Jos\u00e9 Ramos da Cruz, conhecido como Ramos, um expoente da Avep \u2013inclusive autor da letra do hino avepiano (m\u00fasica de Maur\u00edcio Muniz) \u00ad\u2013\u00ad\u00ad, lan\u00e7ou o livro \u201cMensagens da F\u00e9\u201d dia 21.07.2016 na Loja Ma\u00e7\u00f4nica Regenera\u00e7\u00e3o Sul Baiano aqui de Ilh\u00e9us.<\/p>\n<p>Pre\u00e7o simb\u00f3lico: R$10,00 o exemplar<\/p>\n<p>A Diretoria avepiana em nome dos associados parabeniza o escritor<\/p>\n","protected":false},"excerpt":{"rendered":"<p>CAPIT\u00c3ES CAIO E CRISPA DA GALERA DO FLA GANHAM NA 14\u00aa RODADA Domingo(24) pela manh\u00e3, com a mar\u00e9 meia-boca, ou seja, cheia e iniciando a vazar &#8211; \u00a0com campos estreitos, portanto -, aconteceu o in\u00edcio da 14\u00aa rodada de \u201cbabas de praia\u201d da Associa\u00e7\u00e3o dos Veteranos de Esporte Praiano em que no Campo Grimaldo a [&hellip;]<\/p>\n","protected":false},"author":2,"featured_media":0,"comment_status":"open","ping_status":"open","sticky":false,"template":"","format":"standard","meta":{"_links_to":"","_links_to_target":""},"categories":[11],"tags":[],"_links":{"self":[{"href":"https:\/\/www.r2cpress.com.br\/v1\/wp-json\/wp\/v2\/posts\/102439"}],"collection":[{"href":"https:\/\/www.r2cpress.com.br\/v1\/wp-json\/wp\/v2\/posts"}],"about":[{"href":"https:\/\/www.r2cpress.com.br\/v1\/wp-json\/wp\/v2\/types\/post"}],"author":[{"embeddable":true,"href":"https:\/\/www.r2cpress.com.br\/v1\/wp-json\/wp\/v2\/users\/2"}],"replies":[{"embeddable":true,"href":"https:\/\/www.r2cpress.com.br\/v1\/wp-json\/wp\/v2\/comments?post=102439"}],"version-history":[{"count":3,"href":"https:\/\/www.r2cpress.com.br\/v1\/wp-json\/wp\/v2\/posts\/102439\/revisions"}],"predecessor-version":[{"id":102448,"href":"https:\/\/www.r2cpress.com.br\/v1\/wp-json\/wp\/v2\/posts\/102439\/revisions\/102448"}],"wp:attachment":[{"href":"https:\/\/www.r2cpress.com.br\/v1\/wp-json\/wp\/v2\/media?parent=102439"}],"wp:term":[{"taxonomy":"category","embeddable":true,"href":"https:\/\/www.r2cpress.com.br\/v1\/wp-json\/wp\/v2\/categories?post=102439"},{"taxonomy":"post_tag","embeddable":true,"href":"https:\/\/www.r2cpress.com.br\/v1\/wp-json\/wp\/v2\/tags?post=102439"}],"curies":[{"name":"wp","href":"https:\/\/api.w.org\/{rel}","templated":true}]}}